{"id":9687,"date":"2025-09-02T12:58:54","date_gmt":"2025-09-02T10:58:54","guid":{"rendered":"https:\/\/eduvic.coop\/?p=9687"},"modified":"2025-09-02T13:10:06","modified_gmt":"2025-09-02T11:10:06","slug":"presentamos-la-memoria-de-actividad-y-sostenibilidad-2024","status":"publish","type":"post","link":"https:\/\/eduvic.coop\/es\/presentamos-la-memoria-de-actividad-y-sostenibilidad-2024\/","title":{"rendered":"Presentamos la Memoria de Actividad y Sostenibilidad 2024"},"content":{"rendered":"<div class=\"wpb-content-wrapper\"><p>[vc_row][vc_column width=&#8221;1\/2&#8243;][vc_column_text css=&#8221;&#8221;]<\/p>\n<p data-start=\"49\" data-end=\"243\">El lema que la encabeza, <strong data-start=\"74\" data-end=\"130\">\u201cDe la idea al impacto. Memoria de un proyecto vivo\u201d<\/strong>, es especialmente oportuno en un a\u00f1o tan se\u00f1alado como este, en el que celebramos nuestro <strong data-start=\"221\" data-end=\"240\">30\u00ba aniversario<\/strong>.<\/p>\n<p data-start=\"245\" data-end=\"371\">Treinta a\u00f1os atr\u00e1s germin\u00f3 una idea, y hoy recogemos los frutos del trabajo colectivo que, d\u00eda tras d\u00eda, hemos hecho crecer.<\/p>\n<h2 data-start=\"378\" data-end=\"418\">Un a\u00f1o de celebraci\u00f3n y compromiso<\/h2>\n<p data-start=\"420\" data-end=\"638\">Durante 2024 hemos mirado atr\u00e1s para honrar el camino recorrido, pero sobre todo hemos puesto el foco en el futuro: <strong data-start=\"536\" data-end=\"635\">consolidando servicios, ampliando proyectos y fortaleciendo nuestra capacidad de impacto social<\/strong>.<\/p>\n<ul data-start=\"640\" data-end=\"908\">\n<li data-start=\"640\" data-end=\"727\">\n<p data-start=\"642\" data-end=\"727\">Hemos acompa\u00f1ado a <strong data-start=\"661\" data-end=\"687\">m\u00e1s de 27.000 personas<\/strong> entre ni\u00f1os, adolescentes y familias.<\/p>\n<\/li>\n<li data-start=\"728\" data-end=\"789\">\n<p data-start=\"730\" data-end=\"789\">Hemos gestionado <strong data-start=\"747\" data-end=\"764\">108 servicios<\/strong> en todo el territorio.<\/p>\n<\/li>\n<li data-start=\"790\" data-end=\"908\">\n<p data-start=\"792\" data-end=\"908\">En <a href=\"https:\/\/itinere.eduvic.coop\/es\/\"><strong data-start=\"795\" data-end=\"815\">EDUVIC \u00b7 Itinere<\/strong><\/a>, <strong data-start=\"817\" data-end=\"840\">1.625 profesionales<\/strong> han participado en nuestros programas de formaci\u00f3n y supervisi\u00f3n.<\/p>\n<\/li>\n<\/ul>\n<h2 data-start=\"1791\" data-end=\"1829\">Personas que dan vida al proyecto<\/h2>\n<p data-start=\"956\" data-end=\"1302\">En 2024 hemos mirado atr\u00e1s para honrar el camino recorrido y a las personas que, a lo largo de estos a\u00f1os, han formado parte de EDUVIC. Es gracias a la suma de todo lo que hemos compartido que hoy seguimos siendo un proyecto vivo: que late, que transforma y que se transforma. <strong data-start=\"1237\" data-end=\"1299\">Son estas personas quienes mantienen vivo nuestro proyecto<\/strong>.<\/p>\n<h2 data-start=\"2195\" data-end=\"2245\">Una memoria con transparencia y responsabilidad<\/h2>\n<p data-start=\"2247\" data-end=\"2539\">La <strong data-start=\"1367\" data-end=\"1413\">Memoria de Actividad y Sostenibilidad 2024<\/strong> refleja nuestro compromiso con la <strong data-start=\"1448\" data-end=\"1511\">transparencia, la equidad, la sostenibilidad y la confianza<\/strong>.<\/p>\n<p data-start=\"1516\" data-end=\"1538\">En ella encontrar\u00e1s:<\/p>\n<ul data-start=\"1539\" data-end=\"2064\">\n<li data-start=\"1539\" data-end=\"1640\">\n<p data-start=\"1541\" data-end=\"1640\">La mirada sist\u00e9mica y comunitaria de nuestros <strong data-start=\"1587\" data-end=\"1637\">servicios de infancia, adolescencia y familias<\/strong>.<\/p>\n<\/li>\n<li data-start=\"1641\" data-end=\"1735\">\n<p data-start=\"1643\" data-end=\"1735\">El impacto de los proyectos de <strong data-start=\"1674\" data-end=\"1694\">EDUVIC \u00b7 Itinere<\/strong>, el \u00e1rea de formaci\u00f3n e investigaci\u00f3n.<\/p>\n<\/li>\n<li data-start=\"1736\" data-end=\"1844\">\n<p data-start=\"1738\" data-end=\"1844\">El crecimiento del \u00e1rea de <strong data-start=\"1765\" data-end=\"1783\">EDUVIC \u00b7 Sport<\/strong>, con el deporte como herramienta de transformaci\u00f3n social.<\/p>\n<\/li>\n<li data-start=\"1845\" data-end=\"1954\">\n<p data-start=\"1847\" data-end=\"1954\">La expansi\u00f3n del <strong data-start=\"1864\" data-end=\"1905\">Psicoterapia &amp; Trauma Institute (PTI)<\/strong>, que trabaja por la salud mental y relacional.<\/p>\n<\/li>\n<li data-start=\"1955\" data-end=\"2064\">\n<p data-start=\"1957\" data-end=\"2064\">Nuestro <strong data-start=\"1965\" data-end=\"1998\">compromiso ambiental y social<\/strong>, alineado con los <strong data-start=\"2017\" data-end=\"2061\">Objetivos de Desarrollo Sostenible (ODS)<\/strong>.<\/p>\n<\/li>\n<\/ul>\n<p style=\"font-weight: 400;\">Os deseamos que disfrut\u00e9is de la lectura de nuestra memoria 2024.<\/p>\n<p>[\/vc_column_text][\/vc_column][vc_column width=&#8221;1\/2&#8243;][vc_single_image image=&#8221;9646&#8243; img_size=&#8221;large&#8221; onclick=&#8221;custom_link&#8221; img_link_target=&#8221;_blank&#8221; css=&#8221;&#8221; link=&#8221;https:\/\/eduvic.coop\/wp-content\/uploads\/2025\/07\/MEMO\u0300RIA-DIGITAL-CAST-WEB.pdf&#8221;][vc_empty_space]<div id=\"highlight-box-wrap-2766\"  data-ultimate-target='#highlight-box-wrap-2766'  data-responsive-json-new='{\"font-size\":\"desktop:32px;\",\"line-height\":\"\"}'  class=\"ultimate-call-to-action ult-adjust-bottom-margin  ctaction-text-center ult-responsive\" style=\"font-weight:normal;color:#ffffff;background:#94212F;padding-top:15px;padding-bottom:15px;\"  data-background=\"#94212F\"  data-background-hover=\"#94212F\"  data-override=\"0\" ><div class=\"ultimate-ctaction-icon ctaction-icon-right-push\"><div class=\"ult-just-icon-wrapper  \"><div class=\"align-icon\" style=\"text-align:center;\">\n<div class=\"aio-icon none \"  style=\"color:#FFFFFF;font-size:30px;display:inline-block;\">\n\t<i class=\"Defaults-external-link\"><\/i>\n<\/div><\/div><\/div><\/div><div class=\"uvc-ctaction-data uvc-ctaction-data-right-push ult-responsive\">\u00a1L\u00e9ela aqu\u00ed!<\/div><a class=\"ulimate-call-to-action-link\" href=\"https:\/\/eduvic.coop\/wp-content\/uploads\/2025\/07\/MEMO\u0300RIA-DIGITAL-CAST-WEB.pdf\" ><\/a><\/div>[\/vc_column][\/vc_row][vc_row][vc_column][\/vc_column][\/vc_row]<\/p>\n<\/div>","protected":false},"excerpt":{"rendered":"<p>El lema que la encabeza, \u201cDe la idea al impacto. Memoria de un proyecto vivo\u201d, es especialmente oportuno en un a\u00f1o tan se\u00f1alado como este, en el que celebramos nuestro 30\u00ba aniversario.<\/p>\n","protected":false},"author":15,"featured_media":9707,"comment_status":"closed","ping_status":"closed","sticky":false,"template":"","format":"standard","meta":{"footnotes":""},"categories":[40,53],"tags":[],"class_list":["post-9687","post","type-post","status-publish","format-standard","has-post-thumbnail","hentry","category-blog-es","category-noticias-es","generate-columns","tablet-grid-50","mobile-grid-100","grid-parent","grid-50","no-featured-image-padding"],"yoast_head":"<!-- This site is optimized with the Yoast SEO plugin v27.4 - https:\/\/yoast.com\/product\/yoast-seo-wordpress\/ -->\n<title>Presentamos la Memoria de Actividad y Sostenibilidad 2024 - EDUVIC<\/title>\n<meta name=\"description\" content=\"La Memoria de Actividad y Sostenibilidad 2024, a\u00f1o de nuestro 30 aniversario, se titula \u201cDe la idea al impacto. Memoria de un proyecto vivo\u201d.\" \/>\n<meta name=\"robots\" content=\"index, follow, max-snippet:-1, max-image-preview:large, max-video-preview:-1\" \/>\n<link rel=\"canonical\" href=\"https:\/\/eduvic.coop\/es\/presentamos-la-memoria-de-actividad-y-sostenibilidad-2024\/\" \/>\n<meta property=\"og:locale\" content=\"es_ES\" \/>\n<meta property=\"og:type\" content=\"article\" \/>\n<meta property=\"og:title\" content=\"Presentamos la Memoria de Actividad y Sostenibilidad 2024 - EDUVIC\" \/>\n<meta property=\"og:description\" content=\"La Memoria de Actividad y Sostenibilidad 2024, a\u00f1o de nuestro 30 aniversario, se titula \u201cDe la idea al impacto. Memoria de un proyecto vivo\u201d.\" \/>\n<meta property=\"og:url\" content=\"https:\/\/eduvic.coop\/es\/presentamos-la-memoria-de-actividad-y-sostenibilidad-2024\/\" \/>\n<meta property=\"og:site_name\" content=\"EDUVIC\" \/>\n<meta property=\"article:published_time\" content=\"2025-09-02T10:58:54+00:00\" \/>\n<meta property=\"article:modified_time\" content=\"2025-09-02T11:10:06+00:00\" \/>\n<meta property=\"og:image\" content=\"https:\/\/eduvic.coop\/wp-content\/uploads\/2025\/09\/Baner-memoria-cast-blog.png\" \/>\n\t<meta property=\"og:image:width\" content=\"1920\" \/>\n\t<meta property=\"og:image:height\" content=\"1080\" \/>\n\t<meta property=\"og:image:type\" content=\"image\/png\" \/>\n<meta name=\"author\" content=\"Silvia Casas\" \/>\n<meta name=\"twitter:card\" content=\"summary_large_image\" \/>\n<meta name=\"twitter:label1\" content=\"Escrito por\" \/>\n\t<meta name=\"twitter:data1\" content=\"Silvia Casas\" \/>\n\t<meta name=\"twitter:label2\" content=\"Tiempo de lectura\" \/>\n\t<meta name=\"twitter:data2\" content=\"2 minutos\" \/>\n<script type=\"application\/ld+json\" class=\"yoast-schema-graph\">{\"@context\":\"https:\\\/\\\/schema.org\",\"@graph\":[{\"@type\":\"Article\",\"@id\":\"https:\\\/\\\/eduvic.coop\\\/es\\\/presentamos-la-memoria-de-actividad-y-sostenibilidad-2024\\\/#article\",\"isPartOf\":{\"@id\":\"https:\\\/\\\/eduvic.coop\\\/es\\\/presentamos-la-memoria-de-actividad-y-sostenibilidad-2024\\\/\"},\"author\":{\"name\":\"Silvia Casas\",\"@id\":\"https:\\\/\\\/eduvic.coop\\\/es\\\/#\\\/schema\\\/person\\\/5a7b3bbc22b3112d34e6bc96ea0ddba4\"},\"headline\":\"Presentamos la Memoria de Actividad y Sostenibilidad 2024\",\"datePublished\":\"2025-09-02T10:58:54+00:00\",\"dateModified\":\"2025-09-02T11:10:06+00:00\",\"mainEntityOfPage\":{\"@id\":\"https:\\\/\\\/eduvic.coop\\\/es\\\/presentamos-la-memoria-de-actividad-y-sostenibilidad-2024\\\/\"},\"wordCount\":427,\"publisher\":{\"@id\":\"https:\\\/\\\/eduvic.coop\\\/es\\\/#organization\"},\"image\":{\"@id\":\"https:\\\/\\\/eduvic.coop\\\/es\\\/presentamos-la-memoria-de-actividad-y-sostenibilidad-2024\\\/#primaryimage\"},\"thumbnailUrl\":\"https:\\\/\\\/eduvic.coop\\\/wp-content\\\/uploads\\\/2025\\\/09\\\/Baner-memoria-cast-blog.png\",\"articleSection\":[\"Blog\",\"Noticias\"],\"inLanguage\":\"es\"},{\"@type\":\"WebPage\",\"@id\":\"https:\\\/\\\/eduvic.coop\\\/es\\\/presentamos-la-memoria-de-actividad-y-sostenibilidad-2024\\\/\",\"url\":\"https:\\\/\\\/eduvic.coop\\\/es\\\/presentamos-la-memoria-de-actividad-y-sostenibilidad-2024\\\/\",\"name\":\"Presentamos la Memoria de Actividad y Sostenibilidad 2024 - EDUVIC\",\"isPartOf\":{\"@id\":\"https:\\\/\\\/eduvic.coop\\\/es\\\/#website\"},\"primaryImageOfPage\":{\"@id\":\"https:\\\/\\\/eduvic.coop\\\/es\\\/presentamos-la-memoria-de-actividad-y-sostenibilidad-2024\\\/#primaryimage\"},\"image\":{\"@id\":\"https:\\\/\\\/eduvic.coop\\\/es\\\/presentamos-la-memoria-de-actividad-y-sostenibilidad-2024\\\/#primaryimage\"},\"thumbnailUrl\":\"https:\\\/\\\/eduvic.coop\\\/wp-content\\\/uploads\\\/2025\\\/09\\\/Baner-memoria-cast-blog.png\",\"datePublished\":\"2025-09-02T10:58:54+00:00\",\"dateModified\":\"2025-09-02T11:10:06+00:00\",\"description\":\"La Memoria de Actividad y Sostenibilidad 2024, a\u00f1o de nuestro 30 aniversario, se titula \u201cDe la idea al impacto. Memoria de un proyecto vivo\u201d.\",\"breadcrumb\":{\"@id\":\"https:\\\/\\\/eduvic.coop\\\/es\\\/presentamos-la-memoria-de-actividad-y-sostenibilidad-2024\\\/#breadcrumb\"},\"inLanguage\":\"es\",\"potentialAction\":[{\"@type\":\"ReadAction\",\"target\":[\"https:\\\/\\\/eduvic.coop\\\/es\\\/presentamos-la-memoria-de-actividad-y-sostenibilidad-2024\\\/\"]}]},{\"@type\":\"ImageObject\",\"inLanguage\":\"es\",\"@id\":\"https:\\\/\\\/eduvic.coop\\\/es\\\/presentamos-la-memoria-de-actividad-y-sostenibilidad-2024\\\/#primaryimage\",\"url\":\"https:\\\/\\\/eduvic.coop\\\/wp-content\\\/uploads\\\/2025\\\/09\\\/Baner-memoria-cast-blog.png\",\"contentUrl\":\"https:\\\/\\\/eduvic.coop\\\/wp-content\\\/uploads\\\/2025\\\/09\\\/Baner-memoria-cast-blog.png\",\"width\":1920,\"height\":1080},{\"@type\":\"BreadcrumbList\",\"@id\":\"https:\\\/\\\/eduvic.coop\\\/es\\\/presentamos-la-memoria-de-actividad-y-sostenibilidad-2024\\\/#breadcrumb\",\"itemListElement\":[{\"@type\":\"ListItem\",\"position\":1,\"name\":\"Inici\",\"item\":\"https:\\\/\\\/eduvic.coop\\\/es\\\/\"},{\"@type\":\"ListItem\",\"position\":2,\"name\":\"Presentamos la Memoria de Actividad y Sostenibilidad 2024\"}]},{\"@type\":\"WebSite\",\"@id\":\"https:\\\/\\\/eduvic.coop\\\/es\\\/#website\",\"url\":\"https:\\\/\\\/eduvic.coop\\\/es\\\/\",\"name\":\"EDUVIC\",\"description\":\"\",\"publisher\":{\"@id\":\"https:\\\/\\\/eduvic.coop\\\/es\\\/#organization\"},\"potentialAction\":[{\"@type\":\"SearchAction\",\"target\":{\"@type\":\"EntryPoint\",\"urlTemplate\":\"https:\\\/\\\/eduvic.coop\\\/es\\\/?s={search_term_string}\"},\"query-input\":{\"@type\":\"PropertyValueSpecification\",\"valueRequired\":true,\"valueName\":\"search_term_string\"}}],\"inLanguage\":\"es\"},{\"@type\":\"Organization\",\"@id\":\"https:\\\/\\\/eduvic.coop\\\/es\\\/#organization\",\"name\":\"EDUVIC\",\"url\":\"https:\\\/\\\/eduvic.coop\\\/es\\\/\",\"logo\":{\"@type\":\"ImageObject\",\"inLanguage\":\"es\",\"@id\":\"https:\\\/\\\/eduvic.coop\\\/es\\\/#\\\/schema\\\/logo\\\/image\\\/\",\"url\":\"https:\\\/\\\/eduvic.coop\\\/wp-content\\\/uploads\\\/2024\\\/12\\\/cropped-EDUVIC-1.png\",\"contentUrl\":\"https:\\\/\\\/eduvic.coop\\\/wp-content\\\/uploads\\\/2024\\\/12\\\/cropped-EDUVIC-1.png\",\"width\":4440,\"height\":1743,\"caption\":\"EDUVIC\"},\"image\":{\"@id\":\"https:\\\/\\\/eduvic.coop\\\/es\\\/#\\\/schema\\\/logo\\\/image\\\/\"}},{\"@type\":\"Person\",\"@id\":\"https:\\\/\\\/eduvic.coop\\\/es\\\/#\\\/schema\\\/person\\\/5a7b3bbc22b3112d34e6bc96ea0ddba4\",\"name\":\"Silvia Casas\",\"image\":{\"@type\":\"ImageObject\",\"inLanguage\":\"es\",\"@id\":\"https:\\\/\\\/secure.gravatar.com\\\/avatar\\\/8e8e70922b3eb0f7b3a82f554836f41cd913c4d7d6d3d803b163e0b17980eefb?s=96&d=mm&r=g\",\"url\":\"https:\\\/\\\/secure.gravatar.com\\\/avatar\\\/8e8e70922b3eb0f7b3a82f554836f41cd913c4d7d6d3d803b163e0b17980eefb?s=96&d=mm&r=g\",\"contentUrl\":\"https:\\\/\\\/secure.gravatar.com\\\/avatar\\\/8e8e70922b3eb0f7b3a82f554836f41cd913c4d7d6d3d803b163e0b17980eefb?s=96&d=mm&r=g\",\"caption\":\"Silvia Casas\"},\"url\":\"https:\\\/\\\/eduvic.coop\\\/es\\\/author\\\/silvia-casas\\\/\"}]}<\/script>\n<!-- \/ Yoast SEO plugin. -->","yoast_head_json":{"title":"Presentamos la Memoria de Actividad y Sostenibilidad 2024 - EDUVIC","description":"La Memoria de Actividad y Sostenibilidad 2024, a\u00f1o de nuestro 30 aniversario, se titula \u201cDe la idea al impacto. Memoria de un proyecto vivo\u201d.","robots":{"index":"index","follow":"follow","max-snippet":"max-snippet:-1","max-image-preview":"max-image-preview:large","max-video-preview":"max-video-preview:-1"},"canonical":"https:\/\/eduvic.coop\/es\/presentamos-la-memoria-de-actividad-y-sostenibilidad-2024\/","og_locale":"es_ES","og_type":"article","og_title":"Presentamos la Memoria de Actividad y Sostenibilidad 2024 - EDUVIC","og_description":"La Memoria de Actividad y Sostenibilidad 2024, a\u00f1o de nuestro 30 aniversario, se titula \u201cDe la idea al impacto. Memoria de un proyecto vivo\u201d.","og_url":"https:\/\/eduvic.coop\/es\/presentamos-la-memoria-de-actividad-y-sostenibilidad-2024\/","og_site_name":"EDUVIC","article_published_time":"2025-09-02T10:58:54+00:00","article_modified_time":"2025-09-02T11:10:06+00:00","og_image":[{"width":1920,"height":1080,"url":"https:\/\/eduvic.coop\/wp-content\/uploads\/2025\/09\/Baner-memoria-cast-blog.png","type":"image\/png"}],"author":"Silvia Casas","twitter_card":"summary_large_image","twitter_misc":{"Escrito por":"Silvia Casas","Tiempo de lectura":"2 minutos"},"schema":{"@context":"https:\/\/schema.org","@graph":[{"@type":"Article","@id":"https:\/\/eduvic.coop\/es\/presentamos-la-memoria-de-actividad-y-sostenibilidad-2024\/#article","isPartOf":{"@id":"https:\/\/eduvic.coop\/es\/presentamos-la-memoria-de-actividad-y-sostenibilidad-2024\/"},"author":{"name":"Silvia Casas","@id":"https:\/\/eduvic.coop\/es\/#\/schema\/person\/5a7b3bbc22b3112d34e6bc96ea0ddba4"},"headline":"Presentamos la Memoria de Actividad y Sostenibilidad 2024","datePublished":"2025-09-02T10:58:54+00:00","dateModified":"2025-09-02T11:10:06+00:00","mainEntityOfPage":{"@id":"https:\/\/eduvic.coop\/es\/presentamos-la-memoria-de-actividad-y-sostenibilidad-2024\/"},"wordCount":427,"publisher":{"@id":"https:\/\/eduvic.coop\/es\/#organization"},"image":{"@id":"https:\/\/eduvic.coop\/es\/presentamos-la-memoria-de-actividad-y-sostenibilidad-2024\/#primaryimage"},"thumbnailUrl":"https:\/\/eduvic.coop\/wp-content\/uploads\/2025\/09\/Baner-memoria-cast-blog.png","articleSection":["Blog","Noticias"],"inLanguage":"es"},{"@type":"WebPage","@id":"https:\/\/eduvic.coop\/es\/presentamos-la-memoria-de-actividad-y-sostenibilidad-2024\/","url":"https:\/\/eduvic.coop\/es\/presentamos-la-memoria-de-actividad-y-sostenibilidad-2024\/","name":"Presentamos la Memoria de Actividad y Sostenibilidad 2024 - EDUVIC","isPartOf":{"@id":"https:\/\/eduvic.coop\/es\/#website"},"primaryImageOfPage":{"@id":"https:\/\/eduvic.coop\/es\/presentamos-la-memoria-de-actividad-y-sostenibilidad-2024\/#primaryimage"},"image":{"@id":"https:\/\/eduvic.coop\/es\/presentamos-la-memoria-de-actividad-y-sostenibilidad-2024\/#primaryimage"},"thumbnailUrl":"https:\/\/eduvic.coop\/wp-content\/uploads\/2025\/09\/Baner-memoria-cast-blog.png","datePublished":"2025-09-02T10:58:54+00:00","dateModified":"2025-09-02T11:10:06+00:00","description":"La Memoria de Actividad y Sostenibilidad 2024, a\u00f1o de nuestro 30 aniversario, se titula \u201cDe la idea al impacto. Memoria de un proyecto vivo\u201d.","breadcrumb":{"@id":"https:\/\/eduvic.coop\/es\/presentamos-la-memoria-de-actividad-y-sostenibilidad-2024\/#breadcrumb"},"inLanguage":"es","potentialAction":[{"@type":"ReadAction","target":["https:\/\/eduvic.coop\/es\/presentamos-la-memoria-de-actividad-y-sostenibilidad-2024\/"]}]},{"@type":"ImageObject","inLanguage":"es","@id":"https:\/\/eduvic.coop\/es\/presentamos-la-memoria-de-actividad-y-sostenibilidad-2024\/#primaryimage","url":"https:\/\/eduvic.coop\/wp-content\/uploads\/2025\/09\/Baner-memoria-cast-blog.png","contentUrl":"https:\/\/eduvic.coop\/wp-content\/uploads\/2025\/09\/Baner-memoria-cast-blog.png","width":1920,"height":1080},{"@type":"BreadcrumbList","@id":"https:\/\/eduvic.coop\/es\/presentamos-la-memoria-de-actividad-y-sostenibilidad-2024\/#breadcrumb","itemListElement":[{"@type":"ListItem","position":1,"name":"Inici","item":"https:\/\/eduvic.coop\/es\/"},{"@type":"ListItem","position":2,"name":"Presentamos la Memoria de Actividad y Sostenibilidad 2024"}]},{"@type":"WebSite","@id":"https:\/\/eduvic.coop\/es\/#website","url":"https:\/\/eduvic.coop\/es\/","name":"EDUVIC","description":"","publisher":{"@id":"https:\/\/eduvic.coop\/es\/#organization"},"potentialAction":[{"@type":"SearchAction","target":{"@type":"EntryPoint","urlTemplate":"https:\/\/eduvic.coop\/es\/?s={search_term_string}"},"query-input":{"@type":"PropertyValueSpecification","valueRequired":true,"valueName":"search_term_string"}}],"inLanguage":"es"},{"@type":"Organization","@id":"https:\/\/eduvic.coop\/es\/#organization","name":"EDUVIC","url":"https:\/\/eduvic.coop\/es\/","logo":{"@type":"ImageObject","inLanguage":"es","@id":"https:\/\/eduvic.coop\/es\/#\/schema\/logo\/image\/","url":"https:\/\/eduvic.coop\/wp-content\/uploads\/2024\/12\/cropped-EDUVIC-1.png","contentUrl":"https:\/\/eduvic.coop\/wp-content\/uploads\/2024\/12\/cropped-EDUVIC-1.png","width":4440,"height":1743,"caption":"EDUVIC"},"image":{"@id":"https:\/\/eduvic.coop\/es\/#\/schema\/logo\/image\/"}},{"@type":"Person","@id":"https:\/\/eduvic.coop\/es\/#\/schema\/person\/5a7b3bbc22b3112d34e6bc96ea0ddba4","name":"Silvia Casas","image":{"@type":"ImageObject","inLanguage":"es","@id":"https:\/\/secure.gravatar.com\/avatar\/8e8e70922b3eb0f7b3a82f554836f41cd913c4d7d6d3d803b163e0b17980eefb?s=96&d=mm&r=g","url":"https:\/\/secure.gravatar.com\/avatar\/8e8e70922b3eb0f7b3a82f554836f41cd913c4d7d6d3d803b163e0b17980eefb?s=96&d=mm&r=g","contentUrl":"https:\/\/secure.gravatar.com\/avatar\/8e8e70922b3eb0f7b3a82f554836f41cd913c4d7d6d3d803b163e0b17980eefb?s=96&d=mm&r=g","caption":"Silvia Casas"},"url":"https:\/\/eduvic.coop\/es\/author\/silvia-casas\/"}]}},"_links":{"self":[{"href":"https:\/\/eduvic.coop\/es\/wp-json\/wp\/v2\/posts\/9687","targetHints":{"allow":["GET"]}}],"collection":[{"href":"https:\/\/eduvic.coop\/es\/wp-json\/wp\/v2\/posts"}],"about":[{"href":"https:\/\/eduvic.coop\/es\/wp-json\/wp\/v2\/types\/post"}],"author":[{"embeddable":true,"href":"https:\/\/eduvic.coop\/es\/wp-json\/wp\/v2\/users\/15"}],"replies":[{"embeddable":true,"href":"https:\/\/eduvic.coop\/es\/wp-json\/wp\/v2\/comments?post=9687"}],"version-history":[{"count":3,"href":"https:\/\/eduvic.coop\/es\/wp-json\/wp\/v2\/posts\/9687\/revisions"}],"predecessor-version":[{"id":9704,"href":"https:\/\/eduvic.coop\/es\/wp-json\/wp\/v2\/posts\/9687\/revisions\/9704"}],"wp:featuredmedia":[{"embeddable":true,"href":"https:\/\/eduvic.coop\/es\/wp-json\/wp\/v2\/media\/9707"}],"wp:attachment":[{"href":"https:\/\/eduvic.coop\/es\/wp-json\/wp\/v2\/media?parent=9687"}],"wp:term":[{"taxonomy":"category","embeddable":true,"href":"https:\/\/eduvic.coop\/es\/wp-json\/wp\/v2\/categories?post=9687"},{"taxonomy":"post_tag","embeddable":true,"href":"https:\/\/eduvic.coop\/es\/wp-json\/wp\/v2\/tags?post=9687"}],"curies":[{"name":"wp","href":"https:\/\/api.w.org\/{rel}","templated":true}]}}