{"id":945,"date":"2016-01-22T11:46:11","date_gmt":"2016-01-22T09:46:11","guid":{"rendered":"http:\/\/eduvic.coop\/?p=945&#038;lang=es"},"modified":"2022-02-10T14:11:09","modified_gmt":"2022-02-10T12:11:09","slug":"satef-servicio-de-atencion-terapeutica-y-educativa-a-las-familias","status":"publish","type":"post","link":"https:\/\/eduvic.coop\/es\/satef-servicio-de-atencion-terapeutica-y-educativa-a-las-familias\/","title":{"rendered":"SaTeF, Servicio de atenci\u00f3n terap\u00e9utica y educativa a las familias"},"content":{"rendered":"<div class=\"wpb-content-wrapper\"><p>[vc_row][vc_column width=&#8221;2\/3&#8243;][dt_call_to_action background=&#8221;plain&#8221; line=&#8221;true&#8221;]<span style=\"color: #ffffff;\">Servei impulsat pel Programa d\u2019Inf\u00e0ncia de l\u2019Ajuntament de l\u2019Hospitalet de Llobregat.<\/span><br \/>\n<span style=\"color: #ffffff;\">El <strong>SaTeF<\/strong> neix a partir de l\u2019an\u00e0lisi de les necessitats relacionals de les fam\u00edlies que van detectar els professionals de la xarxa social local. El SaTeF es desplega com un servei complementari al treball que realitzen els professionals dels centres municipals de serveis socials i dels EAIA.<\/span>[\/dt_call_to_action][\/vc_column][vc_column width=&#8221;1\/3&#8243;][vc_single_image image=&#8221;836&#8243; img_size=&#8221;full&#8221; alignment=&#8221;center&#8221;][\/vc_column][\/vc_row][vc_row][vc_column][vc_empty_space height=&#8221;20px&#8221;][dt_fancy_title title=&#8221;S\u2019hi ofereixen quatre programes:&#8221; title_align=&#8221;left&#8221; title_size=&#8221;h3&#8243; title_color=&#8221;accent&#8221; separator_color=&#8221;accent&#8221;][vc_empty_space height=&#8221;10px&#8221;][\/vc_column][\/vc_row][vc_row][vc_column css=&#8221;.vc_custom_1453106759147{margin-left: 25px !important;}&#8221;][dt_vc_list dividers=&#8221;false&#8221;]<\/p>\n<ul>\n<li>Ter\u00e0pia familiar.<\/li>\n<li>Taller terap\u00e8utic grupal amb pares i mares amb dificultats comunes.<\/li>\n<li>Taller de formaci\u00f3 per a promoure la parentalitat positiva en pares i mares.<\/li>\n<li>Taller de cura i autocontrol emocional amb adolescents.<\/li>\n<\/ul>\n<p>[\/dt_vc_list][\/vc_column][\/vc_row][vc_row][vc_column][vc_column_text]<br \/>\nTots els programes treballen des d\u2019un vessant social, terap\u00e8utic i educatiu per afavorir processos de creixement emocional i relacional.<br \/>\n[\/vc_column_text][vc_empty_space height=&#8221;20px&#8221;][vc_video link=&#8221;https:\/\/youtu.be\/Zz-ndzrUjT0&#8243;][vc_empty_space][\/vc_column][\/vc_row][vc_row][vc_column][dt_fancy_title title=&#8221;Caracter\u00edstiques principals&#8221; title_align=&#8221;left&#8221; title_size=&#8221;h3&#8243; title_color=&#8221;accent&#8221; separator_color=&#8221;accent&#8221;][vc_empty_space height=&#8221;20px&#8221;][vc_row_inner][vc_column_inner css=&#8221;.vc_custom_1453107188523{margin-left: 25px !important;}&#8221;][dt_vc_list dividers=&#8221;false&#8221;]<\/p>\n<ul>\n<li>Treball complementari i especialitzat al treball que realitzen els professionals de serveis socials i EAIA.<\/li>\n<li>Treball en xarxa i interdisciplinari a partir d\u2019una Pla de comunicaci\u00f3 i coordinaci\u00f3 pactat amb els serveis derivants.<\/li>\n<li>Sistema d\u2019avaluaci\u00f3 amb les fam\u00edlies sobre el treball que desenvolupen.<\/li>\n<li>Processos d\u2019avaluaci\u00f3 amb els professionals.<\/li>\n<li>Flexibilitat hor\u00e0ria per facilitar l\u2019acc\u00e9s a les fam\u00edlies al servei.<\/li>\n<li>Pla funcional del servei adaptat a la realitat del Municipi.<\/li>\n<\/ul>\n<p>[\/dt_vc_list][\/vc_column_inner][\/vc_row_inner][vc_empty_space][dt_fancy_title title=&#8221;Professionals&#8221; title_align=&#8221;left&#8221; title_size=&#8221;h3&#8243; title_color=&#8221;accent&#8221; separator_color=&#8221;accent&#8221;][vc_empty_space height=&#8221;20px&#8221;][vc_row_inner][vc_column_inner css=&#8221;.vc_custom_1453387968108{margin-left: 25px !important;}&#8221;][dt_vc_list]<\/p>\n<ul>\n<li>6 terapeutes familiars<\/li>\n<\/ul>\n<p>[\/dt_vc_list][\/vc_column_inner][\/vc_row_inner][vc_empty_space][dt_fancy_title title=&#8221;Dades destacades&#8221; title_align=&#8221;left&#8221; title_size=&#8221;h3&#8243; title_color=&#8221;accent&#8221; separator_color=&#8221;accent&#8221;][vc_empty_space height=&#8221;20px&#8221;][vc_empty_space height=&#8221;20px&#8221;][vc_column_text]<\/p>\n<div class=\"CSSTableGenerator\">\n<table style=\"height: 144px;\" width=\"481\">\n<tbody>\n<tr>\n<td><strong>Dades<\/strong><\/td>\n<td style=\"text-align: center;\"><strong>2012<\/strong><\/td>\n<td style=\"text-align: center;\"><strong>2013<\/strong><\/td>\n<td style=\"text-align: center;\"><strong>2014<\/strong><\/td>\n<td style=\"text-align: center;\"><strong>2015<\/strong><\/td>\n<td style=\"text-align: center;\"><strong>2016<\/strong><\/td>\n<td style=\"text-align: center;\"><strong>2017<\/strong><\/td>\n<\/tr>\n<tr>\n<td style=\"text-align: left;\">Fam\u00edlies ateses<\/td>\n<td style=\"text-align: center;\">150<\/td>\n<td style=\"text-align: center;\">187<\/td>\n<td style=\"text-align: center;\">177<\/td>\n<td style=\"text-align: center;\">187<\/td>\n<td style=\"text-align: center;\">234<\/td>\n<td style=\"text-align: center;\">211<\/td>\n<\/tr>\n<tr>\n<td style=\"text-align: left;\">Infants i adolescents de les fam\u00edlies ateses<\/td>\n<td style=\"text-align: center;\">\u00a0266<\/td>\n<td style=\"text-align: center;\">364<\/td>\n<td style=\"text-align: center;\">335<\/td>\n<td style=\"text-align: center;\">354<\/td>\n<td style=\"text-align: center;\">389<\/td>\n<td style=\"text-align: center;\">379<\/td>\n<\/tr>\n<tr>\n<td style=\"text-align: left;\">Fam\u00edlies que consideren que al finalitzar la ter\u00e0pia ha millorat la seva situaci\u00f3 familiar<\/td>\n<td style=\"text-align: center;\">100%<\/td>\n<td style=\"text-align: center;\">93,3%<\/td>\n<td style=\"text-align: center;\">100%<\/td>\n<td style=\"text-align: center;\">90%<\/td>\n<td style=\"text-align: center;\">93%<\/td>\n<td style=\"text-align: center;\">100%<\/td>\n<\/tr>\n<\/tbody>\n<\/table>\n<\/div>\n<p>[\/vc_column_text][vc_empty_space height=&#8221;20px&#8221;][vc_column_text]<\/p>\n<div class=\"vc_row wpb_row wf-container\">\n<div class=\"wpb_column vc_column_container vc_col-sm-12\">\n<div class=\"wpb_wrapper\">\n<div class=\"wpb_text_column wpb_content_element \">\n<div class=\"wpb_wrapper\">\nPer a m\u00e9s informaci\u00f3 sobre el servei podeu accedir a les <a href=\"http:\/\/eduvic.coop\/responsabilitat-social\/\">Mem\u00f2ries de Responsabilitat Social d\u2019EDUVIC.<\/a>\n<\/div>\n<\/div>\n<\/div>\n<\/div>\n<\/div>\n<div class=\"sharedaddy sd-sharing-enabled\"><\/div>\n<p>[\/vc_column_text][\/vc_column][\/vc_row]<\/p>\n<\/div>","protected":false},"excerpt":{"rendered":"<p> &#8230; <\/p>\n<p class=\"read-more-container\"><a title=\"SaTeF, Servicio de atenci\u00f3n terap\u00e9utica y educativa a las familias\" class=\"read-more button\" href=\"https:\/\/eduvic.coop\/es\/satef-servicio-de-atencion-terapeutica-y-educativa-a-las-familias\/#more-945\" aria-label=\"Leer m\u00e1s sobre SaTeF, Servicio de atenci\u00f3n terap\u00e9utica y educativa a las familias\">Leer m\u00e1s<\/a><\/p>\n","protected":false},"author":1,"featured_media":1328,"comment_status":"closed","ping_status":"closed","sticky":false,"template":"","format":"standard","meta":{"footnotes":""},"categories":[55,53],"tags":[],"class_list":["post-945","post","type-post","status-publish","format-standard","has-post-thumbnail","hentry","category-familias","category-noticias-es","generate-columns","tablet-grid-50","mobile-grid-100","grid-parent","grid-50","no-featured-image-padding"],"yoast_head":"<!-- This site is optimized with the Yoast SEO plugin v27.4 - https:\/\/yoast.com\/product\/yoast-seo-wordpress\/ -->\n<title>SaTeF, Servicio de atenci\u00f3n terap\u00e9utica y educativa a las familias - EDUVIC<\/title>\n<meta name=\"robots\" content=\"index, follow, max-snippet:-1, max-image-preview:large, max-video-preview:-1\" \/>\n<link rel=\"canonical\" href=\"https:\/\/eduvic.coop\/es\/satef-servicio-de-atencion-terapeutica-y-educativa-a-las-familias\/\" \/>\n<meta property=\"og:locale\" content=\"es_ES\" \/>\n<meta property=\"og:type\" content=\"article\" \/>\n<meta property=\"og:title\" content=\"SaTeF, Servicio de atenci\u00f3n terap\u00e9utica y educativa a las familias - EDUVIC\" \/>\n<meta property=\"og:description\" content=\"... Leer m\u00e1s\" \/>\n<meta property=\"og:url\" content=\"https:\/\/eduvic.coop\/es\/satef-servicio-de-atencion-terapeutica-y-educativa-a-las-familias\/\" \/>\n<meta property=\"og:site_name\" content=\"EDUVIC\" \/>\n<meta property=\"article:published_time\" content=\"2016-01-22T09:46:11+00:00\" \/>\n<meta property=\"article:modified_time\" content=\"2022-02-10T12:11:09+00:00\" \/>\n<meta property=\"og:image\" content=\"https:\/\/eduvic.coop\/wp-content\/uploads\/2016\/01\/familias.jpg\" \/>\n\t<meta property=\"og:image:width\" content=\"377\" \/>\n\t<meta property=\"og:image:height\" content=\"62\" \/>\n\t<meta property=\"og:image:type\" content=\"image\/jpeg\" \/>\n<meta name=\"author\" content=\"MAD Systems, SCCL\" \/>\n<meta name=\"twitter:card\" content=\"summary_large_image\" \/>\n<meta name=\"twitter:label1\" content=\"Escrito por\" \/>\n\t<meta name=\"twitter:data1\" content=\"MAD Systems, SCCL\" \/>\n\t<meta name=\"twitter:label2\" content=\"Tiempo de lectura\" \/>\n\t<meta name=\"twitter:data2\" content=\"3 minutos\" \/>\n<script type=\"application\/ld+json\" class=\"yoast-schema-graph\">{\"@context\":\"https:\\\/\\\/schema.org\",\"@graph\":[{\"@type\":\"Article\",\"@id\":\"https:\\\/\\\/eduvic.coop\\\/es\\\/satef-servicio-de-atencion-terapeutica-y-educativa-a-las-familias\\\/#article\",\"isPartOf\":{\"@id\":\"https:\\\/\\\/eduvic.coop\\\/es\\\/satef-servicio-de-atencion-terapeutica-y-educativa-a-las-familias\\\/\"},\"author\":{\"name\":\"MAD Systems, SCCL\",\"@id\":\"https:\\\/\\\/eduvic.coop\\\/es\\\/#\\\/schema\\\/person\\\/379e3651162f93b09e21bb3f8accd8b7\"},\"headline\":\"SaTeF, Servicio de atenci\u00f3n terap\u00e9utica y educativa a las familias\",\"datePublished\":\"2016-01-22T09:46:11+00:00\",\"dateModified\":\"2022-02-10T12:11:09+00:00\",\"mainEntityOfPage\":{\"@id\":\"https:\\\/\\\/eduvic.coop\\\/es\\\/satef-servicio-de-atencion-terapeutica-y-educativa-a-las-familias\\\/\"},\"wordCount\":538,\"publisher\":{\"@id\":\"https:\\\/\\\/eduvic.coop\\\/es\\\/#organization\"},\"image\":{\"@id\":\"https:\\\/\\\/eduvic.coop\\\/es\\\/satef-servicio-de-atencion-terapeutica-y-educativa-a-las-familias\\\/#primaryimage\"},\"thumbnailUrl\":\"https:\\\/\\\/eduvic.coop\\\/wp-content\\\/uploads\\\/2016\\\/01\\\/familias.jpg\",\"articleSection\":[\"Familias\",\"Noticias\"],\"inLanguage\":\"es\"},{\"@type\":\"WebPage\",\"@id\":\"https:\\\/\\\/eduvic.coop\\\/es\\\/satef-servicio-de-atencion-terapeutica-y-educativa-a-las-familias\\\/\",\"url\":\"https:\\\/\\\/eduvic.coop\\\/es\\\/satef-servicio-de-atencion-terapeutica-y-educativa-a-las-familias\\\/\",\"name\":\"SaTeF, Servicio de atenci\u00f3n terap\u00e9utica y educativa a las familias - EDUVIC\",\"isPartOf\":{\"@id\":\"https:\\\/\\\/eduvic.coop\\\/es\\\/#website\"},\"primaryImageOfPage\":{\"@id\":\"https:\\\/\\\/eduvic.coop\\\/es\\\/satef-servicio-de-atencion-terapeutica-y-educativa-a-las-familias\\\/#primaryimage\"},\"image\":{\"@id\":\"https:\\\/\\\/eduvic.coop\\\/es\\\/satef-servicio-de-atencion-terapeutica-y-educativa-a-las-familias\\\/#primaryimage\"},\"thumbnailUrl\":\"https:\\\/\\\/eduvic.coop\\\/wp-content\\\/uploads\\\/2016\\\/01\\\/familias.jpg\",\"datePublished\":\"2016-01-22T09:46:11+00:00\",\"dateModified\":\"2022-02-10T12:11:09+00:00\",\"breadcrumb\":{\"@id\":\"https:\\\/\\\/eduvic.coop\\\/es\\\/satef-servicio-de-atencion-terapeutica-y-educativa-a-las-familias\\\/#breadcrumb\"},\"inLanguage\":\"es\",\"potentialAction\":[{\"@type\":\"ReadAction\",\"target\":[\"https:\\\/\\\/eduvic.coop\\\/es\\\/satef-servicio-de-atencion-terapeutica-y-educativa-a-las-familias\\\/\"]}]},{\"@type\":\"ImageObject\",\"inLanguage\":\"es\",\"@id\":\"https:\\\/\\\/eduvic.coop\\\/es\\\/satef-servicio-de-atencion-terapeutica-y-educativa-a-las-familias\\\/#primaryimage\",\"url\":\"https:\\\/\\\/eduvic.coop\\\/wp-content\\\/uploads\\\/2016\\\/01\\\/familias.jpg\",\"contentUrl\":\"https:\\\/\\\/eduvic.coop\\\/wp-content\\\/uploads\\\/2016\\\/01\\\/familias.jpg\",\"width\":377,\"height\":62},{\"@type\":\"BreadcrumbList\",\"@id\":\"https:\\\/\\\/eduvic.coop\\\/es\\\/satef-servicio-de-atencion-terapeutica-y-educativa-a-las-familias\\\/#breadcrumb\",\"itemListElement\":[{\"@type\":\"ListItem\",\"position\":1,\"name\":\"Inici\",\"item\":\"https:\\\/\\\/eduvic.coop\\\/es\\\/\"},{\"@type\":\"ListItem\",\"position\":2,\"name\":\"SaTeF, Servicio de atenci\u00f3n terap\u00e9utica y educativa a las familias\"}]},{\"@type\":\"WebSite\",\"@id\":\"https:\\\/\\\/eduvic.coop\\\/es\\\/#website\",\"url\":\"https:\\\/\\\/eduvic.coop\\\/es\\\/\",\"name\":\"EDUVIC\",\"description\":\"\",\"publisher\":{\"@id\":\"https:\\\/\\\/eduvic.coop\\\/es\\\/#organization\"},\"potentialAction\":[{\"@type\":\"SearchAction\",\"target\":{\"@type\":\"EntryPoint\",\"urlTemplate\":\"https:\\\/\\\/eduvic.coop\\\/es\\\/?s={search_term_string}\"},\"query-input\":{\"@type\":\"PropertyValueSpecification\",\"valueRequired\":true,\"valueName\":\"search_term_string\"}}],\"inLanguage\":\"es\"},{\"@type\":\"Organization\",\"@id\":\"https:\\\/\\\/eduvic.coop\\\/es\\\/#organization\",\"name\":\"EDUVIC\",\"url\":\"https:\\\/\\\/eduvic.coop\\\/es\\\/\",\"logo\":{\"@type\":\"ImageObject\",\"inLanguage\":\"es\",\"@id\":\"https:\\\/\\\/eduvic.coop\\\/es\\\/#\\\/schema\\\/logo\\\/image\\\/\",\"url\":\"https:\\\/\\\/eduvic.coop\\\/wp-content\\\/uploads\\\/2024\\\/12\\\/cropped-EDUVIC-1.png\",\"contentUrl\":\"https:\\\/\\\/eduvic.coop\\\/wp-content\\\/uploads\\\/2024\\\/12\\\/cropped-EDUVIC-1.png\",\"width\":4440,\"height\":1743,\"caption\":\"EDUVIC\"},\"image\":{\"@id\":\"https:\\\/\\\/eduvic.coop\\\/es\\\/#\\\/schema\\\/logo\\\/image\\\/\"}},{\"@type\":\"Person\",\"@id\":\"https:\\\/\\\/eduvic.coop\\\/es\\\/#\\\/schema\\\/person\\\/379e3651162f93b09e21bb3f8accd8b7\",\"name\":\"MAD Systems, SCCL\",\"image\":{\"@type\":\"ImageObject\",\"inLanguage\":\"es\",\"@id\":\"https:\\\/\\\/secure.gravatar.com\\\/avatar\\\/5116f7ad06d3420ede2d61afd6c51617cf548ad86d0b2a506fab574f6a457171?s=96&d=mm&r=g\",\"url\":\"https:\\\/\\\/secure.gravatar.com\\\/avatar\\\/5116f7ad06d3420ede2d61afd6c51617cf548ad86d0b2a506fab574f6a457171?s=96&d=mm&r=g\",\"contentUrl\":\"https:\\\/\\\/secure.gravatar.com\\\/avatar\\\/5116f7ad06d3420ede2d61afd6c51617cf548ad86d0b2a506fab574f6a457171?s=96&d=mm&r=g\",\"caption\":\"MAD Systems, SCCL\"},\"sameAs\":[\"https:\\\/\\\/eduvic.coop\"],\"url\":\"https:\\\/\\\/eduvic.coop\\\/es\\\/author\\\/madsystems\\\/\"}]}<\/script>\n<!-- \/ Yoast SEO plugin. -->","yoast_head_json":{"title":"SaTeF, Servicio de atenci\u00f3n terap\u00e9utica y educativa a las familias - EDUVIC","robots":{"index":"index","follow":"follow","max-snippet":"max-snippet:-1","max-image-preview":"max-image-preview:large","max-video-preview":"max-video-preview:-1"},"canonical":"https:\/\/eduvic.coop\/es\/satef-servicio-de-atencion-terapeutica-y-educativa-a-las-familias\/","og_locale":"es_ES","og_type":"article","og_title":"SaTeF, Servicio de atenci\u00f3n terap\u00e9utica y educativa a las familias - EDUVIC","og_description":"... Leer m\u00e1s","og_url":"https:\/\/eduvic.coop\/es\/satef-servicio-de-atencion-terapeutica-y-educativa-a-las-familias\/","og_site_name":"EDUVIC","article_published_time":"2016-01-22T09:46:11+00:00","article_modified_time":"2022-02-10T12:11:09+00:00","og_image":[{"width":377,"height":62,"url":"https:\/\/eduvic.coop\/wp-content\/uploads\/2016\/01\/familias.jpg","type":"image\/jpeg"}],"author":"MAD Systems, SCCL","twitter_card":"summary_large_image","twitter_misc":{"Escrito por":"MAD Systems, SCCL","Tiempo de lectura":"3 minutos"},"schema":{"@context":"https:\/\/schema.org","@graph":[{"@type":"Article","@id":"https:\/\/eduvic.coop\/es\/satef-servicio-de-atencion-terapeutica-y-educativa-a-las-familias\/#article","isPartOf":{"@id":"https:\/\/eduvic.coop\/es\/satef-servicio-de-atencion-terapeutica-y-educativa-a-las-familias\/"},"author":{"name":"MAD Systems, SCCL","@id":"https:\/\/eduvic.coop\/es\/#\/schema\/person\/379e3651162f93b09e21bb3f8accd8b7"},"headline":"SaTeF, Servicio de atenci\u00f3n terap\u00e9utica y educativa a las familias","datePublished":"2016-01-22T09:46:11+00:00","dateModified":"2022-02-10T12:11:09+00:00","mainEntityOfPage":{"@id":"https:\/\/eduvic.coop\/es\/satef-servicio-de-atencion-terapeutica-y-educativa-a-las-familias\/"},"wordCount":538,"publisher":{"@id":"https:\/\/eduvic.coop\/es\/#organization"},"image":{"@id":"https:\/\/eduvic.coop\/es\/satef-servicio-de-atencion-terapeutica-y-educativa-a-las-familias\/#primaryimage"},"thumbnailUrl":"https:\/\/eduvic.coop\/wp-content\/uploads\/2016\/01\/familias.jpg","articleSection":["Familias","Noticias"],"inLanguage":"es"},{"@type":"WebPage","@id":"https:\/\/eduvic.coop\/es\/satef-servicio-de-atencion-terapeutica-y-educativa-a-las-familias\/","url":"https:\/\/eduvic.coop\/es\/satef-servicio-de-atencion-terapeutica-y-educativa-a-las-familias\/","name":"SaTeF, Servicio de atenci\u00f3n terap\u00e9utica y educativa a las familias - EDUVIC","isPartOf":{"@id":"https:\/\/eduvic.coop\/es\/#website"},"primaryImageOfPage":{"@id":"https:\/\/eduvic.coop\/es\/satef-servicio-de-atencion-terapeutica-y-educativa-a-las-familias\/#primaryimage"},"image":{"@id":"https:\/\/eduvic.coop\/es\/satef-servicio-de-atencion-terapeutica-y-educativa-a-las-familias\/#primaryimage"},"thumbnailUrl":"https:\/\/eduvic.coop\/wp-content\/uploads\/2016\/01\/familias.jpg","datePublished":"2016-01-22T09:46:11+00:00","dateModified":"2022-02-10T12:11:09+00:00","breadcrumb":{"@id":"https:\/\/eduvic.coop\/es\/satef-servicio-de-atencion-terapeutica-y-educativa-a-las-familias\/#breadcrumb"},"inLanguage":"es","potentialAction":[{"@type":"ReadAction","target":["https:\/\/eduvic.coop\/es\/satef-servicio-de-atencion-terapeutica-y-educativa-a-las-familias\/"]}]},{"@type":"ImageObject","inLanguage":"es","@id":"https:\/\/eduvic.coop\/es\/satef-servicio-de-atencion-terapeutica-y-educativa-a-las-familias\/#primaryimage","url":"https:\/\/eduvic.coop\/wp-content\/uploads\/2016\/01\/familias.jpg","contentUrl":"https:\/\/eduvic.coop\/wp-content\/uploads\/2016\/01\/familias.jpg","width":377,"height":62},{"@type":"BreadcrumbList","@id":"https:\/\/eduvic.coop\/es\/satef-servicio-de-atencion-terapeutica-y-educativa-a-las-familias\/#breadcrumb","itemListElement":[{"@type":"ListItem","position":1,"name":"Inici","item":"https:\/\/eduvic.coop\/es\/"},{"@type":"ListItem","position":2,"name":"SaTeF, Servicio de atenci\u00f3n terap\u00e9utica y educativa a las familias"}]},{"@type":"WebSite","@id":"https:\/\/eduvic.coop\/es\/#website","url":"https:\/\/eduvic.coop\/es\/","name":"EDUVIC","description":"","publisher":{"@id":"https:\/\/eduvic.coop\/es\/#organization"},"potentialAction":[{"@type":"SearchAction","target":{"@type":"EntryPoint","urlTemplate":"https:\/\/eduvic.coop\/es\/?s={search_term_string}"},"query-input":{"@type":"PropertyValueSpecification","valueRequired":true,"valueName":"search_term_string"}}],"inLanguage":"es"},{"@type":"Organization","@id":"https:\/\/eduvic.coop\/es\/#organization","name":"EDUVIC","url":"https:\/\/eduvic.coop\/es\/","logo":{"@type":"ImageObject","inLanguage":"es","@id":"https:\/\/eduvic.coop\/es\/#\/schema\/logo\/image\/","url":"https:\/\/eduvic.coop\/wp-content\/uploads\/2024\/12\/cropped-EDUVIC-1.png","contentUrl":"https:\/\/eduvic.coop\/wp-content\/uploads\/2024\/12\/cropped-EDUVIC-1.png","width":4440,"height":1743,"caption":"EDUVIC"},"image":{"@id":"https:\/\/eduvic.coop\/es\/#\/schema\/logo\/image\/"}},{"@type":"Person","@id":"https:\/\/eduvic.coop\/es\/#\/schema\/person\/379e3651162f93b09e21bb3f8accd8b7","name":"MAD Systems, SCCL","image":{"@type":"ImageObject","inLanguage":"es","@id":"https:\/\/secure.gravatar.com\/avatar\/5116f7ad06d3420ede2d61afd6c51617cf548ad86d0b2a506fab574f6a457171?s=96&d=mm&r=g","url":"https:\/\/secure.gravatar.com\/avatar\/5116f7ad06d3420ede2d61afd6c51617cf548ad86d0b2a506fab574f6a457171?s=96&d=mm&r=g","contentUrl":"https:\/\/secure.gravatar.com\/avatar\/5116f7ad06d3420ede2d61afd6c51617cf548ad86d0b2a506fab574f6a457171?s=96&d=mm&r=g","caption":"MAD Systems, SCCL"},"sameAs":["https:\/\/eduvic.coop"],"url":"https:\/\/eduvic.coop\/es\/author\/madsystems\/"}]}},"_links":{"self":[{"href":"https:\/\/eduvic.coop\/es\/wp-json\/wp\/v2\/posts\/945","targetHints":{"allow":["GET"]}}],"collection":[{"href":"https:\/\/eduvic.coop\/es\/wp-json\/wp\/v2\/posts"}],"about":[{"href":"https:\/\/eduvic.coop\/es\/wp-json\/wp\/v2\/types\/post"}],"author":[{"embeddable":true,"href":"https:\/\/eduvic.coop\/es\/wp-json\/wp\/v2\/users\/1"}],"replies":[{"embeddable":true,"href":"https:\/\/eduvic.coop\/es\/wp-json\/wp\/v2\/comments?post=945"}],"version-history":[{"count":4,"href":"https:\/\/eduvic.coop\/es\/wp-json\/wp\/v2\/posts\/945\/revisions"}],"predecessor-version":[{"id":6950,"href":"https:\/\/eduvic.coop\/es\/wp-json\/wp\/v2\/posts\/945\/revisions\/6950"}],"wp:featuredmedia":[{"embeddable":true,"href":"https:\/\/eduvic.coop\/es\/wp-json\/wp\/v2\/media\/1328"}],"wp:attachment":[{"href":"https:\/\/eduvic.coop\/es\/wp-json\/wp\/v2\/media?parent=945"}],"wp:term":[{"taxonomy":"category","embeddable":true,"href":"https:\/\/eduvic.coop\/es\/wp-json\/wp\/v2\/categories?post=945"},{"taxonomy":"post_tag","embeddable":true,"href":"https:\/\/eduvic.coop\/es\/wp-json\/wp\/v2\/tags?post=945"}],"curies":[{"name":"wp","href":"https:\/\/api.w.org\/{rel}","templated":true}]}}