{"id":9413,"date":"2025-08-21T15:35:37","date_gmt":"2025-08-21T13:35:37","guid":{"rendered":"https:\/\/eduvic.coop\/?p=9413"},"modified":"2026-01-28T13:25:30","modified_gmt":"2026-01-28T11:25:30","slug":"asamblea-general-eduvic-2024","status":"publish","type":"post","link":"https:\/\/eduvic.coop\/es\/asamblea-general-eduvic-2024\/","title":{"rendered":"Asamblea General EDUVIC 2025: participaci\u00f3n y transparencia en el modelo cooperativo"},"content":{"rendered":"<div class=\"wpb-content-wrapper\"><p>[vc_row][vc_column width=&#8221;1\/2&#8243;][vc_column_text css=&#8221;&#8221;]El 6 de junio de 2025, EDUVIC celebr\u00f3 su Asamblea General Ordinaria y Extraordinaria en el centro @bloc4bcn. Este encuentro anual es uno de los espacios m\u00e1s relevantes de nuestra gobernanza cooperativa, donde las personas socias de la cooperativa EDUVIC toman parte activa en la toma de decisiones, revisan la gesti\u00f3n del \u00faltimo a\u00f1o y marcan el rumbo de futuro del proyecto.<\/p>\n<p>&nbsp;<\/p>\n<h2><strong>Transparencia y democracia en la asamblea cooperativa<\/strong><\/h2>\n<p>Durante la jornada, se compartieron varios puntos clave para el buen funcionamiento de la cooperativa, siempre con el objetivo de garantizar la transparencia, la participaci\u00f3n democr\u00e1tica y la corresponsabilidad:<\/p>\n<p>\u2705 Informe sobre el estado actual de las personas socias de EDUVIC<\/p>\n<p>\ud83d\udcca Presentaci\u00f3n y aprobaci\u00f3n de las cuentas anuales de la cooperativa correspondientes al ejercicio 2024, con aprobaci\u00f3n un\u00e1nime<\/p>\n<p>\ud83e\udded Exposici\u00f3n del documento estrat\u00e9gico CECiOP (Contexto Externo, Contexto Interno y Oportunidades), clave para entender los retos y las oportunidades de nuestro entorno<\/p>\n<p>\ud83d\uddd3\ufe0f Calendario de pr\u00f3ximas asambleas para el a\u00f1o 2026, que permite planificar y garantizar la m\u00e1xima asistencia<\/p>\n<p>\ud83d\udcdd Aprobaci\u00f3n de la actualizaci\u00f3n del Reglamento de Organizaci\u00f3n y Funcionamiento (ROF), documento esencial para el marco normativo interno<\/p>\n<p>&nbsp;<\/p>\n<h2><strong>Un modelo cooperativo arraigado a la participaci\u00f3n<\/strong><\/h2>\n<p>Las asambleas generales son la expresi\u00f3n m\u00e1xima del compromiso de las cooperativas con la democracia interna. En EDUVIC, estos espacios de encuentro son fundamentales para mantener vivo nuestro modelo: colaborativo, \u00e9tico y orientado al bienestar de las personas.<\/p>\n<p>Esta asamblea de socias y socios refuerza nuestro compromiso con una gesti\u00f3n clara y responsable, una toma de decisiones colectiva y una mirada estrat\u00e9gica hacia el futuro.<\/p>\n<p>&nbsp;<\/p>\n<h2><strong>EDUVIC: construyendo cooperativismo con impacto social<\/strong><\/h2>\n<p>Con m\u00e1s de 30 a\u00f1os de historia, EDUVIC es una cooperativa de iniciativa social que trabaja desde la acci\u00f3n comunitaria, la psicoterapia y la educaci\u00f3n, promoviendo v\u00ednculos sanos, justicia social y desarrollo humano.<\/p>\n<p>Gracias a todas las personas socias de EDUVIC que hicisteis posible esta asamblea![\/vc_column_text][\/vc_column][vc_column width=&#8221;1\/2&#8243;]<div id=\"ult-carousel-175075812969f4432d22a3f\" class=\"ult-carousel-wrapper   ult_vertical\" data-gutter=\"15\" data-rtl=\"false\" ><div class=\"ult-carousel-267984350369f4432d2295a \" >[vc_single_image image=&#8221;9433&#8243; img_size=&#8221;large&#8221; css=&#8221;&#8221;][vc_single_image image=&#8221;9450&#8243; img_size=&#8221;large&#8221; css=&#8221;&#8221;][vc_single_image image=&#8221;9452&#8243; img_size=&#8221;large&#8221; css=&#8221;&#8221;][vc_single_image image=&#8221;9454&#8243; img_size=&#8221;large&#8221; css=&#8221;&#8221;][vc_single_image image=&#8221;9425&#8243; img_size=&#8221;large&#8221; css=&#8221;&#8221;][vc_single_image image=&#8221;9423&#8243; img_size=&#8221;large&#8221; css=&#8221;&#8221;][vc_single_image image=&#8221;9448&#8243; img_size=&#8221;large&#8221; css=&#8221;&#8221;]<\/div><\/div>\t\t\t<script type=\"text\/javascript\">\n\t\t\t\tjQuery(document).ready(function ($) {\n\t\t\t\t\tif( typeof jQuery('.ult-carousel-267984350369f4432d2295a').slick == \"function\"){\n\t\t\t\t\t\t$('.ult-carousel-267984350369f4432d2295a').slick({dots: false,autoplay: true,autoplaySpeed: \"5000\",speed: \"300\",infinite: true,arrows: true,nextArrow: '<button type=\"button\" role=\"button\" aria-label=\"Next\" style=\"color:#333333; font-size:20px;\" class=\"slick-next default\"><i class=\"ultsl-arrow-right4\"><\/i><\/button>',prevArrow: '<button type=\"button\" role=\"button\" aria-label=\"Previous\" style=\"color:#333333; font-size:20px;\" class=\"slick-prev default\"><i class=\"ultsl-arrow-left4\"><\/i><\/button>',slidesToScroll:4,slidesToShow:4,swipe: true,draggable: true,touchMove: true,vertical: true,pauseOnHover: true,pauseOnFocus: false,responsive: [\n\t\t\t\t\t\t\t{\n\t\t\t\t\t\t\t  breakpoint: 1026,\n\t\t\t\t\t\t\t  settings: {\n\t\t\t\t\t\t\t\tslidesToShow: 4,\n\t\t\t\t\t\t\t\tslidesToScroll: 4,  \n\t\t\t\t\t\t\t  }\n\t\t\t\t\t\t\t},\n\t\t\t\t\t\t\t{\n\t\t\t\t\t\t\t  breakpoint: 1025,\n\t\t\t\t\t\t\t  settings: {\n\t\t\t\t\t\t\t\tslidesToShow: 2,\n\t\t\t\t\t\t\t\tslidesToScroll: 2\n\t\t\t\t\t\t\t  }\n\t\t\t\t\t\t\t},\n\t\t\t\t\t\t\t{\n\t\t\t\t\t\t\t  breakpoint: 760,\n\t\t\t\t\t\t\t  settings: {\n\t\t\t\t\t\t\t\tslidesToShow: 2,\n\t\t\t\t\t\t\t\tslidesToScroll: 2\n\t\t\t\t\t\t\t  }\n\t\t\t\t\t\t\t}\n\t\t\t\t\t\t],pauseOnDotsHover: true,customPaging: function(slider, i) {\n                   return '<i type=\"button\" style= \"color:#333333;\" class=\"ultsl-record\" data-role=\"none\"><\/i>';\n                },});\n\t\t\t\t\t}\n\t\t\t\t});\n\t\t\t<\/script>\n\t\t\t[vc_empty_space height=&#8221;80px&#8221;][\/vc_column][\/vc_row][vc_section][vc_row][vc_column][vc_empty_space height=&#8221;100px&#8221;][\/vc_column][\/vc_row][\/vc_section]<\/p>\n<\/div>","protected":false},"excerpt":{"rendered":"<p>El 6 de junio de 2024, EDUVIC celebr\u00f3 su Asamblea General Ordinaria y Extraordinaria en el centro @bloc4bcn. Este encuentro anual es uno de los espacios m\u00e1s relevantes de nuestra gobernanza cooperativa, donde las personas socias de la cooperativa EDUVIC toman parte activa en la toma de decisiones, revisan la gesti\u00f3n del \u00faltimo a\u00f1o y marcan el rumbo de futuro del proyecto.<\/p>\n","protected":false},"author":9,"featured_media":9452,"comment_status":"closed","ping_status":"closed","sticky":false,"template":"","format":"standard","meta":{"footnotes":""},"categories":[53],"tags":[],"class_list":["post-9413","post","type-post","status-publish","format-standard","has-post-thumbnail","hentry","category-noticias-es","generate-columns","tablet-grid-50","mobile-grid-100","grid-parent","grid-50","no-featured-image-padding"],"yoast_head":"<!-- This site is optimized with the Yoast SEO plugin v27.4 - https:\/\/yoast.com\/product\/yoast-seo-wordpress\/ -->\n<title>Asamblea General EDUVIC 2025: participaci\u00f3n y transparencia en el modelo cooperativo - EDUVIC<\/title>\n<meta name=\"description\" content=\"Asamblea General EDUVIC 2024: participaci\u00f3n, transparencia y toma de decisiones colectiva en el modelo cooperativo.\" \/>\n<meta name=\"robots\" content=\"index, follow, max-snippet:-1, max-image-preview:large, max-video-preview:-1\" \/>\n<link rel=\"canonical\" href=\"https:\/\/eduvic.coop\/es\/asamblea-general-eduvic-2024\/\" \/>\n<meta property=\"og:locale\" content=\"es_ES\" \/>\n<meta property=\"og:type\" content=\"article\" \/>\n<meta property=\"og:title\" content=\"Asamblea General EDUVIC 2025: participaci\u00f3n y transparencia en el modelo cooperativo - EDUVIC\" \/>\n<meta property=\"og:description\" content=\"Asamblea General EDUVIC 2024: participaci\u00f3n, transparencia y toma de decisiones colectiva en el modelo cooperativo.\" \/>\n<meta property=\"og:url\" content=\"https:\/\/eduvic.coop\/es\/asamblea-general-eduvic-2024\/\" \/>\n<meta property=\"og:site_name\" content=\"EDUVIC\" \/>\n<meta property=\"article:published_time\" content=\"2025-08-21T13:35:37+00:00\" \/>\n<meta property=\"article:modified_time\" content=\"2026-01-28T11:25:30+00:00\" \/>\n<meta property=\"og:image\" content=\"https:\/\/eduvic.coop\/wp-content\/uploads\/2025\/06\/DSC01327-scaled.jpg\" \/>\n\t<meta property=\"og:image:width\" content=\"2560\" \/>\n\t<meta property=\"og:image:height\" content=\"1707\" \/>\n\t<meta property=\"og:image:type\" content=\"image\/jpeg\" \/>\n<meta name=\"author\" content=\"Ver\u00f3nica Esp\u00ednola\" \/>\n<meta name=\"twitter:card\" content=\"summary_large_image\" \/>\n<meta name=\"twitter:label1\" content=\"Escrito por\" \/>\n\t<meta name=\"twitter:data1\" content=\"Ver\u00f3nica Esp\u00ednola\" \/>\n\t<meta name=\"twitter:label2\" content=\"Tiempo de lectura\" \/>\n\t<meta name=\"twitter:data2\" content=\"4 minutos\" \/>\n<script type=\"application\/ld+json\" class=\"yoast-schema-graph\">{\"@context\":\"https:\\\/\\\/schema.org\",\"@graph\":[{\"@type\":\"Article\",\"@id\":\"https:\\\/\\\/eduvic.coop\\\/es\\\/asamblea-general-eduvic-2024\\\/#article\",\"isPartOf\":{\"@id\":\"https:\\\/\\\/eduvic.coop\\\/es\\\/asamblea-general-eduvic-2024\\\/\"},\"author\":{\"name\":\"Ver\u00f3nica Esp\u00ednola\",\"@id\":\"https:\\\/\\\/eduvic.coop\\\/es\\\/#\\\/schema\\\/person\\\/604e2907b5d1152d8e912ccd7b1d12c7\"},\"headline\":\"Asamblea General EDUVIC 2025: participaci\u00f3n y transparencia en el modelo cooperativo\",\"datePublished\":\"2025-08-21T13:35:37+00:00\",\"dateModified\":\"2026-01-28T11:25:30+00:00\",\"mainEntityOfPage\":{\"@id\":\"https:\\\/\\\/eduvic.coop\\\/es\\\/asamblea-general-eduvic-2024\\\/\"},\"wordCount\":457,\"publisher\":{\"@id\":\"https:\\\/\\\/eduvic.coop\\\/es\\\/#organization\"},\"image\":{\"@id\":\"https:\\\/\\\/eduvic.coop\\\/es\\\/asamblea-general-eduvic-2024\\\/#primaryimage\"},\"thumbnailUrl\":\"https:\\\/\\\/eduvic.coop\\\/wp-content\\\/uploads\\\/2025\\\/06\\\/DSC01327-scaled.jpg\",\"articleSection\":[\"Noticias\"],\"inLanguage\":\"es\"},{\"@type\":\"WebPage\",\"@id\":\"https:\\\/\\\/eduvic.coop\\\/es\\\/asamblea-general-eduvic-2024\\\/\",\"url\":\"https:\\\/\\\/eduvic.coop\\\/es\\\/asamblea-general-eduvic-2024\\\/\",\"name\":\"Asamblea General EDUVIC 2025: participaci\u00f3n y transparencia en el modelo cooperativo - EDUVIC\",\"isPartOf\":{\"@id\":\"https:\\\/\\\/eduvic.coop\\\/es\\\/#website\"},\"primaryImageOfPage\":{\"@id\":\"https:\\\/\\\/eduvic.coop\\\/es\\\/asamblea-general-eduvic-2024\\\/#primaryimage\"},\"image\":{\"@id\":\"https:\\\/\\\/eduvic.coop\\\/es\\\/asamblea-general-eduvic-2024\\\/#primaryimage\"},\"thumbnailUrl\":\"https:\\\/\\\/eduvic.coop\\\/wp-content\\\/uploads\\\/2025\\\/06\\\/DSC01327-scaled.jpg\",\"datePublished\":\"2025-08-21T13:35:37+00:00\",\"dateModified\":\"2026-01-28T11:25:30+00:00\",\"description\":\"Asamblea General EDUVIC 2024: participaci\u00f3n, transparencia y toma de decisiones colectiva en el modelo cooperativo.\",\"breadcrumb\":{\"@id\":\"https:\\\/\\\/eduvic.coop\\\/es\\\/asamblea-general-eduvic-2024\\\/#breadcrumb\"},\"inLanguage\":\"es\",\"potentialAction\":[{\"@type\":\"ReadAction\",\"target\":[\"https:\\\/\\\/eduvic.coop\\\/es\\\/asamblea-general-eduvic-2024\\\/\"]}]},{\"@type\":\"ImageObject\",\"inLanguage\":\"es\",\"@id\":\"https:\\\/\\\/eduvic.coop\\\/es\\\/asamblea-general-eduvic-2024\\\/#primaryimage\",\"url\":\"https:\\\/\\\/eduvic.coop\\\/wp-content\\\/uploads\\\/2025\\\/06\\\/DSC01327-scaled.jpg\",\"contentUrl\":\"https:\\\/\\\/eduvic.coop\\\/wp-content\\\/uploads\\\/2025\\\/06\\\/DSC01327-scaled.jpg\",\"width\":2560,\"height\":1707,\"caption\":\"Personas de EDUVIC aplaudiendo con entusiasmo en una asamblea.\"},{\"@type\":\"BreadcrumbList\",\"@id\":\"https:\\\/\\\/eduvic.coop\\\/es\\\/asamblea-general-eduvic-2024\\\/#breadcrumb\",\"itemListElement\":[{\"@type\":\"ListItem\",\"position\":1,\"name\":\"Inici\",\"item\":\"https:\\\/\\\/eduvic.coop\\\/es\\\/\"},{\"@type\":\"ListItem\",\"position\":2,\"name\":\"Asamblea General EDUVIC 2025: participaci\u00f3n y transparencia en el modelo cooperativo\"}]},{\"@type\":\"WebSite\",\"@id\":\"https:\\\/\\\/eduvic.coop\\\/es\\\/#website\",\"url\":\"https:\\\/\\\/eduvic.coop\\\/es\\\/\",\"name\":\"EDUVIC\",\"description\":\"\",\"publisher\":{\"@id\":\"https:\\\/\\\/eduvic.coop\\\/es\\\/#organization\"},\"potentialAction\":[{\"@type\":\"SearchAction\",\"target\":{\"@type\":\"EntryPoint\",\"urlTemplate\":\"https:\\\/\\\/eduvic.coop\\\/es\\\/?s={search_term_string}\"},\"query-input\":{\"@type\":\"PropertyValueSpecification\",\"valueRequired\":true,\"valueName\":\"search_term_string\"}}],\"inLanguage\":\"es\"},{\"@type\":\"Organization\",\"@id\":\"https:\\\/\\\/eduvic.coop\\\/es\\\/#organization\",\"name\":\"EDUVIC\",\"url\":\"https:\\\/\\\/eduvic.coop\\\/es\\\/\",\"logo\":{\"@type\":\"ImageObject\",\"inLanguage\":\"es\",\"@id\":\"https:\\\/\\\/eduvic.coop\\\/es\\\/#\\\/schema\\\/logo\\\/image\\\/\",\"url\":\"https:\\\/\\\/eduvic.coop\\\/wp-content\\\/uploads\\\/2024\\\/12\\\/cropped-EDUVIC-1.png\",\"contentUrl\":\"https:\\\/\\\/eduvic.coop\\\/wp-content\\\/uploads\\\/2024\\\/12\\\/cropped-EDUVIC-1.png\",\"width\":4440,\"height\":1743,\"caption\":\"EDUVIC\"},\"image\":{\"@id\":\"https:\\\/\\\/eduvic.coop\\\/es\\\/#\\\/schema\\\/logo\\\/image\\\/\"}},{\"@type\":\"Person\",\"@id\":\"https:\\\/\\\/eduvic.coop\\\/es\\\/#\\\/schema\\\/person\\\/604e2907b5d1152d8e912ccd7b1d12c7\",\"name\":\"Ver\u00f3nica Esp\u00ednola\",\"image\":{\"@type\":\"ImageObject\",\"inLanguage\":\"es\",\"@id\":\"https:\\\/\\\/secure.gravatar.com\\\/avatar\\\/d6a7ca33fade4f018df0728e6089b0f15cfe276f3ad92af921512f3aed7e1d60?s=96&d=mm&r=g\",\"url\":\"https:\\\/\\\/secure.gravatar.com\\\/avatar\\\/d6a7ca33fade4f018df0728e6089b0f15cfe276f3ad92af921512f3aed7e1d60?s=96&d=mm&r=g\",\"contentUrl\":\"https:\\\/\\\/secure.gravatar.com\\\/avatar\\\/d6a7ca33fade4f018df0728e6089b0f15cfe276f3ad92af921512f3aed7e1d60?s=96&d=mm&r=g\",\"caption\":\"Ver\u00f3nica Esp\u00ednola\"},\"url\":\"https:\\\/\\\/eduvic.coop\\\/es\\\/author\\\/veronica-espinola\\\/\"}]}<\/script>\n<!-- \/ Yoast SEO plugin. -->","yoast_head_json":{"title":"Asamblea General EDUVIC 2025: participaci\u00f3n y transparencia en el modelo cooperativo - EDUVIC","description":"Asamblea General EDUVIC 2024: participaci\u00f3n, transparencia y toma de decisiones colectiva en el modelo cooperativo.","robots":{"index":"index","follow":"follow","max-snippet":"max-snippet:-1","max-image-preview":"max-image-preview:large","max-video-preview":"max-video-preview:-1"},"canonical":"https:\/\/eduvic.coop\/es\/asamblea-general-eduvic-2024\/","og_locale":"es_ES","og_type":"article","og_title":"Asamblea General EDUVIC 2025: participaci\u00f3n y transparencia en el modelo cooperativo - EDUVIC","og_description":"Asamblea General EDUVIC 2024: participaci\u00f3n, transparencia y toma de decisiones colectiva en el modelo cooperativo.","og_url":"https:\/\/eduvic.coop\/es\/asamblea-general-eduvic-2024\/","og_site_name":"EDUVIC","article_published_time":"2025-08-21T13:35:37+00:00","article_modified_time":"2026-01-28T11:25:30+00:00","og_image":[{"width":2560,"height":1707,"url":"https:\/\/eduvic.coop\/wp-content\/uploads\/2025\/06\/DSC01327-scaled.jpg","type":"image\/jpeg"}],"author":"Ver\u00f3nica Esp\u00ednola","twitter_card":"summary_large_image","twitter_misc":{"Escrito por":"Ver\u00f3nica Esp\u00ednola","Tiempo de lectura":"4 minutos"},"schema":{"@context":"https:\/\/schema.org","@graph":[{"@type":"Article","@id":"https:\/\/eduvic.coop\/es\/asamblea-general-eduvic-2024\/#article","isPartOf":{"@id":"https:\/\/eduvic.coop\/es\/asamblea-general-eduvic-2024\/"},"author":{"name":"Ver\u00f3nica Esp\u00ednola","@id":"https:\/\/eduvic.coop\/es\/#\/schema\/person\/604e2907b5d1152d8e912ccd7b1d12c7"},"headline":"Asamblea General EDUVIC 2025: participaci\u00f3n y transparencia en el modelo cooperativo","datePublished":"2025-08-21T13:35:37+00:00","dateModified":"2026-01-28T11:25:30+00:00","mainEntityOfPage":{"@id":"https:\/\/eduvic.coop\/es\/asamblea-general-eduvic-2024\/"},"wordCount":457,"publisher":{"@id":"https:\/\/eduvic.coop\/es\/#organization"},"image":{"@id":"https:\/\/eduvic.coop\/es\/asamblea-general-eduvic-2024\/#primaryimage"},"thumbnailUrl":"https:\/\/eduvic.coop\/wp-content\/uploads\/2025\/06\/DSC01327-scaled.jpg","articleSection":["Noticias"],"inLanguage":"es"},{"@type":"WebPage","@id":"https:\/\/eduvic.coop\/es\/asamblea-general-eduvic-2024\/","url":"https:\/\/eduvic.coop\/es\/asamblea-general-eduvic-2024\/","name":"Asamblea General EDUVIC 2025: participaci\u00f3n y transparencia en el modelo cooperativo - EDUVIC","isPartOf":{"@id":"https:\/\/eduvic.coop\/es\/#website"},"primaryImageOfPage":{"@id":"https:\/\/eduvic.coop\/es\/asamblea-general-eduvic-2024\/#primaryimage"},"image":{"@id":"https:\/\/eduvic.coop\/es\/asamblea-general-eduvic-2024\/#primaryimage"},"thumbnailUrl":"https:\/\/eduvic.coop\/wp-content\/uploads\/2025\/06\/DSC01327-scaled.jpg","datePublished":"2025-08-21T13:35:37+00:00","dateModified":"2026-01-28T11:25:30+00:00","description":"Asamblea General EDUVIC 2024: participaci\u00f3n, transparencia y toma de decisiones colectiva en el modelo cooperativo.","breadcrumb":{"@id":"https:\/\/eduvic.coop\/es\/asamblea-general-eduvic-2024\/#breadcrumb"},"inLanguage":"es","potentialAction":[{"@type":"ReadAction","target":["https:\/\/eduvic.coop\/es\/asamblea-general-eduvic-2024\/"]}]},{"@type":"ImageObject","inLanguage":"es","@id":"https:\/\/eduvic.coop\/es\/asamblea-general-eduvic-2024\/#primaryimage","url":"https:\/\/eduvic.coop\/wp-content\/uploads\/2025\/06\/DSC01327-scaled.jpg","contentUrl":"https:\/\/eduvic.coop\/wp-content\/uploads\/2025\/06\/DSC01327-scaled.jpg","width":2560,"height":1707,"caption":"Personas de EDUVIC aplaudiendo con entusiasmo en una asamblea."},{"@type":"BreadcrumbList","@id":"https:\/\/eduvic.coop\/es\/asamblea-general-eduvic-2024\/#breadcrumb","itemListElement":[{"@type":"ListItem","position":1,"name":"Inici","item":"https:\/\/eduvic.coop\/es\/"},{"@type":"ListItem","position":2,"name":"Asamblea General EDUVIC 2025: participaci\u00f3n y transparencia en el modelo cooperativo"}]},{"@type":"WebSite","@id":"https:\/\/eduvic.coop\/es\/#website","url":"https:\/\/eduvic.coop\/es\/","name":"EDUVIC","description":"","publisher":{"@id":"https:\/\/eduvic.coop\/es\/#organization"},"potentialAction":[{"@type":"SearchAction","target":{"@type":"EntryPoint","urlTemplate":"https:\/\/eduvic.coop\/es\/?s={search_term_string}"},"query-input":{"@type":"PropertyValueSpecification","valueRequired":true,"valueName":"search_term_string"}}],"inLanguage":"es"},{"@type":"Organization","@id":"https:\/\/eduvic.coop\/es\/#organization","name":"EDUVIC","url":"https:\/\/eduvic.coop\/es\/","logo":{"@type":"ImageObject","inLanguage":"es","@id":"https:\/\/eduvic.coop\/es\/#\/schema\/logo\/image\/","url":"https:\/\/eduvic.coop\/wp-content\/uploads\/2024\/12\/cropped-EDUVIC-1.png","contentUrl":"https:\/\/eduvic.coop\/wp-content\/uploads\/2024\/12\/cropped-EDUVIC-1.png","width":4440,"height":1743,"caption":"EDUVIC"},"image":{"@id":"https:\/\/eduvic.coop\/es\/#\/schema\/logo\/image\/"}},{"@type":"Person","@id":"https:\/\/eduvic.coop\/es\/#\/schema\/person\/604e2907b5d1152d8e912ccd7b1d12c7","name":"Ver\u00f3nica Esp\u00ednola","image":{"@type":"ImageObject","inLanguage":"es","@id":"https:\/\/secure.gravatar.com\/avatar\/d6a7ca33fade4f018df0728e6089b0f15cfe276f3ad92af921512f3aed7e1d60?s=96&d=mm&r=g","url":"https:\/\/secure.gravatar.com\/avatar\/d6a7ca33fade4f018df0728e6089b0f15cfe276f3ad92af921512f3aed7e1d60?s=96&d=mm&r=g","contentUrl":"https:\/\/secure.gravatar.com\/avatar\/d6a7ca33fade4f018df0728e6089b0f15cfe276f3ad92af921512f3aed7e1d60?s=96&d=mm&r=g","caption":"Ver\u00f3nica Esp\u00ednola"},"url":"https:\/\/eduvic.coop\/es\/author\/veronica-espinola\/"}]}},"_links":{"self":[{"href":"https:\/\/eduvic.coop\/es\/wp-json\/wp\/v2\/posts\/9413","targetHints":{"allow":["GET"]}}],"collection":[{"href":"https:\/\/eduvic.coop\/es\/wp-json\/wp\/v2\/posts"}],"about":[{"href":"https:\/\/eduvic.coop\/es\/wp-json\/wp\/v2\/types\/post"}],"author":[{"embeddable":true,"href":"https:\/\/eduvic.coop\/es\/wp-json\/wp\/v2\/users\/9"}],"replies":[{"embeddable":true,"href":"https:\/\/eduvic.coop\/es\/wp-json\/wp\/v2\/comments?post=9413"}],"version-history":[{"count":61,"href":"https:\/\/eduvic.coop\/es\/wp-json\/wp\/v2\/posts\/9413\/revisions"}],"predecessor-version":[{"id":9942,"href":"https:\/\/eduvic.coop\/es\/wp-json\/wp\/v2\/posts\/9413\/revisions\/9942"}],"wp:featuredmedia":[{"embeddable":true,"href":"https:\/\/eduvic.coop\/es\/wp-json\/wp\/v2\/media\/9452"}],"wp:attachment":[{"href":"https:\/\/eduvic.coop\/es\/wp-json\/wp\/v2\/media?parent=9413"}],"wp:term":[{"taxonomy":"category","embeddable":true,"href":"https:\/\/eduvic.coop\/es\/wp-json\/wp\/v2\/categories?post=9413"},{"taxonomy":"post_tag","embeddable":true,"href":"https:\/\/eduvic.coop\/es\/wp-json\/wp\/v2\/tags?post=9413"}],"curies":[{"name":"wp","href":"https:\/\/api.w.org\/{rel}","templated":true}]}}