{"id":7494,"date":"2023-03-30T11:07:59","date_gmt":"2023-03-30T09:07:59","guid":{"rendered":"https:\/\/eduvic.coop\/?p=7494"},"modified":"2023-03-30T11:07:59","modified_gmt":"2023-03-30T09:07:59","slug":"celebramos-el-29o-aniversario-de-eduvic","status":"publish","type":"post","link":"https:\/\/eduvic.coop\/es\/celebramos-el-29o-aniversario-de-eduvic\/","title":{"rendered":"Celebramos el 29\u00ba aniversario de EDUVIC"},"content":{"rendered":"<p><iframe loading=\"lazy\" title=\"29\u00ba ANIVERSARIO DE EDUVIC\" width=\"1200\" height=\"900\" src=\"https:\/\/www.youtube.com\/embed\/DjjLLosJoec?feature=oembed\" frameborder=\"0\" allow=\"accelerometer; autoplay; clipboard-write; encrypted-media; gyroscope; picture-in-picture; web-share\" allowfullscreen><\/iframe><\/p>\n<p>\ud83c\udf8aHoy celebramos el 29 aniversario de EDUVIC\ud83c\udf8a<\/p>\n<p>Durante casi tres d\u00e9cadas hemos estado trabajando incansablemente por el bienestar social, emocional y relacional de las personas de nuestra sociedad desde nuestra especializaci\u00f3n en infancia, adolescencia y familias.<\/p>\n<p>Desde ese 30 de marzo de 1994, hemos vivido nuestra labor profesional como un proceso constante, en el que la creatividad y el aprendizaje son esenciales. Veintinueve a\u00f1os despu\u00e9s, seguimos recreando nuestros modelos de intervenci\u00f3n tanto en el \u00e1mbito socioeducativo como en el psicoterap\u00e9utico.<\/p>\n<p>Hemos realizado nuestra actividad profesional siendo fieles a nuestra identidad y siempre orientadas y orientados a nuestro prop\u00f3sito.<\/p>\n<p>Nuestros valores han sido una gu\u00eda que nos ha servido para mantener la coherencia y compromiso como cooperativa de iniciativa social responsable y sostenible.<\/p>\n<p>Han sido veintinueve a\u00f1os de grandes dosis de humildad y coraje, de curiosidad y sinton\u00eda solidaria con las personas de nuestra comunidad, para buscar siempre nuevas formas de dar respuesta a las necesidades sociales emergentes.<\/p>\n<p>Hemos trabajado para garantizar los derechos de la infancia, la adolescencia y las familias, ofreciendo apoyo en \u00e1mbitos tan diversos como la acci\u00f3n socioeducativa, la protecci\u00f3n, la salud mental (emocional y relacional), la educaci\u00f3n, el deporte y la inclusi\u00f3n social.<\/p>\n<p>A trav\u00e9s de nuestros proyectos, programas y servicios, hemos colaborado activamente en la construcci\u00f3n de una sociedad m\u00e1s justa y equitativa y lo hemos hecho con una expl\u00edcita vocaci\u00f3n de servicio a la comunidad.<\/p>\n<p>Nos hemos construido durante estos 10.592 d\u00edas, desde la apertura y la sensibilidad hacia el entorno, el sentido de comunidad, la capacidad de innovaci\u00f3n, el aprendizaje en equipo, la construcci\u00f3n de una visi\u00f3n compartida y el pensamiento sist\u00e9mico relacional .<\/p>\n<p>Y en los \u00faltimos diez a\u00f1os nos hemos imbuido de la comprensi\u00f3n del trauma y la adquisici\u00f3n de los nuevos conocimientos que nos aporta la neurociencia aplicada.<\/p>\n<p>En esta celebraci\u00f3n, no podemos dejar de recordar a todas las personas peque\u00f1as y mayores con las que hemos compartido nuestros espacios profesionales. A ellas, dedicamos todos los logros y tambi\u00e9n las dificultades que hemos superado a lo largo de estos veintinueve a\u00f1os.<\/p>\n<p>De ellas hemos aprendido tanto&#8230; Hemos aprendido a transformar los retos en oportunidades, crecer y evolucionar, sin perder nunca de vista nuestro prop\u00f3sito.<\/p>\n<p>\ud83c\udf82Por muchos a\u00f1os m\u00e1s que podamos celebrarlo!<\/p>\n","protected":false},"excerpt":{"rendered":"<p> &#8230; <\/p>\n<p class=\"read-more-container\"><a title=\"Celebramos el 29\u00ba aniversario de EDUVIC\" class=\"read-more button\" href=\"https:\/\/eduvic.coop\/es\/celebramos-el-29o-aniversario-de-eduvic\/#more-7494\" aria-label=\"Leer m\u00e1s sobre Celebramos el 29\u00ba aniversario de EDUVIC\">Leer m\u00e1s<\/a><\/p>\n","protected":false},"author":10,"featured_media":7504,"comment_status":"closed","ping_status":"closed","sticky":false,"template":"","format":"standard","meta":{"footnotes":""},"categories":[40,53],"tags":[],"class_list":["post-7494","post","type-post","status-publish","format-standard","has-post-thumbnail","hentry","category-blog-es","category-noticias-es","generate-columns","tablet-grid-50","mobile-grid-100","grid-parent","grid-50","no-featured-image-padding"],"yoast_head":"<!-- This site is optimized with the Yoast SEO plugin v27.4 - https:\/\/yoast.com\/product\/yoast-seo-wordpress\/ -->\n<title>Celebramos el 29\u00ba aniversario de EDUVIC - EDUVIC<\/title>\n<meta name=\"robots\" content=\"index, follow, max-snippet:-1, max-image-preview:large, max-video-preview:-1\" \/>\n<link rel=\"canonical\" href=\"https:\/\/eduvic.coop\/es\/celebramos-el-29o-aniversario-de-eduvic\/\" \/>\n<meta property=\"og:locale\" content=\"es_ES\" \/>\n<meta property=\"og:type\" content=\"article\" \/>\n<meta property=\"og:title\" content=\"Celebramos el 29\u00ba aniversario de EDUVIC - EDUVIC\" \/>\n<meta property=\"og:description\" content=\"... Leer m\u00e1s\" \/>\n<meta property=\"og:url\" content=\"https:\/\/eduvic.coop\/es\/celebramos-el-29o-aniversario-de-eduvic\/\" \/>\n<meta property=\"og:site_name\" content=\"EDUVIC\" \/>\n<meta property=\"article:published_time\" content=\"2023-03-30T09:07:59+00:00\" \/>\n<meta property=\"og:image\" content=\"https:\/\/eduvic.coop\/wp-content\/uploads\/2023\/03\/banner-cast-scaled.jpeg\" \/>\n\t<meta property=\"og:image:width\" content=\"2560\" \/>\n\t<meta property=\"og:image:height\" content=\"1280\" \/>\n\t<meta property=\"og:image:type\" content=\"image\/jpeg\" \/>\n<meta name=\"author\" content=\"Anna Forcadell\" \/>\n<meta name=\"twitter:card\" content=\"summary_large_image\" \/>\n<meta name=\"twitter:label1\" content=\"Escrito por\" \/>\n\t<meta name=\"twitter:data1\" content=\"Anna Forcadell\" \/>\n\t<meta name=\"twitter:label2\" content=\"Tiempo de lectura\" \/>\n\t<meta name=\"twitter:data2\" content=\"3 minutos\" \/>\n<script type=\"application\/ld+json\" class=\"yoast-schema-graph\">{\"@context\":\"https:\\\/\\\/schema.org\",\"@graph\":[{\"@type\":\"Article\",\"@id\":\"https:\\\/\\\/eduvic.coop\\\/es\\\/celebramos-el-29o-aniversario-de-eduvic\\\/#article\",\"isPartOf\":{\"@id\":\"https:\\\/\\\/eduvic.coop\\\/es\\\/celebramos-el-29o-aniversario-de-eduvic\\\/\"},\"author\":{\"name\":\"Anna Forcadell\",\"@id\":\"https:\\\/\\\/eduvic.coop\\\/es\\\/#\\\/schema\\\/person\\\/e25102cf79a2f0b102c4433f1a9d3669\"},\"headline\":\"Celebramos el 29\u00ba aniversario de EDUVIC\",\"datePublished\":\"2023-03-30T09:07:59+00:00\",\"mainEntityOfPage\":{\"@id\":\"https:\\\/\\\/eduvic.coop\\\/es\\\/celebramos-el-29o-aniversario-de-eduvic\\\/\"},\"wordCount\":411,\"publisher\":{\"@id\":\"https:\\\/\\\/eduvic.coop\\\/es\\\/#organization\"},\"image\":{\"@id\":\"https:\\\/\\\/eduvic.coop\\\/es\\\/celebramos-el-29o-aniversario-de-eduvic\\\/#primaryimage\"},\"thumbnailUrl\":\"https:\\\/\\\/eduvic.coop\\\/wp-content\\\/uploads\\\/2023\\\/03\\\/banner-cast-scaled.jpeg\",\"articleSection\":[\"Blog\",\"Noticias\"],\"inLanguage\":\"es\"},{\"@type\":\"WebPage\",\"@id\":\"https:\\\/\\\/eduvic.coop\\\/es\\\/celebramos-el-29o-aniversario-de-eduvic\\\/\",\"url\":\"https:\\\/\\\/eduvic.coop\\\/es\\\/celebramos-el-29o-aniversario-de-eduvic\\\/\",\"name\":\"Celebramos el 29\u00ba aniversario de EDUVIC - EDUVIC\",\"isPartOf\":{\"@id\":\"https:\\\/\\\/eduvic.coop\\\/es\\\/#website\"},\"primaryImageOfPage\":{\"@id\":\"https:\\\/\\\/eduvic.coop\\\/es\\\/celebramos-el-29o-aniversario-de-eduvic\\\/#primaryimage\"},\"image\":{\"@id\":\"https:\\\/\\\/eduvic.coop\\\/es\\\/celebramos-el-29o-aniversario-de-eduvic\\\/#primaryimage\"},\"thumbnailUrl\":\"https:\\\/\\\/eduvic.coop\\\/wp-content\\\/uploads\\\/2023\\\/03\\\/banner-cast-scaled.jpeg\",\"datePublished\":\"2023-03-30T09:07:59+00:00\",\"breadcrumb\":{\"@id\":\"https:\\\/\\\/eduvic.coop\\\/es\\\/celebramos-el-29o-aniversario-de-eduvic\\\/#breadcrumb\"},\"inLanguage\":\"es\",\"potentialAction\":[{\"@type\":\"ReadAction\",\"target\":[\"https:\\\/\\\/eduvic.coop\\\/es\\\/celebramos-el-29o-aniversario-de-eduvic\\\/\"]}]},{\"@type\":\"ImageObject\",\"inLanguage\":\"es\",\"@id\":\"https:\\\/\\\/eduvic.coop\\\/es\\\/celebramos-el-29o-aniversario-de-eduvic\\\/#primaryimage\",\"url\":\"https:\\\/\\\/eduvic.coop\\\/wp-content\\\/uploads\\\/2023\\\/03\\\/banner-cast-scaled.jpeg\",\"contentUrl\":\"https:\\\/\\\/eduvic.coop\\\/wp-content\\\/uploads\\\/2023\\\/03\\\/banner-cast-scaled.jpeg\",\"width\":2560,\"height\":1280},{\"@type\":\"BreadcrumbList\",\"@id\":\"https:\\\/\\\/eduvic.coop\\\/es\\\/celebramos-el-29o-aniversario-de-eduvic\\\/#breadcrumb\",\"itemListElement\":[{\"@type\":\"ListItem\",\"position\":1,\"name\":\"Inici\",\"item\":\"https:\\\/\\\/eduvic.coop\\\/es\\\/\"},{\"@type\":\"ListItem\",\"position\":2,\"name\":\"Celebramos el 29\u00ba aniversario de EDUVIC\"}]},{\"@type\":\"WebSite\",\"@id\":\"https:\\\/\\\/eduvic.coop\\\/es\\\/#website\",\"url\":\"https:\\\/\\\/eduvic.coop\\\/es\\\/\",\"name\":\"EDUVIC\",\"description\":\"\",\"publisher\":{\"@id\":\"https:\\\/\\\/eduvic.coop\\\/es\\\/#organization\"},\"potentialAction\":[{\"@type\":\"SearchAction\",\"target\":{\"@type\":\"EntryPoint\",\"urlTemplate\":\"https:\\\/\\\/eduvic.coop\\\/es\\\/?s={search_term_string}\"},\"query-input\":{\"@type\":\"PropertyValueSpecification\",\"valueRequired\":true,\"valueName\":\"search_term_string\"}}],\"inLanguage\":\"es\"},{\"@type\":\"Organization\",\"@id\":\"https:\\\/\\\/eduvic.coop\\\/es\\\/#organization\",\"name\":\"EDUVIC\",\"url\":\"https:\\\/\\\/eduvic.coop\\\/es\\\/\",\"logo\":{\"@type\":\"ImageObject\",\"inLanguage\":\"es\",\"@id\":\"https:\\\/\\\/eduvic.coop\\\/es\\\/#\\\/schema\\\/logo\\\/image\\\/\",\"url\":\"https:\\\/\\\/eduvic.coop\\\/wp-content\\\/uploads\\\/2024\\\/12\\\/cropped-EDUVIC-1.png\",\"contentUrl\":\"https:\\\/\\\/eduvic.coop\\\/wp-content\\\/uploads\\\/2024\\\/12\\\/cropped-EDUVIC-1.png\",\"width\":4440,\"height\":1743,\"caption\":\"EDUVIC\"},\"image\":{\"@id\":\"https:\\\/\\\/eduvic.coop\\\/es\\\/#\\\/schema\\\/logo\\\/image\\\/\"}},{\"@type\":\"Person\",\"@id\":\"https:\\\/\\\/eduvic.coop\\\/es\\\/#\\\/schema\\\/person\\\/e25102cf79a2f0b102c4433f1a9d3669\",\"name\":\"Anna Forcadell\",\"image\":{\"@type\":\"ImageObject\",\"inLanguage\":\"es\",\"@id\":\"https:\\\/\\\/secure.gravatar.com\\\/avatar\\\/4835c161ab928f19f9d6504ae188c5891950c3227a3e234ad6849927aa4879ea?s=96&d=mm&r=g\",\"url\":\"https:\\\/\\\/secure.gravatar.com\\\/avatar\\\/4835c161ab928f19f9d6504ae188c5891950c3227a3e234ad6849927aa4879ea?s=96&d=mm&r=g\",\"contentUrl\":\"https:\\\/\\\/secure.gravatar.com\\\/avatar\\\/4835c161ab928f19f9d6504ae188c5891950c3227a3e234ad6849927aa4879ea?s=96&d=mm&r=g\",\"caption\":\"Anna Forcadell\"},\"url\":\"https:\\\/\\\/eduvic.coop\\\/es\\\/author\\\/anna-forcadell\\\/\"}]}<\/script>\n<!-- \/ Yoast SEO plugin. -->","yoast_head_json":{"title":"Celebramos el 29\u00ba aniversario de EDUVIC - EDUVIC","robots":{"index":"index","follow":"follow","max-snippet":"max-snippet:-1","max-image-preview":"max-image-preview:large","max-video-preview":"max-video-preview:-1"},"canonical":"https:\/\/eduvic.coop\/es\/celebramos-el-29o-aniversario-de-eduvic\/","og_locale":"es_ES","og_type":"article","og_title":"Celebramos el 29\u00ba aniversario de EDUVIC - EDUVIC","og_description":"... Leer m\u00e1s","og_url":"https:\/\/eduvic.coop\/es\/celebramos-el-29o-aniversario-de-eduvic\/","og_site_name":"EDUVIC","article_published_time":"2023-03-30T09:07:59+00:00","og_image":[{"width":2560,"height":1280,"url":"https:\/\/eduvic.coop\/wp-content\/uploads\/2023\/03\/banner-cast-scaled.jpeg","type":"image\/jpeg"}],"author":"Anna Forcadell","twitter_card":"summary_large_image","twitter_misc":{"Escrito por":"Anna Forcadell","Tiempo de lectura":"3 minutos"},"schema":{"@context":"https:\/\/schema.org","@graph":[{"@type":"Article","@id":"https:\/\/eduvic.coop\/es\/celebramos-el-29o-aniversario-de-eduvic\/#article","isPartOf":{"@id":"https:\/\/eduvic.coop\/es\/celebramos-el-29o-aniversario-de-eduvic\/"},"author":{"name":"Anna Forcadell","@id":"https:\/\/eduvic.coop\/es\/#\/schema\/person\/e25102cf79a2f0b102c4433f1a9d3669"},"headline":"Celebramos el 29\u00ba aniversario de EDUVIC","datePublished":"2023-03-30T09:07:59+00:00","mainEntityOfPage":{"@id":"https:\/\/eduvic.coop\/es\/celebramos-el-29o-aniversario-de-eduvic\/"},"wordCount":411,"publisher":{"@id":"https:\/\/eduvic.coop\/es\/#organization"},"image":{"@id":"https:\/\/eduvic.coop\/es\/celebramos-el-29o-aniversario-de-eduvic\/#primaryimage"},"thumbnailUrl":"https:\/\/eduvic.coop\/wp-content\/uploads\/2023\/03\/banner-cast-scaled.jpeg","articleSection":["Blog","Noticias"],"inLanguage":"es"},{"@type":"WebPage","@id":"https:\/\/eduvic.coop\/es\/celebramos-el-29o-aniversario-de-eduvic\/","url":"https:\/\/eduvic.coop\/es\/celebramos-el-29o-aniversario-de-eduvic\/","name":"Celebramos el 29\u00ba aniversario de EDUVIC - EDUVIC","isPartOf":{"@id":"https:\/\/eduvic.coop\/es\/#website"},"primaryImageOfPage":{"@id":"https:\/\/eduvic.coop\/es\/celebramos-el-29o-aniversario-de-eduvic\/#primaryimage"},"image":{"@id":"https:\/\/eduvic.coop\/es\/celebramos-el-29o-aniversario-de-eduvic\/#primaryimage"},"thumbnailUrl":"https:\/\/eduvic.coop\/wp-content\/uploads\/2023\/03\/banner-cast-scaled.jpeg","datePublished":"2023-03-30T09:07:59+00:00","breadcrumb":{"@id":"https:\/\/eduvic.coop\/es\/celebramos-el-29o-aniversario-de-eduvic\/#breadcrumb"},"inLanguage":"es","potentialAction":[{"@type":"ReadAction","target":["https:\/\/eduvic.coop\/es\/celebramos-el-29o-aniversario-de-eduvic\/"]}]},{"@type":"ImageObject","inLanguage":"es","@id":"https:\/\/eduvic.coop\/es\/celebramos-el-29o-aniversario-de-eduvic\/#primaryimage","url":"https:\/\/eduvic.coop\/wp-content\/uploads\/2023\/03\/banner-cast-scaled.jpeg","contentUrl":"https:\/\/eduvic.coop\/wp-content\/uploads\/2023\/03\/banner-cast-scaled.jpeg","width":2560,"height":1280},{"@type":"BreadcrumbList","@id":"https:\/\/eduvic.coop\/es\/celebramos-el-29o-aniversario-de-eduvic\/#breadcrumb","itemListElement":[{"@type":"ListItem","position":1,"name":"Inici","item":"https:\/\/eduvic.coop\/es\/"},{"@type":"ListItem","position":2,"name":"Celebramos el 29\u00ba aniversario de EDUVIC"}]},{"@type":"WebSite","@id":"https:\/\/eduvic.coop\/es\/#website","url":"https:\/\/eduvic.coop\/es\/","name":"EDUVIC","description":"","publisher":{"@id":"https:\/\/eduvic.coop\/es\/#organization"},"potentialAction":[{"@type":"SearchAction","target":{"@type":"EntryPoint","urlTemplate":"https:\/\/eduvic.coop\/es\/?s={search_term_string}"},"query-input":{"@type":"PropertyValueSpecification","valueRequired":true,"valueName":"search_term_string"}}],"inLanguage":"es"},{"@type":"Organization","@id":"https:\/\/eduvic.coop\/es\/#organization","name":"EDUVIC","url":"https:\/\/eduvic.coop\/es\/","logo":{"@type":"ImageObject","inLanguage":"es","@id":"https:\/\/eduvic.coop\/es\/#\/schema\/logo\/image\/","url":"https:\/\/eduvic.coop\/wp-content\/uploads\/2024\/12\/cropped-EDUVIC-1.png","contentUrl":"https:\/\/eduvic.coop\/wp-content\/uploads\/2024\/12\/cropped-EDUVIC-1.png","width":4440,"height":1743,"caption":"EDUVIC"},"image":{"@id":"https:\/\/eduvic.coop\/es\/#\/schema\/logo\/image\/"}},{"@type":"Person","@id":"https:\/\/eduvic.coop\/es\/#\/schema\/person\/e25102cf79a2f0b102c4433f1a9d3669","name":"Anna Forcadell","image":{"@type":"ImageObject","inLanguage":"es","@id":"https:\/\/secure.gravatar.com\/avatar\/4835c161ab928f19f9d6504ae188c5891950c3227a3e234ad6849927aa4879ea?s=96&d=mm&r=g","url":"https:\/\/secure.gravatar.com\/avatar\/4835c161ab928f19f9d6504ae188c5891950c3227a3e234ad6849927aa4879ea?s=96&d=mm&r=g","contentUrl":"https:\/\/secure.gravatar.com\/avatar\/4835c161ab928f19f9d6504ae188c5891950c3227a3e234ad6849927aa4879ea?s=96&d=mm&r=g","caption":"Anna Forcadell"},"url":"https:\/\/eduvic.coop\/es\/author\/anna-forcadell\/"}]}},"_links":{"self":[{"href":"https:\/\/eduvic.coop\/es\/wp-json\/wp\/v2\/posts\/7494","targetHints":{"allow":["GET"]}}],"collection":[{"href":"https:\/\/eduvic.coop\/es\/wp-json\/wp\/v2\/posts"}],"about":[{"href":"https:\/\/eduvic.coop\/es\/wp-json\/wp\/v2\/types\/post"}],"author":[{"embeddable":true,"href":"https:\/\/eduvic.coop\/es\/wp-json\/wp\/v2\/users\/10"}],"replies":[{"embeddable":true,"href":"https:\/\/eduvic.coop\/es\/wp-json\/wp\/v2\/comments?post=7494"}],"version-history":[{"count":1,"href":"https:\/\/eduvic.coop\/es\/wp-json\/wp\/v2\/posts\/7494\/revisions"}],"predecessor-version":[{"id":7497,"href":"https:\/\/eduvic.coop\/es\/wp-json\/wp\/v2\/posts\/7494\/revisions\/7497"}],"wp:featuredmedia":[{"embeddable":true,"href":"https:\/\/eduvic.coop\/es\/wp-json\/wp\/v2\/media\/7504"}],"wp:attachment":[{"href":"https:\/\/eduvic.coop\/es\/wp-json\/wp\/v2\/media?parent=7494"}],"wp:term":[{"taxonomy":"category","embeddable":true,"href":"https:\/\/eduvic.coop\/es\/wp-json\/wp\/v2\/categories?post=7494"},{"taxonomy":"post_tag","embeddable":true,"href":"https:\/\/eduvic.coop\/es\/wp-json\/wp\/v2\/tags?post=7494"}],"curies":[{"name":"wp","href":"https:\/\/api.w.org\/{rel}","templated":true}]}}