{"id":7036,"date":"2022-04-21T13:40:30","date_gmt":"2022-04-21T11:40:30","guid":{"rendered":"https:\/\/eduvic.coop\/el-move-in-tiene-nuevo-video-promocional\/"},"modified":"2022-05-26T12:43:37","modified_gmt":"2022-05-26T10:43:37","slug":"el-move-in-tiene-nuevo-video-promocional","status":"publish","type":"post","link":"https:\/\/eduvic.coop\/es\/el-move-in-tiene-nuevo-video-promocional\/","title":{"rendered":"El Move IN tiene nuevo v\u00eddeo promocional"},"content":{"rendered":"<p>Move IN\u00b7Involved Sport es un proyecto socioeducativo para la inclusi\u00f3n social y desarrollo de habilidades b\u00e1sicas y valores inclusivos. Cuenta con el apoyo de la Comisi\u00f3n Europea y actualmente tiene varios partners de \u00e1mbito estatal y europeo.<\/p>\n<p>Gracias a la Comisi\u00f3n y a la colaboraci\u00f3n de Dragones de Lavapi\u00e9s, hemos elaborado este v\u00eddeo divulgativo del proyecto, donde explicamos en qu\u00e9 consiste el programa y cu\u00e1les son nuestras din\u00e1micas.<\/p>\n<p>&nbsp;<\/p>\n<p>Puede visualizarlo en el siguiente enlace:<\/p>\n<p><a href=\"https:\/\/drive.google.com\/file\/d\/1OPirwaLwHG1PoQlkLoxx7fFYM3_k9j_W\/view?usp=sharing\">https:\/\/drive.google.com\/file\/d\/1OPirwaLwHG1PoQlkLoxx7fFYM3_k9j_W\/view?usp=sharing<\/a><\/p>\n<p>&nbsp;<\/p>\n","protected":false},"excerpt":{"rendered":"<p> &#8230; <\/p>\n<p class=\"read-more-container\"><a title=\"El Move IN tiene nuevo v\u00eddeo promocional\" class=\"read-more button\" href=\"https:\/\/eduvic.coop\/es\/el-move-in-tiene-nuevo-video-promocional\/#more-7036\" aria-label=\"Leer m\u00e1s sobre El Move IN tiene nuevo v\u00eddeo promocional\">Leer m\u00e1s<\/a><\/p>\n","protected":false},"author":10,"featured_media":7039,"comment_status":"closed","ping_status":"closed","sticky":false,"template":"","format":"standard","meta":{"footnotes":""},"categories":[53,52],"tags":[],"class_list":["post-7036","post","type-post","status-publish","format-standard","has-post-thumbnail","hentry","category-noticias-es","category-sport-es","generate-columns","tablet-grid-50","mobile-grid-100","grid-parent","grid-50","no-featured-image-padding"],"yoast_head":"<!-- This site is optimized with the Yoast SEO plugin v27.4 - https:\/\/yoast.com\/product\/yoast-seo-wordpress\/ -->\n<title>El Move IN tiene nuevo v\u00eddeo promocional - EDUVIC<\/title>\n<meta name=\"robots\" content=\"index, follow, max-snippet:-1, max-image-preview:large, max-video-preview:-1\" \/>\n<link rel=\"canonical\" href=\"https:\/\/eduvic.coop\/es\/el-move-in-tiene-nuevo-video-promocional\/\" \/>\n<meta property=\"og:locale\" content=\"es_ES\" \/>\n<meta property=\"og:type\" content=\"article\" \/>\n<meta property=\"og:title\" content=\"El Move IN tiene nuevo v\u00eddeo promocional - EDUVIC\" \/>\n<meta property=\"og:description\" content=\"... Leer m\u00e1s\" \/>\n<meta property=\"og:url\" content=\"https:\/\/eduvic.coop\/es\/el-move-in-tiene-nuevo-video-promocional\/\" \/>\n<meta property=\"og:site_name\" content=\"EDUVIC\" \/>\n<meta property=\"article:published_time\" content=\"2022-04-21T11:40:30+00:00\" \/>\n<meta property=\"article:modified_time\" content=\"2022-05-26T10:43:37+00:00\" \/>\n<meta property=\"og:image\" content=\"https:\/\/eduvic.coop\/wp-content\/uploads\/2022\/04\/Captura-de-pantalla-2022-04-21-a-les-13.42.14-1024x570.png\" \/>\n\t<meta property=\"og:image:width\" content=\"1024\" \/>\n\t<meta property=\"og:image:height\" content=\"570\" \/>\n\t<meta property=\"og:image:type\" content=\"image\/png\" \/>\n<meta name=\"author\" content=\"Anna Forcadell\" \/>\n<meta name=\"twitter:card\" content=\"summary_large_image\" \/>\n<meta name=\"twitter:label1\" content=\"Escrito por\" \/>\n\t<meta name=\"twitter:data1\" content=\"Anna Forcadell\" \/>\n\t<meta name=\"twitter:label2\" content=\"Tiempo de lectura\" \/>\n\t<meta name=\"twitter:data2\" content=\"1 minuto\" \/>\n<script type=\"application\/ld+json\" class=\"yoast-schema-graph\">{\"@context\":\"https:\\\/\\\/schema.org\",\"@graph\":[{\"@type\":\"Article\",\"@id\":\"https:\\\/\\\/eduvic.coop\\\/es\\\/el-move-in-tiene-nuevo-video-promocional\\\/#article\",\"isPartOf\":{\"@id\":\"https:\\\/\\\/eduvic.coop\\\/es\\\/el-move-in-tiene-nuevo-video-promocional\\\/\"},\"author\":{\"name\":\"Anna Forcadell\",\"@id\":\"https:\\\/\\\/eduvic.coop\\\/es\\\/#\\\/schema\\\/person\\\/e25102cf79a2f0b102c4433f1a9d3669\"},\"headline\":\"El Move IN tiene nuevo v\u00eddeo promocional\",\"datePublished\":\"2022-04-21T11:40:30+00:00\",\"dateModified\":\"2022-05-26T10:43:37+00:00\",\"mainEntityOfPage\":{\"@id\":\"https:\\\/\\\/eduvic.coop\\\/es\\\/el-move-in-tiene-nuevo-video-promocional\\\/\"},\"wordCount\":109,\"publisher\":{\"@id\":\"https:\\\/\\\/eduvic.coop\\\/es\\\/#organization\"},\"image\":{\"@id\":\"https:\\\/\\\/eduvic.coop\\\/es\\\/el-move-in-tiene-nuevo-video-promocional\\\/#primaryimage\"},\"thumbnailUrl\":\"https:\\\/\\\/eduvic.coop\\\/wp-content\\\/uploads\\\/2022\\\/04\\\/Captura-de-pantalla-2022-04-21-a-les-13.42.14.png\",\"articleSection\":[\"Noticias\",\"Sport\"],\"inLanguage\":\"es\"},{\"@type\":\"WebPage\",\"@id\":\"https:\\\/\\\/eduvic.coop\\\/es\\\/el-move-in-tiene-nuevo-video-promocional\\\/\",\"url\":\"https:\\\/\\\/eduvic.coop\\\/es\\\/el-move-in-tiene-nuevo-video-promocional\\\/\",\"name\":\"El Move IN tiene nuevo v\u00eddeo promocional - EDUVIC\",\"isPartOf\":{\"@id\":\"https:\\\/\\\/eduvic.coop\\\/es\\\/#website\"},\"primaryImageOfPage\":{\"@id\":\"https:\\\/\\\/eduvic.coop\\\/es\\\/el-move-in-tiene-nuevo-video-promocional\\\/#primaryimage\"},\"image\":{\"@id\":\"https:\\\/\\\/eduvic.coop\\\/es\\\/el-move-in-tiene-nuevo-video-promocional\\\/#primaryimage\"},\"thumbnailUrl\":\"https:\\\/\\\/eduvic.coop\\\/wp-content\\\/uploads\\\/2022\\\/04\\\/Captura-de-pantalla-2022-04-21-a-les-13.42.14.png\",\"datePublished\":\"2022-04-21T11:40:30+00:00\",\"dateModified\":\"2022-05-26T10:43:37+00:00\",\"breadcrumb\":{\"@id\":\"https:\\\/\\\/eduvic.coop\\\/es\\\/el-move-in-tiene-nuevo-video-promocional\\\/#breadcrumb\"},\"inLanguage\":\"es\",\"potentialAction\":[{\"@type\":\"ReadAction\",\"target\":[\"https:\\\/\\\/eduvic.coop\\\/es\\\/el-move-in-tiene-nuevo-video-promocional\\\/\"]}]},{\"@type\":\"ImageObject\",\"inLanguage\":\"es\",\"@id\":\"https:\\\/\\\/eduvic.coop\\\/es\\\/el-move-in-tiene-nuevo-video-promocional\\\/#primaryimage\",\"url\":\"https:\\\/\\\/eduvic.coop\\\/wp-content\\\/uploads\\\/2022\\\/04\\\/Captura-de-pantalla-2022-04-21-a-les-13.42.14.png\",\"contentUrl\":\"https:\\\/\\\/eduvic.coop\\\/wp-content\\\/uploads\\\/2022\\\/04\\\/Captura-de-pantalla-2022-04-21-a-les-13.42.14.png\",\"width\":3360,\"height\":1869},{\"@type\":\"BreadcrumbList\",\"@id\":\"https:\\\/\\\/eduvic.coop\\\/es\\\/el-move-in-tiene-nuevo-video-promocional\\\/#breadcrumb\",\"itemListElement\":[{\"@type\":\"ListItem\",\"position\":1,\"name\":\"Inici\",\"item\":\"https:\\\/\\\/eduvic.coop\\\/es\\\/\"},{\"@type\":\"ListItem\",\"position\":2,\"name\":\"El Move IN tiene nuevo v\u00eddeo promocional\"}]},{\"@type\":\"WebSite\",\"@id\":\"https:\\\/\\\/eduvic.coop\\\/es\\\/#website\",\"url\":\"https:\\\/\\\/eduvic.coop\\\/es\\\/\",\"name\":\"EDUVIC\",\"description\":\"\",\"publisher\":{\"@id\":\"https:\\\/\\\/eduvic.coop\\\/es\\\/#organization\"},\"potentialAction\":[{\"@type\":\"SearchAction\",\"target\":{\"@type\":\"EntryPoint\",\"urlTemplate\":\"https:\\\/\\\/eduvic.coop\\\/es\\\/?s={search_term_string}\"},\"query-input\":{\"@type\":\"PropertyValueSpecification\",\"valueRequired\":true,\"valueName\":\"search_term_string\"}}],\"inLanguage\":\"es\"},{\"@type\":\"Organization\",\"@id\":\"https:\\\/\\\/eduvic.coop\\\/es\\\/#organization\",\"name\":\"EDUVIC\",\"url\":\"https:\\\/\\\/eduvic.coop\\\/es\\\/\",\"logo\":{\"@type\":\"ImageObject\",\"inLanguage\":\"es\",\"@id\":\"https:\\\/\\\/eduvic.coop\\\/es\\\/#\\\/schema\\\/logo\\\/image\\\/\",\"url\":\"https:\\\/\\\/eduvic.coop\\\/wp-content\\\/uploads\\\/2024\\\/12\\\/cropped-EDUVIC-1.png\",\"contentUrl\":\"https:\\\/\\\/eduvic.coop\\\/wp-content\\\/uploads\\\/2024\\\/12\\\/cropped-EDUVIC-1.png\",\"width\":4440,\"height\":1743,\"caption\":\"EDUVIC\"},\"image\":{\"@id\":\"https:\\\/\\\/eduvic.coop\\\/es\\\/#\\\/schema\\\/logo\\\/image\\\/\"}},{\"@type\":\"Person\",\"@id\":\"https:\\\/\\\/eduvic.coop\\\/es\\\/#\\\/schema\\\/person\\\/e25102cf79a2f0b102c4433f1a9d3669\",\"name\":\"Anna Forcadell\",\"image\":{\"@type\":\"ImageObject\",\"inLanguage\":\"es\",\"@id\":\"https:\\\/\\\/secure.gravatar.com\\\/avatar\\\/4835c161ab928f19f9d6504ae188c5891950c3227a3e234ad6849927aa4879ea?s=96&d=mm&r=g\",\"url\":\"https:\\\/\\\/secure.gravatar.com\\\/avatar\\\/4835c161ab928f19f9d6504ae188c5891950c3227a3e234ad6849927aa4879ea?s=96&d=mm&r=g\",\"contentUrl\":\"https:\\\/\\\/secure.gravatar.com\\\/avatar\\\/4835c161ab928f19f9d6504ae188c5891950c3227a3e234ad6849927aa4879ea?s=96&d=mm&r=g\",\"caption\":\"Anna Forcadell\"},\"url\":\"https:\\\/\\\/eduvic.coop\\\/es\\\/author\\\/anna-forcadell\\\/\"}]}<\/script>\n<!-- \/ Yoast SEO plugin. -->","yoast_head_json":{"title":"El Move IN tiene nuevo v\u00eddeo promocional - EDUVIC","robots":{"index":"index","follow":"follow","max-snippet":"max-snippet:-1","max-image-preview":"max-image-preview:large","max-video-preview":"max-video-preview:-1"},"canonical":"https:\/\/eduvic.coop\/es\/el-move-in-tiene-nuevo-video-promocional\/","og_locale":"es_ES","og_type":"article","og_title":"El Move IN tiene nuevo v\u00eddeo promocional - EDUVIC","og_description":"... Leer m\u00e1s","og_url":"https:\/\/eduvic.coop\/es\/el-move-in-tiene-nuevo-video-promocional\/","og_site_name":"EDUVIC","article_published_time":"2022-04-21T11:40:30+00:00","article_modified_time":"2022-05-26T10:43:37+00:00","og_image":[{"width":1024,"height":570,"url":"https:\/\/eduvic.coop\/wp-content\/uploads\/2022\/04\/Captura-de-pantalla-2022-04-21-a-les-13.42.14-1024x570.png","type":"image\/png"}],"author":"Anna Forcadell","twitter_card":"summary_large_image","twitter_misc":{"Escrito por":"Anna Forcadell","Tiempo de lectura":"1 minuto"},"schema":{"@context":"https:\/\/schema.org","@graph":[{"@type":"Article","@id":"https:\/\/eduvic.coop\/es\/el-move-in-tiene-nuevo-video-promocional\/#article","isPartOf":{"@id":"https:\/\/eduvic.coop\/es\/el-move-in-tiene-nuevo-video-promocional\/"},"author":{"name":"Anna Forcadell","@id":"https:\/\/eduvic.coop\/es\/#\/schema\/person\/e25102cf79a2f0b102c4433f1a9d3669"},"headline":"El Move IN tiene nuevo v\u00eddeo promocional","datePublished":"2022-04-21T11:40:30+00:00","dateModified":"2022-05-26T10:43:37+00:00","mainEntityOfPage":{"@id":"https:\/\/eduvic.coop\/es\/el-move-in-tiene-nuevo-video-promocional\/"},"wordCount":109,"publisher":{"@id":"https:\/\/eduvic.coop\/es\/#organization"},"image":{"@id":"https:\/\/eduvic.coop\/es\/el-move-in-tiene-nuevo-video-promocional\/#primaryimage"},"thumbnailUrl":"https:\/\/eduvic.coop\/wp-content\/uploads\/2022\/04\/Captura-de-pantalla-2022-04-21-a-les-13.42.14.png","articleSection":["Noticias","Sport"],"inLanguage":"es"},{"@type":"WebPage","@id":"https:\/\/eduvic.coop\/es\/el-move-in-tiene-nuevo-video-promocional\/","url":"https:\/\/eduvic.coop\/es\/el-move-in-tiene-nuevo-video-promocional\/","name":"El Move IN tiene nuevo v\u00eddeo promocional - EDUVIC","isPartOf":{"@id":"https:\/\/eduvic.coop\/es\/#website"},"primaryImageOfPage":{"@id":"https:\/\/eduvic.coop\/es\/el-move-in-tiene-nuevo-video-promocional\/#primaryimage"},"image":{"@id":"https:\/\/eduvic.coop\/es\/el-move-in-tiene-nuevo-video-promocional\/#primaryimage"},"thumbnailUrl":"https:\/\/eduvic.coop\/wp-content\/uploads\/2022\/04\/Captura-de-pantalla-2022-04-21-a-les-13.42.14.png","datePublished":"2022-04-21T11:40:30+00:00","dateModified":"2022-05-26T10:43:37+00:00","breadcrumb":{"@id":"https:\/\/eduvic.coop\/es\/el-move-in-tiene-nuevo-video-promocional\/#breadcrumb"},"inLanguage":"es","potentialAction":[{"@type":"ReadAction","target":["https:\/\/eduvic.coop\/es\/el-move-in-tiene-nuevo-video-promocional\/"]}]},{"@type":"ImageObject","inLanguage":"es","@id":"https:\/\/eduvic.coop\/es\/el-move-in-tiene-nuevo-video-promocional\/#primaryimage","url":"https:\/\/eduvic.coop\/wp-content\/uploads\/2022\/04\/Captura-de-pantalla-2022-04-21-a-les-13.42.14.png","contentUrl":"https:\/\/eduvic.coop\/wp-content\/uploads\/2022\/04\/Captura-de-pantalla-2022-04-21-a-les-13.42.14.png","width":3360,"height":1869},{"@type":"BreadcrumbList","@id":"https:\/\/eduvic.coop\/es\/el-move-in-tiene-nuevo-video-promocional\/#breadcrumb","itemListElement":[{"@type":"ListItem","position":1,"name":"Inici","item":"https:\/\/eduvic.coop\/es\/"},{"@type":"ListItem","position":2,"name":"El Move IN tiene nuevo v\u00eddeo promocional"}]},{"@type":"WebSite","@id":"https:\/\/eduvic.coop\/es\/#website","url":"https:\/\/eduvic.coop\/es\/","name":"EDUVIC","description":"","publisher":{"@id":"https:\/\/eduvic.coop\/es\/#organization"},"potentialAction":[{"@type":"SearchAction","target":{"@type":"EntryPoint","urlTemplate":"https:\/\/eduvic.coop\/es\/?s={search_term_string}"},"query-input":{"@type":"PropertyValueSpecification","valueRequired":true,"valueName":"search_term_string"}}],"inLanguage":"es"},{"@type":"Organization","@id":"https:\/\/eduvic.coop\/es\/#organization","name":"EDUVIC","url":"https:\/\/eduvic.coop\/es\/","logo":{"@type":"ImageObject","inLanguage":"es","@id":"https:\/\/eduvic.coop\/es\/#\/schema\/logo\/image\/","url":"https:\/\/eduvic.coop\/wp-content\/uploads\/2024\/12\/cropped-EDUVIC-1.png","contentUrl":"https:\/\/eduvic.coop\/wp-content\/uploads\/2024\/12\/cropped-EDUVIC-1.png","width":4440,"height":1743,"caption":"EDUVIC"},"image":{"@id":"https:\/\/eduvic.coop\/es\/#\/schema\/logo\/image\/"}},{"@type":"Person","@id":"https:\/\/eduvic.coop\/es\/#\/schema\/person\/e25102cf79a2f0b102c4433f1a9d3669","name":"Anna Forcadell","image":{"@type":"ImageObject","inLanguage":"es","@id":"https:\/\/secure.gravatar.com\/avatar\/4835c161ab928f19f9d6504ae188c5891950c3227a3e234ad6849927aa4879ea?s=96&d=mm&r=g","url":"https:\/\/secure.gravatar.com\/avatar\/4835c161ab928f19f9d6504ae188c5891950c3227a3e234ad6849927aa4879ea?s=96&d=mm&r=g","contentUrl":"https:\/\/secure.gravatar.com\/avatar\/4835c161ab928f19f9d6504ae188c5891950c3227a3e234ad6849927aa4879ea?s=96&d=mm&r=g","caption":"Anna Forcadell"},"url":"https:\/\/eduvic.coop\/es\/author\/anna-forcadell\/"}]}},"_links":{"self":[{"href":"https:\/\/eduvic.coop\/es\/wp-json\/wp\/v2\/posts\/7036","targetHints":{"allow":["GET"]}}],"collection":[{"href":"https:\/\/eduvic.coop\/es\/wp-json\/wp\/v2\/posts"}],"about":[{"href":"https:\/\/eduvic.coop\/es\/wp-json\/wp\/v2\/types\/post"}],"author":[{"embeddable":true,"href":"https:\/\/eduvic.coop\/es\/wp-json\/wp\/v2\/users\/10"}],"replies":[{"embeddable":true,"href":"https:\/\/eduvic.coop\/es\/wp-json\/wp\/v2\/comments?post=7036"}],"version-history":[{"count":2,"href":"https:\/\/eduvic.coop\/es\/wp-json\/wp\/v2\/posts\/7036\/revisions"}],"predecessor-version":[{"id":7042,"href":"https:\/\/eduvic.coop\/es\/wp-json\/wp\/v2\/posts\/7036\/revisions\/7042"}],"wp:featuredmedia":[{"embeddable":true,"href":"https:\/\/eduvic.coop\/es\/wp-json\/wp\/v2\/media\/7039"}],"wp:attachment":[{"href":"https:\/\/eduvic.coop\/es\/wp-json\/wp\/v2\/media?parent=7036"}],"wp:term":[{"taxonomy":"category","embeddable":true,"href":"https:\/\/eduvic.coop\/es\/wp-json\/wp\/v2\/categories?post=7036"},{"taxonomy":"post_tag","embeddable":true,"href":"https:\/\/eduvic.coop\/es\/wp-json\/wp\/v2\/tags?post=7036"}],"curies":[{"name":"wp","href":"https:\/\/api.w.org\/{rel}","templated":true}]}}