{"id":6958,"date":"2016-01-22T14:36:13","date_gmt":"2016-01-22T12:36:13","guid":{"rendered":"https:\/\/eduvic.coop\/los-procesos-en-la-resiliencia-familiar-segun-froma-walsh\/"},"modified":"2022-02-10T14:50:32","modified_gmt":"2022-02-10T12:50:32","slug":"los-procesos-en-la-resiliencia-familiar-segun-froma-walsh","status":"publish","type":"post","link":"https:\/\/eduvic.coop\/es\/los-procesos-en-la-resiliencia-familiar-segun-froma-walsh\/","title":{"rendered":"Los procesos en la resiliencia familiar segun Froma Walsh"},"content":{"rendered":"<h3 class=\"post-title entry-title\"><a href=\"http:\/\/www.reditinere.blogspot.com.es\/2015\/07\/los-procesos-en-la-resiliencia-familiar.html\">Los procesos en la resiliencia familiar segun Froma Walsh<\/a><\/h3>\n<div class=\"post-header\"><\/div>\n<div id=\"post-body-5939685610153546606\" class=\"post-body entry-content\">La Resiliencia Familiar es un concepto proveniente del campo de la f\u00edsica, con diferentes significados seg\u00fan los \u00e1mbitos aplicados, pero con el com\u00fan denominador que es una capacidad para soportar adversidades y recuperarse de ellas con \u00e9xito.<br \/>\nEn relaci\u00f3n a los primeros estudios sobre la resiliencia individual, existen dos grandes grupos de te\u00f3ricos:<br \/>\n&#8211; <b>los estadounidenses:<\/b> el concepto hace principalmente referencia al proceso de afrontamiento que ayuda a la persona a mantenerse intacta<br \/>\n&#8211; <b>los franceses:<\/b> vinculado al concepto de crecimiento postraum\u00e1tico; la capacidad de salir indemne de una experiencia adversa, aprender de ella y mejorar.<br \/>\nYa en el siglo XXI el avance fue notable, considerando la resiliencia como una construcci\u00f3n relacional selectiva (Kalawski &amp; Haz, 2003) y bastante presente en la vida cotidiana (Masten &amp; Obradovic, 2006).<br \/>\nEstas dos ideas condicionaron los estudios a realizar, llegando finalmente a un modelo eco-sist\u00e9mico de la resiliencia humana (Masten &amp; Obradovic, 2006), con una visi\u00f3n multidisciplinaria.<br \/>\nEstas ideas, y esta visi\u00f3n quedan muy bien recogidas en la definici\u00f3n que da R. Pereira sobre la resiliencia individual, convirti\u00e9ndose en el pre\u00e1mbulo del nuevo concepto: Resiliencia Familiar.<br \/>\n<i>\u201cLa resiliencia es un proceso din\u00e1mico, que tienen lugar a lo largo del tiempo, y se sustenta en la interacci\u00f3n existente entre la persona y el entorno, entre la familia y el medio social. Es el resultado de un equilibrio entre factores de riesgo, factores protectores y personalidad de cada individuo, funcionalidad y estructura familiar, y puede variar en con el transcurso del tiempo y con los cambios de contexto. Implica algo m\u00e1s que sobrevivir, m\u00e1s o menos indemne, al acontecimiento traum\u00e1tico, a las circunstancias adversas. Incluye la capacidad de ser transformado por ellas e incluso construir sobre ellas, dot\u00e1ndolas de sentido, y permitiendo no s\u00f3lo continuar viviendo, sino tener \u00e9xito en alg\u00fan aspecto vital y poder disfrutar de la vida. La resiliencia se construye en la relaci\u00f3n\u201d. <\/i><\/p>\n<div><i>(R. Pereira)<\/i><\/div>\n<div class=\"separator\"><a href=\"http:\/\/1.bp.blogspot.com\/-4KWS0qYgtAc\/VZpZFL_7veI\/AAAAAAAAAqw\/A6GwgDjCl8o\/s1600\/blogjuliol.jpg\"><img loading=\"lazy\" decoding=\"async\" src=\"http:\/\/1.bp.blogspot.com\/-4KWS0qYgtAc\/VZpZFL_7veI\/AAAAAAAAAqw\/A6GwgDjCl8o\/s640\/blogjuliol.jpg\" alt=\"\" width=\"640\" height=\"360\" border=\"0\"><\/a><\/div>\n<div class=\"separator\"><\/div>\n<p>Segun FROMA WALSH, el foco de la Resiliencia Familiar se sit\u00faa en la familia (como unidad funcional) y a los procesos que en ella se dan, as\u00ed como el entorno social en el cual se desarrolla. Es por eso que Walsh defiende:<br \/>\n&#8211; <b>Una perspectiva ecol\u00f3gica,<\/b> porque los problemas son fruto de la interacci\u00f3n entre la vulnerabilidad familiar y los contextos sociales, por eso estos \u00faltimos se pueden interpretar como ambientes \u00fatiles para propiciar la resiliencia.<br \/>\n&#8211; <b>Una perspectiva de desarrollo<\/b>, dado que las capacidades de superaci\u00f3n y afrontamiento van variando a lo largo del tiempo, seg\u00fan la previsibilidad de estos, etc.<br \/>\nLos PROCESOS CLAVE para la resiliencia familiar, seg\u00fan Walsh son: Sistema de Creencias, Patrones de Organizaci\u00f3n y Procesos Comunicativos, los cuales tienen su VINCULACI\u00d3N CON<br \/>\nLA VISI\u00d3N SIST\u00c9MICA.<br \/>\nEl <b><u>Sistema de Creencias<\/u><\/b> sirve a la familia para dar sentido a lo que les esta pasando. Trabajar las creencias implica: dar sentido a la adversidad, generar una mirada positiva, y contar con la trascendencia y la espiritualidad.<br \/>\nA trav\u00e9s de la terapia sist\u00e9mica se trabaja para co-construir nuevos significados con la familia, empoderandola y transmiti\u00e9ndole que puede hacerlo. La narrativa y los relatos (la construcci\u00f3n de significados a trav\u00e9s de las palabras) elaborados por las emociones causadas por los hechos traum\u00e1ticos, nos ayudan a integrar la propia historia (Bertram Cohler). Una narrativa que potencia la resiliencia familiar tiene que estar basada en aquellas creencias compartidas, que aumenten las opciones para resolver los problemas, para alcanzar la salud y el crecimiento com\u00fan.<br \/>\nEl trabajo a partir de los <b><u>Patrones de Organizaci\u00f3n<\/u><\/b> busca que la familia llegue a ser flexible (apertura al cambio, estabilidad en medio de la crisis, liderazgo fuerte, igualdad en el sistema parental\u2026.), muestre una aptitud para el cambio, y sepa y pueda contar con los recursos sociales y econ\u00f3micos (seguridad econ\u00f3mica, movilizaci\u00f3n de redes sociales\u2026).<br \/>\nLa <b>flexibilidad<\/b> del sistema aporta el equilibro necesario entre la homeostasis y la morfog\u00e9nesis. Ser\u00e1 en los aspectos estables como las reglas, los roles, los patrones de interacci\u00f3n (rituales y rutinas) donde los individuos encontraran la seguridad, pero a la vez todos estos aspectos tienen que ser lo suficientemente flexibles para adaptarse a las situaciones adversas. Como dir\u00eda Walsh, \u201cdar un salto adelante\u201d.<br \/>\nEn relaci\u00f3n a la <b>conexi\u00f3n<\/b> emocional, la intervenci\u00f3n ir\u00e1 encaminada al establecimiento de fronteras claras entre miembros y entre generaciones preservando as\u00ed la organizaci\u00f3n jer\u00e1rquica, reforzando el liderazgo y la autoridad, al mismo tiempo que ofreciendo un sentimiento se seguridad a todos los miembros de la familia.<br \/>\nLos r<b>ecursos sociales y econ\u00f3micos<\/b> tambi\u00e9n forman parte de este grupo. Haciendo referencia al concepto de sistema abierto defendido por Satir y Whithaker (entre otros) toma importancia el papel de los recursos sociales y la familia extensa como factores de protecci\u00f3n ante las crisis.<br \/>\nFinalmente, los <b><u>Procesos Comunicativos<\/u><\/b> ayudan a expresar las emociones abiertamente, a clarificar situaciones ambiguas, a dar respuestas emp\u00e1ticas, y a promover la colaboraci\u00f3n como m\u00e9todo para resolver problemas. Aspectos que cambian un modo de reaccionar cr\u00edtico ante las adversidades, por una postura positiva hacia el futuro. Walsh delimita cuales son las caracter\u00edsticas m\u00e1s importantes para que una buena comunicaci\u00f3n ayude a crear resiliencia familiar. La claridad y la congruencia en los mensajes, la expresi\u00f3n emocional sincera (conectando con la idea de inteligencia emocional de Goleman), y la resoluci\u00f3n cooperativa de los problemas.<br \/>\nA modo de conclusi\u00f3n, haciendo algunas REFLEXIONES SOBRE LA APLICABILIDAD DEL CONCEPTO EN LA TERAPIA, se pueden utilizar las ideas de Walsh como mapa conceptual a la hora de dise\u00f1ar las intervenciones con las familias. Teniendo en cuenta la importancia del sistema de creencias y por consiguiente los relatos narrativos que genera, una de las tareas principales de la terapia consistir\u00e1 en el esfuerzo por ayudar a la familia a reorganizar su relato de vida, e aqu\u00ed la importancia de las t\u00e9cnicas narrativas.<br \/>\nHaciendo una mirada m\u00e1s amplia de los modelos de organizaci\u00f3n del sistema familiar ser\u00e1 importante una intervenci\u00f3n multisistemica, con representaci\u00f3n de todos los<br \/>\nagentes implicados.<br \/>\nY finalmente, en el \u00e1mbito de los procesos de comunicaci\u00f3n destacar la importancia<br \/>\ndel trabajo en red y las coordinaciones entre servicios a la hora de la intervenci\u00f3n.<\/p>\n<div>\n<div><b>GL\u00d2RIA TORRENTS<\/b><\/div>\n<div>Psic\u00f2loga i Terapeuta Familiar.\n<\/div>\n<div><\/div>\n<div><\/div>\n<div><\/div>\n<div>\n<div>\n<div><span class=\"Apple-style-span\"><img decoding=\"async\" src=\"http:\/\/i.creativecommons.org\/l\/by-sa\/3.0\/88x31.png\" alt=\"Licencia Creative Commons\"><\/span><span class=\"Apple-style-span\"><i>&#8220;Roma Walsh y los Procesos en la Resiliencia Familiar&#8221;<\/i><\/span><span class=\"Apple-style-span\"> <\/span><span class=\"Apple-style-span\"><span lang=\"CA\">se<\/span><\/span><span class=\"Apple-style-span\"> encuentra bajo una <\/span><span class=\"Apple-style-span\"><a href=\"http:\/\/creativecommons.org\/licenses\/by-sa\/3.0\/\">Licencia Creative Commons Atribuci\u00f3n-CompartirIgual 3.0 Unported<\/a><\/span><\/div>\n<\/div>\n<\/div>\n<\/div>\n<\/div>\n","protected":false},"excerpt":{"rendered":"<p> &#8230; <\/p>\n<p class=\"read-more-container\"><a title=\"Los procesos en la resiliencia familiar segun Froma Walsh\" class=\"read-more button\" href=\"https:\/\/eduvic.coop\/es\/los-procesos-en-la-resiliencia-familiar-segun-froma-walsh\/#more-6958\" aria-label=\"Leer m\u00e1s sobre Los procesos en la resiliencia familiar segun Froma Walsh\">Leer m\u00e1s<\/a><\/p>\n","protected":false},"author":1,"featured_media":1019,"comment_status":"closed","ping_status":"open","sticky":false,"template":"","format":"standard","meta":{"footnotes":""},"categories":[56,55,53,58],"tags":[],"class_list":["post-6958","post","type-post","status-publish","format-standard","has-post-thumbnail","hentry","category-escuela-itinere","category-familias","category-noticias-es","category-pti-es","generate-columns","tablet-grid-50","mobile-grid-100","grid-parent","grid-50","no-featured-image-padding"],"yoast_head":"<!-- This site is optimized with the Yoast SEO plugin v27.4 - https:\/\/yoast.com\/product\/yoast-seo-wordpress\/ -->\n<title>Los procesos en la resiliencia familiar segun Froma Walsh - EDUVIC<\/title>\n<meta name=\"robots\" content=\"index, follow, max-snippet:-1, max-image-preview:large, max-video-preview:-1\" \/>\n<link rel=\"canonical\" href=\"https:\/\/eduvic.coop\/es\/los-procesos-en-la-resiliencia-familiar-segun-froma-walsh\/\" \/>\n<meta property=\"og:locale\" content=\"es_ES\" \/>\n<meta property=\"og:type\" content=\"article\" \/>\n<meta property=\"og:title\" content=\"Los procesos en la resiliencia familiar segun Froma Walsh - EDUVIC\" \/>\n<meta property=\"og:description\" content=\"... Leer m\u00e1s\" \/>\n<meta property=\"og:url\" content=\"https:\/\/eduvic.coop\/es\/los-procesos-en-la-resiliencia-familiar-segun-froma-walsh\/\" \/>\n<meta property=\"og:site_name\" content=\"EDUVIC\" \/>\n<meta property=\"article:published_time\" content=\"2016-01-22T12:36:13+00:00\" \/>\n<meta property=\"article:modified_time\" content=\"2022-02-10T12:50:32+00:00\" \/>\n<meta property=\"og:image\" content=\"https:\/\/eduvic.coop\/wp-content\/uploads\/2021\/07\/libro-eduvic-bg2.jpg\" \/>\n\t<meta property=\"og:image:width\" content=\"330\" \/>\n\t<meta property=\"og:image:height\" content=\"500\" \/>\n\t<meta property=\"og:image:type\" content=\"image\/jpeg\" \/>\n<meta name=\"author\" content=\"MAD Systems, SCCL\" \/>\n<meta name=\"twitter:card\" content=\"summary_large_image\" \/>\n<meta name=\"twitter:label1\" content=\"Escrito por\" \/>\n\t<meta name=\"twitter:data1\" content=\"MAD Systems, SCCL\" \/>\n\t<meta name=\"twitter:label2\" content=\"Tiempo de lectura\" \/>\n\t<meta name=\"twitter:data2\" content=\"6 minutos\" \/>\n<script type=\"application\/ld+json\" class=\"yoast-schema-graph\">{\"@context\":\"https:\\\/\\\/schema.org\",\"@graph\":[{\"@type\":\"Article\",\"@id\":\"https:\\\/\\\/eduvic.coop\\\/es\\\/los-procesos-en-la-resiliencia-familiar-segun-froma-walsh\\\/#article\",\"isPartOf\":{\"@id\":\"https:\\\/\\\/eduvic.coop\\\/es\\\/los-procesos-en-la-resiliencia-familiar-segun-froma-walsh\\\/\"},\"author\":{\"name\":\"MAD Systems, SCCL\",\"@id\":\"https:\\\/\\\/eduvic.coop\\\/es\\\/#\\\/schema\\\/person\\\/379e3651162f93b09e21bb3f8accd8b7\"},\"headline\":\"Los procesos en la resiliencia familiar segun Froma Walsh\",\"datePublished\":\"2016-01-22T12:36:13+00:00\",\"dateModified\":\"2022-02-10T12:50:32+00:00\",\"mainEntityOfPage\":{\"@id\":\"https:\\\/\\\/eduvic.coop\\\/es\\\/los-procesos-en-la-resiliencia-familiar-segun-froma-walsh\\\/\"},\"wordCount\":1117,\"publisher\":{\"@id\":\"https:\\\/\\\/eduvic.coop\\\/es\\\/#organization\"},\"image\":{\"@id\":\"https:\\\/\\\/eduvic.coop\\\/es\\\/los-procesos-en-la-resiliencia-familiar-segun-froma-walsh\\\/#primaryimage\"},\"thumbnailUrl\":\"https:\\\/\\\/eduvic.coop\\\/wp-content\\\/uploads\\\/2021\\\/07\\\/libro-eduvic-bg2.jpg\",\"articleSection\":[\"Escuela Itinere\",\"Familias\",\"Noticias\",\"PTI\"],\"inLanguage\":\"es\"},{\"@type\":\"WebPage\",\"@id\":\"https:\\\/\\\/eduvic.coop\\\/es\\\/los-procesos-en-la-resiliencia-familiar-segun-froma-walsh\\\/\",\"url\":\"https:\\\/\\\/eduvic.coop\\\/es\\\/los-procesos-en-la-resiliencia-familiar-segun-froma-walsh\\\/\",\"name\":\"Los procesos en la resiliencia familiar segun Froma Walsh - EDUVIC\",\"isPartOf\":{\"@id\":\"https:\\\/\\\/eduvic.coop\\\/es\\\/#website\"},\"primaryImageOfPage\":{\"@id\":\"https:\\\/\\\/eduvic.coop\\\/es\\\/los-procesos-en-la-resiliencia-familiar-segun-froma-walsh\\\/#primaryimage\"},\"image\":{\"@id\":\"https:\\\/\\\/eduvic.coop\\\/es\\\/los-procesos-en-la-resiliencia-familiar-segun-froma-walsh\\\/#primaryimage\"},\"thumbnailUrl\":\"https:\\\/\\\/eduvic.coop\\\/wp-content\\\/uploads\\\/2021\\\/07\\\/libro-eduvic-bg2.jpg\",\"datePublished\":\"2016-01-22T12:36:13+00:00\",\"dateModified\":\"2022-02-10T12:50:32+00:00\",\"breadcrumb\":{\"@id\":\"https:\\\/\\\/eduvic.coop\\\/es\\\/los-procesos-en-la-resiliencia-familiar-segun-froma-walsh\\\/#breadcrumb\"},\"inLanguage\":\"es\",\"potentialAction\":[{\"@type\":\"ReadAction\",\"target\":[\"https:\\\/\\\/eduvic.coop\\\/es\\\/los-procesos-en-la-resiliencia-familiar-segun-froma-walsh\\\/\"]}]},{\"@type\":\"ImageObject\",\"inLanguage\":\"es\",\"@id\":\"https:\\\/\\\/eduvic.coop\\\/es\\\/los-procesos-en-la-resiliencia-familiar-segun-froma-walsh\\\/#primaryimage\",\"url\":\"https:\\\/\\\/eduvic.coop\\\/wp-content\\\/uploads\\\/2021\\\/07\\\/libro-eduvic-bg2.jpg\",\"contentUrl\":\"https:\\\/\\\/eduvic.coop\\\/wp-content\\\/uploads\\\/2021\\\/07\\\/libro-eduvic-bg2.jpg\",\"width\":330,\"height\":500},{\"@type\":\"BreadcrumbList\",\"@id\":\"https:\\\/\\\/eduvic.coop\\\/es\\\/los-procesos-en-la-resiliencia-familiar-segun-froma-walsh\\\/#breadcrumb\",\"itemListElement\":[{\"@type\":\"ListItem\",\"position\":1,\"name\":\"Inici\",\"item\":\"https:\\\/\\\/eduvic.coop\\\/es\\\/\"},{\"@type\":\"ListItem\",\"position\":2,\"name\":\"Los procesos en la resiliencia familiar segun Froma Walsh\"}]},{\"@type\":\"WebSite\",\"@id\":\"https:\\\/\\\/eduvic.coop\\\/es\\\/#website\",\"url\":\"https:\\\/\\\/eduvic.coop\\\/es\\\/\",\"name\":\"EDUVIC\",\"description\":\"\",\"publisher\":{\"@id\":\"https:\\\/\\\/eduvic.coop\\\/es\\\/#organization\"},\"potentialAction\":[{\"@type\":\"SearchAction\",\"target\":{\"@type\":\"EntryPoint\",\"urlTemplate\":\"https:\\\/\\\/eduvic.coop\\\/es\\\/?s={search_term_string}\"},\"query-input\":{\"@type\":\"PropertyValueSpecification\",\"valueRequired\":true,\"valueName\":\"search_term_string\"}}],\"inLanguage\":\"es\"},{\"@type\":\"Organization\",\"@id\":\"https:\\\/\\\/eduvic.coop\\\/es\\\/#organization\",\"name\":\"EDUVIC\",\"url\":\"https:\\\/\\\/eduvic.coop\\\/es\\\/\",\"logo\":{\"@type\":\"ImageObject\",\"inLanguage\":\"es\",\"@id\":\"https:\\\/\\\/eduvic.coop\\\/es\\\/#\\\/schema\\\/logo\\\/image\\\/\",\"url\":\"https:\\\/\\\/eduvic.coop\\\/wp-content\\\/uploads\\\/2024\\\/12\\\/cropped-EDUVIC-1.png\",\"contentUrl\":\"https:\\\/\\\/eduvic.coop\\\/wp-content\\\/uploads\\\/2024\\\/12\\\/cropped-EDUVIC-1.png\",\"width\":4440,\"height\":1743,\"caption\":\"EDUVIC\"},\"image\":{\"@id\":\"https:\\\/\\\/eduvic.coop\\\/es\\\/#\\\/schema\\\/logo\\\/image\\\/\"}},{\"@type\":\"Person\",\"@id\":\"https:\\\/\\\/eduvic.coop\\\/es\\\/#\\\/schema\\\/person\\\/379e3651162f93b09e21bb3f8accd8b7\",\"name\":\"MAD Systems, SCCL\",\"image\":{\"@type\":\"ImageObject\",\"inLanguage\":\"es\",\"@id\":\"https:\\\/\\\/secure.gravatar.com\\\/avatar\\\/5116f7ad06d3420ede2d61afd6c51617cf548ad86d0b2a506fab574f6a457171?s=96&d=mm&r=g\",\"url\":\"https:\\\/\\\/secure.gravatar.com\\\/avatar\\\/5116f7ad06d3420ede2d61afd6c51617cf548ad86d0b2a506fab574f6a457171?s=96&d=mm&r=g\",\"contentUrl\":\"https:\\\/\\\/secure.gravatar.com\\\/avatar\\\/5116f7ad06d3420ede2d61afd6c51617cf548ad86d0b2a506fab574f6a457171?s=96&d=mm&r=g\",\"caption\":\"MAD Systems, SCCL\"},\"sameAs\":[\"https:\\\/\\\/eduvic.coop\"],\"url\":\"https:\\\/\\\/eduvic.coop\\\/es\\\/author\\\/madsystems\\\/\"}]}<\/script>\n<!-- \/ Yoast SEO plugin. -->","yoast_head_json":{"title":"Los procesos en la resiliencia familiar segun Froma Walsh - EDUVIC","robots":{"index":"index","follow":"follow","max-snippet":"max-snippet:-1","max-image-preview":"max-image-preview:large","max-video-preview":"max-video-preview:-1"},"canonical":"https:\/\/eduvic.coop\/es\/los-procesos-en-la-resiliencia-familiar-segun-froma-walsh\/","og_locale":"es_ES","og_type":"article","og_title":"Los procesos en la resiliencia familiar segun Froma Walsh - EDUVIC","og_description":"... Leer m\u00e1s","og_url":"https:\/\/eduvic.coop\/es\/los-procesos-en-la-resiliencia-familiar-segun-froma-walsh\/","og_site_name":"EDUVIC","article_published_time":"2016-01-22T12:36:13+00:00","article_modified_time":"2022-02-10T12:50:32+00:00","og_image":[{"width":330,"height":500,"url":"https:\/\/eduvic.coop\/wp-content\/uploads\/2021\/07\/libro-eduvic-bg2.jpg","type":"image\/jpeg"}],"author":"MAD Systems, SCCL","twitter_card":"summary_large_image","twitter_misc":{"Escrito por":"MAD Systems, SCCL","Tiempo de lectura":"6 minutos"},"schema":{"@context":"https:\/\/schema.org","@graph":[{"@type":"Article","@id":"https:\/\/eduvic.coop\/es\/los-procesos-en-la-resiliencia-familiar-segun-froma-walsh\/#article","isPartOf":{"@id":"https:\/\/eduvic.coop\/es\/los-procesos-en-la-resiliencia-familiar-segun-froma-walsh\/"},"author":{"name":"MAD Systems, SCCL","@id":"https:\/\/eduvic.coop\/es\/#\/schema\/person\/379e3651162f93b09e21bb3f8accd8b7"},"headline":"Los procesos en la resiliencia familiar segun Froma Walsh","datePublished":"2016-01-22T12:36:13+00:00","dateModified":"2022-02-10T12:50:32+00:00","mainEntityOfPage":{"@id":"https:\/\/eduvic.coop\/es\/los-procesos-en-la-resiliencia-familiar-segun-froma-walsh\/"},"wordCount":1117,"publisher":{"@id":"https:\/\/eduvic.coop\/es\/#organization"},"image":{"@id":"https:\/\/eduvic.coop\/es\/los-procesos-en-la-resiliencia-familiar-segun-froma-walsh\/#primaryimage"},"thumbnailUrl":"https:\/\/eduvic.coop\/wp-content\/uploads\/2021\/07\/libro-eduvic-bg2.jpg","articleSection":["Escuela Itinere","Familias","Noticias","PTI"],"inLanguage":"es"},{"@type":"WebPage","@id":"https:\/\/eduvic.coop\/es\/los-procesos-en-la-resiliencia-familiar-segun-froma-walsh\/","url":"https:\/\/eduvic.coop\/es\/los-procesos-en-la-resiliencia-familiar-segun-froma-walsh\/","name":"Los procesos en la resiliencia familiar segun Froma Walsh - EDUVIC","isPartOf":{"@id":"https:\/\/eduvic.coop\/es\/#website"},"primaryImageOfPage":{"@id":"https:\/\/eduvic.coop\/es\/los-procesos-en-la-resiliencia-familiar-segun-froma-walsh\/#primaryimage"},"image":{"@id":"https:\/\/eduvic.coop\/es\/los-procesos-en-la-resiliencia-familiar-segun-froma-walsh\/#primaryimage"},"thumbnailUrl":"https:\/\/eduvic.coop\/wp-content\/uploads\/2021\/07\/libro-eduvic-bg2.jpg","datePublished":"2016-01-22T12:36:13+00:00","dateModified":"2022-02-10T12:50:32+00:00","breadcrumb":{"@id":"https:\/\/eduvic.coop\/es\/los-procesos-en-la-resiliencia-familiar-segun-froma-walsh\/#breadcrumb"},"inLanguage":"es","potentialAction":[{"@type":"ReadAction","target":["https:\/\/eduvic.coop\/es\/los-procesos-en-la-resiliencia-familiar-segun-froma-walsh\/"]}]},{"@type":"ImageObject","inLanguage":"es","@id":"https:\/\/eduvic.coop\/es\/los-procesos-en-la-resiliencia-familiar-segun-froma-walsh\/#primaryimage","url":"https:\/\/eduvic.coop\/wp-content\/uploads\/2021\/07\/libro-eduvic-bg2.jpg","contentUrl":"https:\/\/eduvic.coop\/wp-content\/uploads\/2021\/07\/libro-eduvic-bg2.jpg","width":330,"height":500},{"@type":"BreadcrumbList","@id":"https:\/\/eduvic.coop\/es\/los-procesos-en-la-resiliencia-familiar-segun-froma-walsh\/#breadcrumb","itemListElement":[{"@type":"ListItem","position":1,"name":"Inici","item":"https:\/\/eduvic.coop\/es\/"},{"@type":"ListItem","position":2,"name":"Los procesos en la resiliencia familiar segun Froma Walsh"}]},{"@type":"WebSite","@id":"https:\/\/eduvic.coop\/es\/#website","url":"https:\/\/eduvic.coop\/es\/","name":"EDUVIC","description":"","publisher":{"@id":"https:\/\/eduvic.coop\/es\/#organization"},"potentialAction":[{"@type":"SearchAction","target":{"@type":"EntryPoint","urlTemplate":"https:\/\/eduvic.coop\/es\/?s={search_term_string}"},"query-input":{"@type":"PropertyValueSpecification","valueRequired":true,"valueName":"search_term_string"}}],"inLanguage":"es"},{"@type":"Organization","@id":"https:\/\/eduvic.coop\/es\/#organization","name":"EDUVIC","url":"https:\/\/eduvic.coop\/es\/","logo":{"@type":"ImageObject","inLanguage":"es","@id":"https:\/\/eduvic.coop\/es\/#\/schema\/logo\/image\/","url":"https:\/\/eduvic.coop\/wp-content\/uploads\/2024\/12\/cropped-EDUVIC-1.png","contentUrl":"https:\/\/eduvic.coop\/wp-content\/uploads\/2024\/12\/cropped-EDUVIC-1.png","width":4440,"height":1743,"caption":"EDUVIC"},"image":{"@id":"https:\/\/eduvic.coop\/es\/#\/schema\/logo\/image\/"}},{"@type":"Person","@id":"https:\/\/eduvic.coop\/es\/#\/schema\/person\/379e3651162f93b09e21bb3f8accd8b7","name":"MAD Systems, SCCL","image":{"@type":"ImageObject","inLanguage":"es","@id":"https:\/\/secure.gravatar.com\/avatar\/5116f7ad06d3420ede2d61afd6c51617cf548ad86d0b2a506fab574f6a457171?s=96&d=mm&r=g","url":"https:\/\/secure.gravatar.com\/avatar\/5116f7ad06d3420ede2d61afd6c51617cf548ad86d0b2a506fab574f6a457171?s=96&d=mm&r=g","contentUrl":"https:\/\/secure.gravatar.com\/avatar\/5116f7ad06d3420ede2d61afd6c51617cf548ad86d0b2a506fab574f6a457171?s=96&d=mm&r=g","caption":"MAD Systems, SCCL"},"sameAs":["https:\/\/eduvic.coop"],"url":"https:\/\/eduvic.coop\/es\/author\/madsystems\/"}]}},"_links":{"self":[{"href":"https:\/\/eduvic.coop\/es\/wp-json\/wp\/v2\/posts\/6958","targetHints":{"allow":["GET"]}}],"collection":[{"href":"https:\/\/eduvic.coop\/es\/wp-json\/wp\/v2\/posts"}],"about":[{"href":"https:\/\/eduvic.coop\/es\/wp-json\/wp\/v2\/types\/post"}],"author":[{"embeddable":true,"href":"https:\/\/eduvic.coop\/es\/wp-json\/wp\/v2\/users\/1"}],"replies":[{"embeddable":true,"href":"https:\/\/eduvic.coop\/es\/wp-json\/wp\/v2\/comments?post=6958"}],"version-history":[{"count":1,"href":"https:\/\/eduvic.coop\/es\/wp-json\/wp\/v2\/posts\/6958\/revisions"}],"predecessor-version":[{"id":6961,"href":"https:\/\/eduvic.coop\/es\/wp-json\/wp\/v2\/posts\/6958\/revisions\/6961"}],"wp:featuredmedia":[{"embeddable":true,"href":"https:\/\/eduvic.coop\/es\/wp-json\/wp\/v2\/media\/1019"}],"wp:attachment":[{"href":"https:\/\/eduvic.coop\/es\/wp-json\/wp\/v2\/media?parent=6958"}],"wp:term":[{"taxonomy":"category","embeddable":true,"href":"https:\/\/eduvic.coop\/es\/wp-json\/wp\/v2\/categories?post=6958"},{"taxonomy":"post_tag","embeddable":true,"href":"https:\/\/eduvic.coop\/es\/wp-json\/wp\/v2\/tags?post=6958"}],"curies":[{"name":"wp","href":"https:\/\/api.w.org\/{rel}","templated":true}]}}