{"id":5648,"date":"2021-07-05T09:42:24","date_gmt":"2021-07-05T07:42:24","guid":{"rendered":"https:\/\/eduvic.coop\/eduvic-%c2%b7-sport-firma-conveni-amb-el-collegi-de-professionals-de-lactivitat-fisica-i-de-lesport-de-catalunya-coplefc\/"},"modified":"2022-02-10T14:29:32","modified_gmt":"2022-02-10T12:29:32","slug":"eduvic-%c2%b7-sport-firma-convenio-con-el-colegio-de-profesionales-de-la-actividad-fisica-y-del-deporte-de-cataluna-coplefc","status":"publish","type":"post","link":"https:\/\/eduvic.coop\/es\/eduvic-%c2%b7-sport-firma-convenio-con-el-colegio-de-profesionales-de-la-actividad-fisica-y-del-deporte-de-cataluna-coplefc\/","title":{"rendered":"EDUVIC \u00b7 SPORT firma convenio con el Colegio de Profesionales de la Actividad F\u00edsica y del Deporte de Catalu\u00f1a (COPLEFC)"},"content":{"rendered":"<div class=\"wpb-content-wrapper\"><p>[vc_row][vc_column][vc_column_text]<em>De izquierda a derecha: Jordi Serra, coordinador general del Move IN Involved \u00b7 Sport de EDUVIC SCCL; Pere Manuel Guti\u00e9rrez, presidente del COPLEFC; y Adela Cam\u00ed, presidenta y directora general de EDUVIC.<\/em>[\/vc_column_text][vc_empty_space][vc_column_text]EDUVIC\u00b7SPORT trabaja con el concepto de &#8220;<strong>deporte implicado<\/strong>&#8220;, que es el <strong>compromiso e implicaci\u00f3n en el bienestar y desarrollo de las personas, organizaciones y comunidades a trav\u00e9s del deporte<\/strong>. Busca, como objetivo principal, el <strong>m\u00e1ximo rendimiento deportivo <\/strong>de los deportistas, ya sean amateurs o de alto rendimiento y, tambi\u00e9n, <strong>trabaja para un deporte comprometido con la educaci\u00f3n y formaci\u00f3n de las personas<\/strong>, en la transmisi\u00f3n de valores y en la transformaci\u00f3n social.<br \/>\nUna de las l\u00edneas de EDUVIC \u00b7 SPORT es el <strong>trabajo de valores<\/strong>, con lo cual ya cuenta con una dilatada experiencia en programas dirigidos a instituciones municipales, clubes y federaciones deportivas, escuelas deportivas, colegios \u00a0y de otras entidades, empleando el deporte como herramienta. Uno de estos programas es el <strong>Move IN \u00b7 Involved Sport<\/strong>, un programa socioeducativo creado para favorecer la inclusi\u00f3n social y la prevenci\u00f3n de la radicalizaci\u00f3n en j\u00f3venes y adolescentes a trav\u00e9s del deporte. <strong>Move IN cuenta con el soporte de la Comisi\u00f3n Europea <\/strong>y actualmente tiene varios <strong><em>partners<\/em> de \u00e1mbito estatal y europeo<\/strong>.<br \/>\nEl <strong>COPLEFC<\/strong> es una corporaci\u00f3n de derecho p\u00fablico, constituido mediante la Orden de la Generalidad de Catalu\u00f1a, de 29 de mayo de 1987. Est\u00e1 integrado en el Consejo General de Colegios oficiales de Licenciados en Educaci\u00f3n F\u00edsica y en Ciencias de la Actividad f\u00edsica y del deporte de Espa\u00f1a. <strong>Su misi\u00f3n es la defensa de la profesi\u00f3n, hace de interlocutora con la administraci\u00f3n y los agentes del sector, se encarga de fomentar la actividad f\u00edsica en la sociedad y vela por la pr\u00e1ctica saludable de la actividad f\u00edsica de la ciudadan\u00eda<\/strong>. As\u00ed, el COPLEFC agrupa en forma de colegiados titulados a Licenciados\/as en Educaci\u00f3n F\u00edsica y Licenciados\/as y Graduados\/as en Ciencias de la Actividad F\u00edsica y del Deporte, as\u00ed como a otros profesionales con titulaciones oficiales del sector que quieran acogerse al compromiso de COPLEFC con la ciudadan\u00eda, expresado en la voluntad que esta reciba la m\u00e1xima calidad en los servicios profesionales.<br \/>\n<strong>Comprometidas con el fomento de la actividad f\u00edsica en la sociedad y en ofrecer v\u00ednculos entre los profesionales y la ciudadan\u00eda en todo el territorio catal\u00e1n y estatal, ambas entidades han establecido un convenio de colaboraci\u00f3n<\/strong> para sumar sinergias y hacer llegar a los programas de EDUVIC \u00b7 SPORT para todos los colegiados que puedan estar interesados \u200b\u200ben conocer nuestras iniciativas, as\u00ed como ofrecer el soporte log\u00edstico que sea necesario.<br \/>\nComo inicio de la colaboraci\u00f3n, pr\u00f3ximamente el COPLEFC, junto con EDUVIC \u00b7 SPORT y la Escola Itinere, celebraran una webinar para que Los colegiados y colegiadas conozcan el programa Move IN y se pueda hacer socializaci\u00f3n del aprendizaje adquirido en las actividades realizadas dentro de este programa.[\/vc_column_text][vc_empty_space][vc_single_image image=&#8221;5644&#8243; img_size=&#8221;large&#8221;][\/vc_column][\/vc_row]<\/p>\n<\/div>","protected":false},"excerpt":{"rendered":"<p> &#8230; <\/p>\n<p class=\"read-more-container\"><a title=\"EDUVIC \u00b7 SPORT firma convenio con el Colegio de Profesionales de la Actividad F\u00edsica y del Deporte de Catalu\u00f1a (COPLEFC)\" class=\"read-more button\" href=\"https:\/\/eduvic.coop\/es\/eduvic-%c2%b7-sport-firma-convenio-con-el-colegio-de-profesionales-de-la-actividad-fisica-y-del-deporte-de-cataluna-coplefc\/#more-5648\" aria-label=\"Leer m\u00e1s sobre EDUVIC \u00b7 SPORT firma convenio con el Colegio de Profesionales de la Actividad F\u00edsica y del Deporte de Catalu\u00f1a (COPLEFC)\">Leer m\u00e1s<\/a><\/p>\n","protected":false},"author":1,"featured_media":5638,"comment_status":"closed","ping_status":"closed","sticky":false,"template":"","format":"standard","meta":{"footnotes":""},"categories":[53,52],"tags":[],"class_list":["post-5648","post","type-post","status-publish","format-standard","has-post-thumbnail","hentry","category-noticias-es","category-sport-es","generate-columns","tablet-grid-50","mobile-grid-100","grid-parent","grid-50","no-featured-image-padding"],"yoast_head":"<!-- This site is optimized with the Yoast SEO plugin v27.4 - https:\/\/yoast.com\/product\/yoast-seo-wordpress\/ -->\n<title>EDUVIC \u00b7 SPORT firma convenio con el Colegio de Profesionales de la Actividad F\u00edsica y del Deporte de Catalu\u00f1a (COPLEFC) - EDUVIC<\/title>\n<meta name=\"robots\" content=\"index, follow, max-snippet:-1, max-image-preview:large, max-video-preview:-1\" \/>\n<link rel=\"canonical\" href=\"https:\/\/eduvic.coop\/es\/eduvic-%c2%b7-sport-firma-convenio-con-el-colegio-de-profesionales-de-la-actividad-fisica-y-del-deporte-de-cataluna-coplefc\/\" \/>\n<meta property=\"og:locale\" content=\"es_ES\" \/>\n<meta property=\"og:type\" content=\"article\" \/>\n<meta property=\"og:title\" content=\"EDUVIC \u00b7 SPORT firma convenio con el Colegio de Profesionales de la Actividad F\u00edsica y del Deporte de Catalu\u00f1a (COPLEFC) - EDUVIC\" \/>\n<meta property=\"og:description\" content=\"... Leer m\u00e1s\" \/>\n<meta property=\"og:url\" content=\"https:\/\/eduvic.coop\/es\/eduvic-%c2%b7-sport-firma-convenio-con-el-colegio-de-profesionales-de-la-actividad-fisica-y-del-deporte-de-cataluna-coplefc\/\" \/>\n<meta property=\"og:site_name\" content=\"EDUVIC\" \/>\n<meta property=\"article:published_time\" content=\"2021-07-05T07:42:24+00:00\" \/>\n<meta property=\"article:modified_time\" content=\"2022-02-10T12:29:32+00:00\" \/>\n<meta property=\"og:image\" content=\"https:\/\/eduvic.coop\/wp-content\/uploads\/2021\/07\/WhatsApp-Image-2021-06-22-at-17.06.10-1.jpeg\" \/>\n\t<meta property=\"og:image:width\" content=\"1510\" \/>\n\t<meta property=\"og:image:height\" content=\"1816\" \/>\n\t<meta property=\"og:image:type\" content=\"image\/jpeg\" \/>\n<meta name=\"author\" content=\"MAD Systems, SCCL\" \/>\n<meta name=\"twitter:card\" content=\"summary_large_image\" \/>\n<meta name=\"twitter:label1\" content=\"Escrito por\" \/>\n\t<meta name=\"twitter:data1\" content=\"MAD Systems, SCCL\" \/>\n\t<meta name=\"twitter:label2\" content=\"Tiempo de lectura\" \/>\n\t<meta name=\"twitter:data2\" content=\"3 minutos\" \/>\n<script type=\"application\/ld+json\" class=\"yoast-schema-graph\">{\"@context\":\"https:\\\/\\\/schema.org\",\"@graph\":[{\"@type\":\"Article\",\"@id\":\"https:\\\/\\\/eduvic.coop\\\/es\\\/eduvic-%c2%b7-sport-firma-convenio-con-el-colegio-de-profesionales-de-la-actividad-fisica-y-del-deporte-de-cataluna-coplefc\\\/#article\",\"isPartOf\":{\"@id\":\"https:\\\/\\\/eduvic.coop\\\/es\\\/eduvic-%c2%b7-sport-firma-convenio-con-el-colegio-de-profesionales-de-la-actividad-fisica-y-del-deporte-de-cataluna-coplefc\\\/\"},\"author\":{\"name\":\"MAD Systems, SCCL\",\"@id\":\"https:\\\/\\\/eduvic.coop\\\/es\\\/#\\\/schema\\\/person\\\/379e3651162f93b09e21bb3f8accd8b7\"},\"headline\":\"EDUVIC \u00b7 SPORT firma convenio con el Colegio de Profesionales de la Actividad F\u00edsica y del Deporte de Catalu\u00f1a (COPLEFC)\",\"datePublished\":\"2021-07-05T07:42:24+00:00\",\"dateModified\":\"2022-02-10T12:29:32+00:00\",\"mainEntityOfPage\":{\"@id\":\"https:\\\/\\\/eduvic.coop\\\/es\\\/eduvic-%c2%b7-sport-firma-convenio-con-el-colegio-de-profesionales-de-la-actividad-fisica-y-del-deporte-de-cataluna-coplefc\\\/\"},\"wordCount\":566,\"publisher\":{\"@id\":\"https:\\\/\\\/eduvic.coop\\\/es\\\/#organization\"},\"image\":{\"@id\":\"https:\\\/\\\/eduvic.coop\\\/es\\\/eduvic-%c2%b7-sport-firma-convenio-con-el-colegio-de-profesionales-de-la-actividad-fisica-y-del-deporte-de-cataluna-coplefc\\\/#primaryimage\"},\"thumbnailUrl\":\"https:\\\/\\\/eduvic.coop\\\/wp-content\\\/uploads\\\/2021\\\/07\\\/WhatsApp-Image-2021-06-22-at-17.06.10-1.jpeg\",\"articleSection\":[\"Noticias\",\"Sport\"],\"inLanguage\":\"es\"},{\"@type\":\"WebPage\",\"@id\":\"https:\\\/\\\/eduvic.coop\\\/es\\\/eduvic-%c2%b7-sport-firma-convenio-con-el-colegio-de-profesionales-de-la-actividad-fisica-y-del-deporte-de-cataluna-coplefc\\\/\",\"url\":\"https:\\\/\\\/eduvic.coop\\\/es\\\/eduvic-%c2%b7-sport-firma-convenio-con-el-colegio-de-profesionales-de-la-actividad-fisica-y-del-deporte-de-cataluna-coplefc\\\/\",\"name\":\"EDUVIC \u00b7 SPORT firma convenio con el Colegio de Profesionales de la Actividad F\u00edsica y del Deporte de Catalu\u00f1a (COPLEFC) - EDUVIC\",\"isPartOf\":{\"@id\":\"https:\\\/\\\/eduvic.coop\\\/es\\\/#website\"},\"primaryImageOfPage\":{\"@id\":\"https:\\\/\\\/eduvic.coop\\\/es\\\/eduvic-%c2%b7-sport-firma-convenio-con-el-colegio-de-profesionales-de-la-actividad-fisica-y-del-deporte-de-cataluna-coplefc\\\/#primaryimage\"},\"image\":{\"@id\":\"https:\\\/\\\/eduvic.coop\\\/es\\\/eduvic-%c2%b7-sport-firma-convenio-con-el-colegio-de-profesionales-de-la-actividad-fisica-y-del-deporte-de-cataluna-coplefc\\\/#primaryimage\"},\"thumbnailUrl\":\"https:\\\/\\\/eduvic.coop\\\/wp-content\\\/uploads\\\/2021\\\/07\\\/WhatsApp-Image-2021-06-22-at-17.06.10-1.jpeg\",\"datePublished\":\"2021-07-05T07:42:24+00:00\",\"dateModified\":\"2022-02-10T12:29:32+00:00\",\"breadcrumb\":{\"@id\":\"https:\\\/\\\/eduvic.coop\\\/es\\\/eduvic-%c2%b7-sport-firma-convenio-con-el-colegio-de-profesionales-de-la-actividad-fisica-y-del-deporte-de-cataluna-coplefc\\\/#breadcrumb\"},\"inLanguage\":\"es\",\"potentialAction\":[{\"@type\":\"ReadAction\",\"target\":[\"https:\\\/\\\/eduvic.coop\\\/es\\\/eduvic-%c2%b7-sport-firma-convenio-con-el-colegio-de-profesionales-de-la-actividad-fisica-y-del-deporte-de-cataluna-coplefc\\\/\"]}]},{\"@type\":\"ImageObject\",\"inLanguage\":\"es\",\"@id\":\"https:\\\/\\\/eduvic.coop\\\/es\\\/eduvic-%c2%b7-sport-firma-convenio-con-el-colegio-de-profesionales-de-la-actividad-fisica-y-del-deporte-de-cataluna-coplefc\\\/#primaryimage\",\"url\":\"https:\\\/\\\/eduvic.coop\\\/wp-content\\\/uploads\\\/2021\\\/07\\\/WhatsApp-Image-2021-06-22-at-17.06.10-1.jpeg\",\"contentUrl\":\"https:\\\/\\\/eduvic.coop\\\/wp-content\\\/uploads\\\/2021\\\/07\\\/WhatsApp-Image-2021-06-22-at-17.06.10-1.jpeg\",\"width\":1510,\"height\":1816},{\"@type\":\"BreadcrumbList\",\"@id\":\"https:\\\/\\\/eduvic.coop\\\/es\\\/eduvic-%c2%b7-sport-firma-convenio-con-el-colegio-de-profesionales-de-la-actividad-fisica-y-del-deporte-de-cataluna-coplefc\\\/#breadcrumb\",\"itemListElement\":[{\"@type\":\"ListItem\",\"position\":1,\"name\":\"Inici\",\"item\":\"https:\\\/\\\/eduvic.coop\\\/es\\\/\"},{\"@type\":\"ListItem\",\"position\":2,\"name\":\"EDUVIC \u00b7 SPORT firma convenio con el Colegio de Profesionales de la Actividad F\u00edsica y del Deporte de Catalu\u00f1a (COPLEFC)\"}]},{\"@type\":\"WebSite\",\"@id\":\"https:\\\/\\\/eduvic.coop\\\/es\\\/#website\",\"url\":\"https:\\\/\\\/eduvic.coop\\\/es\\\/\",\"name\":\"EDUVIC\",\"description\":\"\",\"publisher\":{\"@id\":\"https:\\\/\\\/eduvic.coop\\\/es\\\/#organization\"},\"potentialAction\":[{\"@type\":\"SearchAction\",\"target\":{\"@type\":\"EntryPoint\",\"urlTemplate\":\"https:\\\/\\\/eduvic.coop\\\/es\\\/?s={search_term_string}\"},\"query-input\":{\"@type\":\"PropertyValueSpecification\",\"valueRequired\":true,\"valueName\":\"search_term_string\"}}],\"inLanguage\":\"es\"},{\"@type\":\"Organization\",\"@id\":\"https:\\\/\\\/eduvic.coop\\\/es\\\/#organization\",\"name\":\"EDUVIC\",\"url\":\"https:\\\/\\\/eduvic.coop\\\/es\\\/\",\"logo\":{\"@type\":\"ImageObject\",\"inLanguage\":\"es\",\"@id\":\"https:\\\/\\\/eduvic.coop\\\/es\\\/#\\\/schema\\\/logo\\\/image\\\/\",\"url\":\"https:\\\/\\\/eduvic.coop\\\/wp-content\\\/uploads\\\/2024\\\/12\\\/cropped-EDUVIC-1.png\",\"contentUrl\":\"https:\\\/\\\/eduvic.coop\\\/wp-content\\\/uploads\\\/2024\\\/12\\\/cropped-EDUVIC-1.png\",\"width\":4440,\"height\":1743,\"caption\":\"EDUVIC\"},\"image\":{\"@id\":\"https:\\\/\\\/eduvic.coop\\\/es\\\/#\\\/schema\\\/logo\\\/image\\\/\"}},{\"@type\":\"Person\",\"@id\":\"https:\\\/\\\/eduvic.coop\\\/es\\\/#\\\/schema\\\/person\\\/379e3651162f93b09e21bb3f8accd8b7\",\"name\":\"MAD Systems, SCCL\",\"image\":{\"@type\":\"ImageObject\",\"inLanguage\":\"es\",\"@id\":\"https:\\\/\\\/secure.gravatar.com\\\/avatar\\\/5116f7ad06d3420ede2d61afd6c51617cf548ad86d0b2a506fab574f6a457171?s=96&d=mm&r=g\",\"url\":\"https:\\\/\\\/secure.gravatar.com\\\/avatar\\\/5116f7ad06d3420ede2d61afd6c51617cf548ad86d0b2a506fab574f6a457171?s=96&d=mm&r=g\",\"contentUrl\":\"https:\\\/\\\/secure.gravatar.com\\\/avatar\\\/5116f7ad06d3420ede2d61afd6c51617cf548ad86d0b2a506fab574f6a457171?s=96&d=mm&r=g\",\"caption\":\"MAD Systems, SCCL\"},\"sameAs\":[\"https:\\\/\\\/eduvic.coop\"],\"url\":\"https:\\\/\\\/eduvic.coop\\\/es\\\/author\\\/madsystems\\\/\"}]}<\/script>\n<!-- \/ Yoast SEO plugin. -->","yoast_head_json":{"title":"EDUVIC \u00b7 SPORT firma convenio con el Colegio de Profesionales de la Actividad F\u00edsica y del Deporte de Catalu\u00f1a (COPLEFC) - EDUVIC","robots":{"index":"index","follow":"follow","max-snippet":"max-snippet:-1","max-image-preview":"max-image-preview:large","max-video-preview":"max-video-preview:-1"},"canonical":"https:\/\/eduvic.coop\/es\/eduvic-%c2%b7-sport-firma-convenio-con-el-colegio-de-profesionales-de-la-actividad-fisica-y-del-deporte-de-cataluna-coplefc\/","og_locale":"es_ES","og_type":"article","og_title":"EDUVIC \u00b7 SPORT firma convenio con el Colegio de Profesionales de la Actividad F\u00edsica y del Deporte de Catalu\u00f1a (COPLEFC) - EDUVIC","og_description":"... Leer m\u00e1s","og_url":"https:\/\/eduvic.coop\/es\/eduvic-%c2%b7-sport-firma-convenio-con-el-colegio-de-profesionales-de-la-actividad-fisica-y-del-deporte-de-cataluna-coplefc\/","og_site_name":"EDUVIC","article_published_time":"2021-07-05T07:42:24+00:00","article_modified_time":"2022-02-10T12:29:32+00:00","og_image":[{"width":1510,"height":1816,"url":"https:\/\/eduvic.coop\/wp-content\/uploads\/2021\/07\/WhatsApp-Image-2021-06-22-at-17.06.10-1.jpeg","type":"image\/jpeg"}],"author":"MAD Systems, SCCL","twitter_card":"summary_large_image","twitter_misc":{"Escrito por":"MAD Systems, SCCL","Tiempo de lectura":"3 minutos"},"schema":{"@context":"https:\/\/schema.org","@graph":[{"@type":"Article","@id":"https:\/\/eduvic.coop\/es\/eduvic-%c2%b7-sport-firma-convenio-con-el-colegio-de-profesionales-de-la-actividad-fisica-y-del-deporte-de-cataluna-coplefc\/#article","isPartOf":{"@id":"https:\/\/eduvic.coop\/es\/eduvic-%c2%b7-sport-firma-convenio-con-el-colegio-de-profesionales-de-la-actividad-fisica-y-del-deporte-de-cataluna-coplefc\/"},"author":{"name":"MAD Systems, SCCL","@id":"https:\/\/eduvic.coop\/es\/#\/schema\/person\/379e3651162f93b09e21bb3f8accd8b7"},"headline":"EDUVIC \u00b7 SPORT firma convenio con el Colegio de Profesionales de la Actividad F\u00edsica y del Deporte de Catalu\u00f1a (COPLEFC)","datePublished":"2021-07-05T07:42:24+00:00","dateModified":"2022-02-10T12:29:32+00:00","mainEntityOfPage":{"@id":"https:\/\/eduvic.coop\/es\/eduvic-%c2%b7-sport-firma-convenio-con-el-colegio-de-profesionales-de-la-actividad-fisica-y-del-deporte-de-cataluna-coplefc\/"},"wordCount":566,"publisher":{"@id":"https:\/\/eduvic.coop\/es\/#organization"},"image":{"@id":"https:\/\/eduvic.coop\/es\/eduvic-%c2%b7-sport-firma-convenio-con-el-colegio-de-profesionales-de-la-actividad-fisica-y-del-deporte-de-cataluna-coplefc\/#primaryimage"},"thumbnailUrl":"https:\/\/eduvic.coop\/wp-content\/uploads\/2021\/07\/WhatsApp-Image-2021-06-22-at-17.06.10-1.jpeg","articleSection":["Noticias","Sport"],"inLanguage":"es"},{"@type":"WebPage","@id":"https:\/\/eduvic.coop\/es\/eduvic-%c2%b7-sport-firma-convenio-con-el-colegio-de-profesionales-de-la-actividad-fisica-y-del-deporte-de-cataluna-coplefc\/","url":"https:\/\/eduvic.coop\/es\/eduvic-%c2%b7-sport-firma-convenio-con-el-colegio-de-profesionales-de-la-actividad-fisica-y-del-deporte-de-cataluna-coplefc\/","name":"EDUVIC \u00b7 SPORT firma convenio con el Colegio de Profesionales de la Actividad F\u00edsica y del Deporte de Catalu\u00f1a (COPLEFC) - EDUVIC","isPartOf":{"@id":"https:\/\/eduvic.coop\/es\/#website"},"primaryImageOfPage":{"@id":"https:\/\/eduvic.coop\/es\/eduvic-%c2%b7-sport-firma-convenio-con-el-colegio-de-profesionales-de-la-actividad-fisica-y-del-deporte-de-cataluna-coplefc\/#primaryimage"},"image":{"@id":"https:\/\/eduvic.coop\/es\/eduvic-%c2%b7-sport-firma-convenio-con-el-colegio-de-profesionales-de-la-actividad-fisica-y-del-deporte-de-cataluna-coplefc\/#primaryimage"},"thumbnailUrl":"https:\/\/eduvic.coop\/wp-content\/uploads\/2021\/07\/WhatsApp-Image-2021-06-22-at-17.06.10-1.jpeg","datePublished":"2021-07-05T07:42:24+00:00","dateModified":"2022-02-10T12:29:32+00:00","breadcrumb":{"@id":"https:\/\/eduvic.coop\/es\/eduvic-%c2%b7-sport-firma-convenio-con-el-colegio-de-profesionales-de-la-actividad-fisica-y-del-deporte-de-cataluna-coplefc\/#breadcrumb"},"inLanguage":"es","potentialAction":[{"@type":"ReadAction","target":["https:\/\/eduvic.coop\/es\/eduvic-%c2%b7-sport-firma-convenio-con-el-colegio-de-profesionales-de-la-actividad-fisica-y-del-deporte-de-cataluna-coplefc\/"]}]},{"@type":"ImageObject","inLanguage":"es","@id":"https:\/\/eduvic.coop\/es\/eduvic-%c2%b7-sport-firma-convenio-con-el-colegio-de-profesionales-de-la-actividad-fisica-y-del-deporte-de-cataluna-coplefc\/#primaryimage","url":"https:\/\/eduvic.coop\/wp-content\/uploads\/2021\/07\/WhatsApp-Image-2021-06-22-at-17.06.10-1.jpeg","contentUrl":"https:\/\/eduvic.coop\/wp-content\/uploads\/2021\/07\/WhatsApp-Image-2021-06-22-at-17.06.10-1.jpeg","width":1510,"height":1816},{"@type":"BreadcrumbList","@id":"https:\/\/eduvic.coop\/es\/eduvic-%c2%b7-sport-firma-convenio-con-el-colegio-de-profesionales-de-la-actividad-fisica-y-del-deporte-de-cataluna-coplefc\/#breadcrumb","itemListElement":[{"@type":"ListItem","position":1,"name":"Inici","item":"https:\/\/eduvic.coop\/es\/"},{"@type":"ListItem","position":2,"name":"EDUVIC \u00b7 SPORT firma convenio con el Colegio de Profesionales de la Actividad F\u00edsica y del Deporte de Catalu\u00f1a (COPLEFC)"}]},{"@type":"WebSite","@id":"https:\/\/eduvic.coop\/es\/#website","url":"https:\/\/eduvic.coop\/es\/","name":"EDUVIC","description":"","publisher":{"@id":"https:\/\/eduvic.coop\/es\/#organization"},"potentialAction":[{"@type":"SearchAction","target":{"@type":"EntryPoint","urlTemplate":"https:\/\/eduvic.coop\/es\/?s={search_term_string}"},"query-input":{"@type":"PropertyValueSpecification","valueRequired":true,"valueName":"search_term_string"}}],"inLanguage":"es"},{"@type":"Organization","@id":"https:\/\/eduvic.coop\/es\/#organization","name":"EDUVIC","url":"https:\/\/eduvic.coop\/es\/","logo":{"@type":"ImageObject","inLanguage":"es","@id":"https:\/\/eduvic.coop\/es\/#\/schema\/logo\/image\/","url":"https:\/\/eduvic.coop\/wp-content\/uploads\/2024\/12\/cropped-EDUVIC-1.png","contentUrl":"https:\/\/eduvic.coop\/wp-content\/uploads\/2024\/12\/cropped-EDUVIC-1.png","width":4440,"height":1743,"caption":"EDUVIC"},"image":{"@id":"https:\/\/eduvic.coop\/es\/#\/schema\/logo\/image\/"}},{"@type":"Person","@id":"https:\/\/eduvic.coop\/es\/#\/schema\/person\/379e3651162f93b09e21bb3f8accd8b7","name":"MAD Systems, SCCL","image":{"@type":"ImageObject","inLanguage":"es","@id":"https:\/\/secure.gravatar.com\/avatar\/5116f7ad06d3420ede2d61afd6c51617cf548ad86d0b2a506fab574f6a457171?s=96&d=mm&r=g","url":"https:\/\/secure.gravatar.com\/avatar\/5116f7ad06d3420ede2d61afd6c51617cf548ad86d0b2a506fab574f6a457171?s=96&d=mm&r=g","contentUrl":"https:\/\/secure.gravatar.com\/avatar\/5116f7ad06d3420ede2d61afd6c51617cf548ad86d0b2a506fab574f6a457171?s=96&d=mm&r=g","caption":"MAD Systems, SCCL"},"sameAs":["https:\/\/eduvic.coop"],"url":"https:\/\/eduvic.coop\/es\/author\/madsystems\/"}]}},"_links":{"self":[{"href":"https:\/\/eduvic.coop\/es\/wp-json\/wp\/v2\/posts\/5648","targetHints":{"allow":["GET"]}}],"collection":[{"href":"https:\/\/eduvic.coop\/es\/wp-json\/wp\/v2\/posts"}],"about":[{"href":"https:\/\/eduvic.coop\/es\/wp-json\/wp\/v2\/types\/post"}],"author":[{"embeddable":true,"href":"https:\/\/eduvic.coop\/es\/wp-json\/wp\/v2\/users\/1"}],"replies":[{"embeddable":true,"href":"https:\/\/eduvic.coop\/es\/wp-json\/wp\/v2\/comments?post=5648"}],"version-history":[{"count":1,"href":"https:\/\/eduvic.coop\/es\/wp-json\/wp\/v2\/posts\/5648\/revisions"}],"predecessor-version":[{"id":5723,"href":"https:\/\/eduvic.coop\/es\/wp-json\/wp\/v2\/posts\/5648\/revisions\/5723"}],"wp:featuredmedia":[{"embeddable":true,"href":"https:\/\/eduvic.coop\/es\/wp-json\/wp\/v2\/media\/5638"}],"wp:attachment":[{"href":"https:\/\/eduvic.coop\/es\/wp-json\/wp\/v2\/media?parent=5648"}],"wp:term":[{"taxonomy":"category","embeddable":true,"href":"https:\/\/eduvic.coop\/es\/wp-json\/wp\/v2\/categories?post=5648"},{"taxonomy":"post_tag","embeddable":true,"href":"https:\/\/eduvic.coop\/es\/wp-json\/wp\/v2\/tags?post=5648"}],"curies":[{"name":"wp","href":"https:\/\/api.w.org\/{rel}","templated":true}]}}