{"id":5562,"date":"2021-05-25T10:28:18","date_gmt":"2021-05-25T08:28:18","guid":{"rendered":"https:\/\/eduvic.coop\/el-projecte-yakaar-incentiva-lemprenedoria-al-senegal\/"},"modified":"2022-02-10T13:31:38","modified_gmt":"2022-02-10T11:31:38","slug":"el-proyecto-yakaar-incentiva-el-emprendimiento-en-senegal","status":"publish","type":"post","link":"https:\/\/eduvic.coop\/es\/el-proyecto-yakaar-incentiva-el-emprendimiento-en-senegal\/","title":{"rendered":"El Proyecto Yakaar incentiva el emprendimiento en Senegal"},"content":{"rendered":"<div class=\"wpb-content-wrapper\"><p>[vc_row][vc_column][vc_empty_space][vc_column_text]Hoy, 25 de mayo, se celebra el <strong>D\u00eda de \u00c1frica<\/strong>. Se conmemora la fundaci\u00f3n, en 1963, de la Organizaci\u00f3n para la Unidad Africana (OUA), que fue reemplazada el 9 de julio de 2002 por la Uni\u00f3n Africana. Sus objetivos eran promover la unidad y la solidaridad entre los estados africanos, incentivar la cooperaci\u00f3n internacional y poner fin al colonialismo.<br \/>\nA prop\u00f3sito de este d\u00eda, queremos hablar del Proyecto Yakaar, en el que colaboramos junto con Servei Solidari, Ha Ha Tay y Jokoo, y que <strong>consiste en becas de formaci\u00f3n y emprendimiento para personas mayores de edad de origen senegal\u00e9s<\/strong>. La <strong>Fundaci\u00f3n Probitas<\/strong> es la creadora y promotora del proyecto.[\/vc_column_text][vc_empty_space][vc_media_grid gap=&#8221;30&#8243; grid_id=&#8221;vc_gid:1633007701282-4032dd47-53df-5&#8243; include=&#8221;5886,5884,5882,5880,5892,5878,5876,5890,5888&#8243;][vc_empty_space][vc_column_text]Actualmente, el proyecto se encuentra en su segunda edici\u00f3n y <strong>Faty, Moustapha y \u00c9tienne son los becarios de este a\u00f1o<\/strong>. Pero, \u00bfen qu\u00e9 consiste el proyecto Yakaar? Se trata de un <strong>programa de formaci\u00f3n y promoci\u00f3n integral que ofrece a personas vulnerables de origen senegal\u00e9s el desarrollo de su m\u00e1ximo potencial como emprendedores\/as en su pa\u00eds de origen<\/strong>. De este modo, atiende a j\u00f3venes senegaleses y senegalesas que residen actualmente en Espa\u00f1a o en Europa y que desean volver a Senegal para poner en marcha un negocio en su pa\u00eds. El programa tiene dos partes: una <strong>Beca de Formaci\u00f3n en Barcelona<\/strong>, \u200b\u200bdonde se forma a los j\u00f3venes en competencias de empresa y se les da apoyo psicosocial y emocional durante la creaci\u00f3n de su plan de negocio; y una <strong>Beca de Emprendimiento<\/strong> en Senegal, donde se les da ayuda econ\u00f3mica, asesoramiento y coaching para la puesta en marcha del negocio, su gesti\u00f3n y para facilitar el proceso de retorno e integraci\u00f3n en el entorno comunitario.<br \/>\nMoustapha se prepara para abrir una panader\u00eda y pasteler\u00eda en Touba; Faty est\u00e1 trabajando para tener una tienda donde venda fruta, zumos naturales, mermeladas y gominolas a base de frutas en Touba; y \u00c9tienne estudia abrir un hotel ecol\u00f3gico que tenga servicio de excursiones y tambi\u00e9n de restaurante. <strong>Los tres becarios ya est\u00e1n ultimando la Beca de Formaci\u00f3n y en julio estar\u00e1n en Senegal para comenzar la Beca de Emprendimiento. Puedes encontrar m\u00e1s informaci\u00f3n sobre los tres becarios y sus proyectos en el <a href=\"https:\/\/www.yakaarsenegal.org\/\">blog del programa<\/a><\/strong>. Esperamos que, muy pronto, puedan cumplir su sue\u00f1o de vivir en Senegal y puedan montar con \u00e9xito su propio negocio.[\/vc_column_text][vc_empty_space][\/vc_column][\/vc_row][vc_row][vc_column][\/vc_column][\/vc_row]<\/p>\n<\/div>","protected":false},"excerpt":{"rendered":"<p> &#8230; <\/p>\n<p class=\"read-more-container\"><a title=\"El Proyecto Yakaar incentiva el emprendimiento en Senegal\" class=\"read-more button\" href=\"https:\/\/eduvic.coop\/es\/el-proyecto-yakaar-incentiva-el-emprendimiento-en-senegal\/#more-5562\" aria-label=\"Leer m\u00e1s sobre El Proyecto Yakaar incentiva el emprendimiento en Senegal\">Leer m\u00e1s<\/a><\/p>\n","protected":false},"author":1,"featured_media":6869,"comment_status":"closed","ping_status":"closed","sticky":false,"template":"","format":"standard","meta":{"footnotes":""},"categories":[54,53],"tags":[],"class_list":["post-5562","post","type-post","status-publish","format-standard","has-post-thumbnail","hentry","category-infancia-adolescencia","category-noticias-es","generate-columns","tablet-grid-50","mobile-grid-100","grid-parent","grid-50","no-featured-image-padding"],"yoast_head":"<!-- This site is optimized with the Yoast SEO plugin v27.2 - https:\/\/yoast.com\/product\/yoast-seo-wordpress\/ -->\n<title>El Proyecto Yakaar incentiva el emprendimiento en Senegal - EDUVIC<\/title>\n<meta name=\"robots\" content=\"index, follow, max-snippet:-1, max-image-preview:large, max-video-preview:-1\" \/>\n<link rel=\"canonical\" href=\"https:\/\/eduvic.coop\/es\/el-proyecto-yakaar-incentiva-el-emprendimiento-en-senegal\/\" \/>\n<meta property=\"og:locale\" content=\"es_ES\" \/>\n<meta property=\"og:type\" content=\"article\" \/>\n<meta property=\"og:title\" content=\"El Proyecto Yakaar incentiva el emprendimiento en Senegal - EDUVIC\" \/>\n<meta property=\"og:description\" content=\"... Leer m\u00e1s\" \/>\n<meta property=\"og:url\" content=\"https:\/\/eduvic.coop\/es\/el-proyecto-yakaar-incentiva-el-emprendimiento-en-senegal\/\" \/>\n<meta property=\"og:site_name\" content=\"EDUVIC\" \/>\n<meta property=\"article:published_time\" content=\"2021-05-25T08:28:18+00:00\" \/>\n<meta property=\"article:modified_time\" content=\"2022-02-10T11:31:38+00:00\" \/>\n<meta property=\"og:image\" content=\"https:\/\/eduvic.coop\/wp-content\/uploads\/2021\/05\/DSC_0317-scaled-1-2048x1366-1.jpg\" \/>\n\t<meta property=\"og:image:width\" content=\"2048\" \/>\n\t<meta property=\"og:image:height\" content=\"1366\" \/>\n\t<meta property=\"og:image:type\" content=\"image\/jpeg\" \/>\n<meta name=\"author\" content=\"MAD Systems, SCCL\" \/>\n<meta name=\"twitter:card\" content=\"summary_large_image\" \/>\n<meta name=\"twitter:label1\" content=\"Escrito por\" \/>\n\t<meta name=\"twitter:data1\" content=\"MAD Systems, SCCL\" \/>\n\t<meta name=\"twitter:label2\" content=\"Tiempo de lectura\" \/>\n\t<meta name=\"twitter:data2\" content=\"2 minutos\" \/>\n<script type=\"application\/ld+json\" class=\"yoast-schema-graph\">{\"@context\":\"https:\/\/schema.org\",\"@graph\":[{\"@type\":\"Article\",\"@id\":\"https:\/\/eduvic.coop\/es\/el-proyecto-yakaar-incentiva-el-emprendimiento-en-senegal\/#article\",\"isPartOf\":{\"@id\":\"https:\/\/eduvic.coop\/es\/el-proyecto-yakaar-incentiva-el-emprendimiento-en-senegal\/\"},\"author\":{\"name\":\"MAD Systems, SCCL\",\"@id\":\"https:\/\/eduvic.coop\/es\/#\/schema\/person\/379e3651162f93b09e21bb3f8accd8b7\"},\"headline\":\"El Proyecto Yakaar incentiva el emprendimiento en Senegal\",\"datePublished\":\"2021-05-25T08:28:18+00:00\",\"dateModified\":\"2022-02-10T11:31:38+00:00\",\"mainEntityOfPage\":{\"@id\":\"https:\/\/eduvic.coop\/es\/el-proyecto-yakaar-incentiva-el-emprendimiento-en-senegal\/\"},\"wordCount\":474,\"publisher\":{\"@id\":\"https:\/\/eduvic.coop\/es\/#organization\"},\"image\":{\"@id\":\"https:\/\/eduvic.coop\/es\/el-proyecto-yakaar-incentiva-el-emprendimiento-en-senegal\/#primaryimage\"},\"thumbnailUrl\":\"https:\/\/eduvic.coop\/wp-content\/uploads\/2021\/05\/DSC_0317-scaled-1-2048x1366-1.jpg\",\"articleSection\":[\"Infancia y adolescencia\",\"Noticias\"],\"inLanguage\":\"es\"},{\"@type\":\"WebPage\",\"@id\":\"https:\/\/eduvic.coop\/es\/el-proyecto-yakaar-incentiva-el-emprendimiento-en-senegal\/\",\"url\":\"https:\/\/eduvic.coop\/es\/el-proyecto-yakaar-incentiva-el-emprendimiento-en-senegal\/\",\"name\":\"El Proyecto Yakaar incentiva el emprendimiento en Senegal - EDUVIC\",\"isPartOf\":{\"@id\":\"https:\/\/eduvic.coop\/es\/#website\"},\"primaryImageOfPage\":{\"@id\":\"https:\/\/eduvic.coop\/es\/el-proyecto-yakaar-incentiva-el-emprendimiento-en-senegal\/#primaryimage\"},\"image\":{\"@id\":\"https:\/\/eduvic.coop\/es\/el-proyecto-yakaar-incentiva-el-emprendimiento-en-senegal\/#primaryimage\"},\"thumbnailUrl\":\"https:\/\/eduvic.coop\/wp-content\/uploads\/2021\/05\/DSC_0317-scaled-1-2048x1366-1.jpg\",\"datePublished\":\"2021-05-25T08:28:18+00:00\",\"dateModified\":\"2022-02-10T11:31:38+00:00\",\"breadcrumb\":{\"@id\":\"https:\/\/eduvic.coop\/es\/el-proyecto-yakaar-incentiva-el-emprendimiento-en-senegal\/#breadcrumb\"},\"inLanguage\":\"es\",\"potentialAction\":[{\"@type\":\"ReadAction\",\"target\":[\"https:\/\/eduvic.coop\/es\/el-proyecto-yakaar-incentiva-el-emprendimiento-en-senegal\/\"]}]},{\"@type\":\"ImageObject\",\"inLanguage\":\"es\",\"@id\":\"https:\/\/eduvic.coop\/es\/el-proyecto-yakaar-incentiva-el-emprendimiento-en-senegal\/#primaryimage\",\"url\":\"https:\/\/eduvic.coop\/wp-content\/uploads\/2021\/05\/DSC_0317-scaled-1-2048x1366-1.jpg\",\"contentUrl\":\"https:\/\/eduvic.coop\/wp-content\/uploads\/2021\/05\/DSC_0317-scaled-1-2048x1366-1.jpg\",\"width\":2048,\"height\":1366},{\"@type\":\"BreadcrumbList\",\"@id\":\"https:\/\/eduvic.coop\/es\/el-proyecto-yakaar-incentiva-el-emprendimiento-en-senegal\/#breadcrumb\",\"itemListElement\":[{\"@type\":\"ListItem\",\"position\":1,\"name\":\"Inici\",\"item\":\"https:\/\/eduvic.coop\/es\/\"},{\"@type\":\"ListItem\",\"position\":2,\"name\":\"El Proyecto Yakaar incentiva el emprendimiento en Senegal\"}]},{\"@type\":\"WebSite\",\"@id\":\"https:\/\/eduvic.coop\/es\/#website\",\"url\":\"https:\/\/eduvic.coop\/es\/\",\"name\":\"EDUVIC\",\"description\":\"\",\"publisher\":{\"@id\":\"https:\/\/eduvic.coop\/es\/#organization\"},\"potentialAction\":[{\"@type\":\"SearchAction\",\"target\":{\"@type\":\"EntryPoint\",\"urlTemplate\":\"https:\/\/eduvic.coop\/es\/?s={search_term_string}\"},\"query-input\":{\"@type\":\"PropertyValueSpecification\",\"valueRequired\":true,\"valueName\":\"search_term_string\"}}],\"inLanguage\":\"es\"},{\"@type\":\"Organization\",\"@id\":\"https:\/\/eduvic.coop\/es\/#organization\",\"name\":\"EDUVIC\",\"url\":\"https:\/\/eduvic.coop\/es\/\",\"logo\":{\"@type\":\"ImageObject\",\"inLanguage\":\"es\",\"@id\":\"https:\/\/eduvic.coop\/es\/#\/schema\/logo\/image\/\",\"url\":\"https:\/\/eduvic.coop\/wp-content\/uploads\/2024\/12\/cropped-EDUVIC-1.png\",\"contentUrl\":\"https:\/\/eduvic.coop\/wp-content\/uploads\/2024\/12\/cropped-EDUVIC-1.png\",\"width\":4440,\"height\":1743,\"caption\":\"EDUVIC\"},\"image\":{\"@id\":\"https:\/\/eduvic.coop\/es\/#\/schema\/logo\/image\/\"}},{\"@type\":\"Person\",\"@id\":\"https:\/\/eduvic.coop\/es\/#\/schema\/person\/379e3651162f93b09e21bb3f8accd8b7\",\"name\":\"MAD Systems, SCCL\",\"image\":{\"@type\":\"ImageObject\",\"inLanguage\":\"es\",\"@id\":\"https:\/\/secure.gravatar.com\/avatar\/5116f7ad06d3420ede2d61afd6c51617cf548ad86d0b2a506fab574f6a457171?s=96&d=mm&r=g\",\"url\":\"https:\/\/secure.gravatar.com\/avatar\/5116f7ad06d3420ede2d61afd6c51617cf548ad86d0b2a506fab574f6a457171?s=96&d=mm&r=g\",\"contentUrl\":\"https:\/\/secure.gravatar.com\/avatar\/5116f7ad06d3420ede2d61afd6c51617cf548ad86d0b2a506fab574f6a457171?s=96&d=mm&r=g\",\"caption\":\"MAD Systems, SCCL\"},\"sameAs\":[\"https:\/\/eduvic.coop\"],\"url\":\"https:\/\/eduvic.coop\/es\/author\/madsystems\/\"}]}<\/script>\n<!-- \/ Yoast SEO plugin. -->","yoast_head_json":{"title":"El Proyecto Yakaar incentiva el emprendimiento en Senegal - EDUVIC","robots":{"index":"index","follow":"follow","max-snippet":"max-snippet:-1","max-image-preview":"max-image-preview:large","max-video-preview":"max-video-preview:-1"},"canonical":"https:\/\/eduvic.coop\/es\/el-proyecto-yakaar-incentiva-el-emprendimiento-en-senegal\/","og_locale":"es_ES","og_type":"article","og_title":"El Proyecto Yakaar incentiva el emprendimiento en Senegal - EDUVIC","og_description":"... Leer m\u00e1s","og_url":"https:\/\/eduvic.coop\/es\/el-proyecto-yakaar-incentiva-el-emprendimiento-en-senegal\/","og_site_name":"EDUVIC","article_published_time":"2021-05-25T08:28:18+00:00","article_modified_time":"2022-02-10T11:31:38+00:00","og_image":[{"width":2048,"height":1366,"url":"https:\/\/eduvic.coop\/wp-content\/uploads\/2021\/05\/DSC_0317-scaled-1-2048x1366-1.jpg","type":"image\/jpeg"}],"author":"MAD Systems, SCCL","twitter_card":"summary_large_image","twitter_misc":{"Escrito por":"MAD Systems, SCCL","Tiempo de lectura":"2 minutos"},"schema":{"@context":"https:\/\/schema.org","@graph":[{"@type":"Article","@id":"https:\/\/eduvic.coop\/es\/el-proyecto-yakaar-incentiva-el-emprendimiento-en-senegal\/#article","isPartOf":{"@id":"https:\/\/eduvic.coop\/es\/el-proyecto-yakaar-incentiva-el-emprendimiento-en-senegal\/"},"author":{"name":"MAD Systems, SCCL","@id":"https:\/\/eduvic.coop\/es\/#\/schema\/person\/379e3651162f93b09e21bb3f8accd8b7"},"headline":"El Proyecto Yakaar incentiva el emprendimiento en Senegal","datePublished":"2021-05-25T08:28:18+00:00","dateModified":"2022-02-10T11:31:38+00:00","mainEntityOfPage":{"@id":"https:\/\/eduvic.coop\/es\/el-proyecto-yakaar-incentiva-el-emprendimiento-en-senegal\/"},"wordCount":474,"publisher":{"@id":"https:\/\/eduvic.coop\/es\/#organization"},"image":{"@id":"https:\/\/eduvic.coop\/es\/el-proyecto-yakaar-incentiva-el-emprendimiento-en-senegal\/#primaryimage"},"thumbnailUrl":"https:\/\/eduvic.coop\/wp-content\/uploads\/2021\/05\/DSC_0317-scaled-1-2048x1366-1.jpg","articleSection":["Infancia y adolescencia","Noticias"],"inLanguage":"es"},{"@type":"WebPage","@id":"https:\/\/eduvic.coop\/es\/el-proyecto-yakaar-incentiva-el-emprendimiento-en-senegal\/","url":"https:\/\/eduvic.coop\/es\/el-proyecto-yakaar-incentiva-el-emprendimiento-en-senegal\/","name":"El Proyecto Yakaar incentiva el emprendimiento en Senegal - EDUVIC","isPartOf":{"@id":"https:\/\/eduvic.coop\/es\/#website"},"primaryImageOfPage":{"@id":"https:\/\/eduvic.coop\/es\/el-proyecto-yakaar-incentiva-el-emprendimiento-en-senegal\/#primaryimage"},"image":{"@id":"https:\/\/eduvic.coop\/es\/el-proyecto-yakaar-incentiva-el-emprendimiento-en-senegal\/#primaryimage"},"thumbnailUrl":"https:\/\/eduvic.coop\/wp-content\/uploads\/2021\/05\/DSC_0317-scaled-1-2048x1366-1.jpg","datePublished":"2021-05-25T08:28:18+00:00","dateModified":"2022-02-10T11:31:38+00:00","breadcrumb":{"@id":"https:\/\/eduvic.coop\/es\/el-proyecto-yakaar-incentiva-el-emprendimiento-en-senegal\/#breadcrumb"},"inLanguage":"es","potentialAction":[{"@type":"ReadAction","target":["https:\/\/eduvic.coop\/es\/el-proyecto-yakaar-incentiva-el-emprendimiento-en-senegal\/"]}]},{"@type":"ImageObject","inLanguage":"es","@id":"https:\/\/eduvic.coop\/es\/el-proyecto-yakaar-incentiva-el-emprendimiento-en-senegal\/#primaryimage","url":"https:\/\/eduvic.coop\/wp-content\/uploads\/2021\/05\/DSC_0317-scaled-1-2048x1366-1.jpg","contentUrl":"https:\/\/eduvic.coop\/wp-content\/uploads\/2021\/05\/DSC_0317-scaled-1-2048x1366-1.jpg","width":2048,"height":1366},{"@type":"BreadcrumbList","@id":"https:\/\/eduvic.coop\/es\/el-proyecto-yakaar-incentiva-el-emprendimiento-en-senegal\/#breadcrumb","itemListElement":[{"@type":"ListItem","position":1,"name":"Inici","item":"https:\/\/eduvic.coop\/es\/"},{"@type":"ListItem","position":2,"name":"El Proyecto Yakaar incentiva el emprendimiento en Senegal"}]},{"@type":"WebSite","@id":"https:\/\/eduvic.coop\/es\/#website","url":"https:\/\/eduvic.coop\/es\/","name":"EDUVIC","description":"","publisher":{"@id":"https:\/\/eduvic.coop\/es\/#organization"},"potentialAction":[{"@type":"SearchAction","target":{"@type":"EntryPoint","urlTemplate":"https:\/\/eduvic.coop\/es\/?s={search_term_string}"},"query-input":{"@type":"PropertyValueSpecification","valueRequired":true,"valueName":"search_term_string"}}],"inLanguage":"es"},{"@type":"Organization","@id":"https:\/\/eduvic.coop\/es\/#organization","name":"EDUVIC","url":"https:\/\/eduvic.coop\/es\/","logo":{"@type":"ImageObject","inLanguage":"es","@id":"https:\/\/eduvic.coop\/es\/#\/schema\/logo\/image\/","url":"https:\/\/eduvic.coop\/wp-content\/uploads\/2024\/12\/cropped-EDUVIC-1.png","contentUrl":"https:\/\/eduvic.coop\/wp-content\/uploads\/2024\/12\/cropped-EDUVIC-1.png","width":4440,"height":1743,"caption":"EDUVIC"},"image":{"@id":"https:\/\/eduvic.coop\/es\/#\/schema\/logo\/image\/"}},{"@type":"Person","@id":"https:\/\/eduvic.coop\/es\/#\/schema\/person\/379e3651162f93b09e21bb3f8accd8b7","name":"MAD Systems, SCCL","image":{"@type":"ImageObject","inLanguage":"es","@id":"https:\/\/secure.gravatar.com\/avatar\/5116f7ad06d3420ede2d61afd6c51617cf548ad86d0b2a506fab574f6a457171?s=96&d=mm&r=g","url":"https:\/\/secure.gravatar.com\/avatar\/5116f7ad06d3420ede2d61afd6c51617cf548ad86d0b2a506fab574f6a457171?s=96&d=mm&r=g","contentUrl":"https:\/\/secure.gravatar.com\/avatar\/5116f7ad06d3420ede2d61afd6c51617cf548ad86d0b2a506fab574f6a457171?s=96&d=mm&r=g","caption":"MAD Systems, SCCL"},"sameAs":["https:\/\/eduvic.coop"],"url":"https:\/\/eduvic.coop\/es\/author\/madsystems\/"}]}},"_links":{"self":[{"href":"https:\/\/eduvic.coop\/es\/wp-json\/wp\/v2\/posts\/5562","targetHints":{"allow":["GET"]}}],"collection":[{"href":"https:\/\/eduvic.coop\/es\/wp-json\/wp\/v2\/posts"}],"about":[{"href":"https:\/\/eduvic.coop\/es\/wp-json\/wp\/v2\/types\/post"}],"author":[{"embeddable":true,"href":"https:\/\/eduvic.coop\/es\/wp-json\/wp\/v2\/users\/1"}],"replies":[{"embeddable":true,"href":"https:\/\/eduvic.coop\/es\/wp-json\/wp\/v2\/comments?post=5562"}],"version-history":[{"count":5,"href":"https:\/\/eduvic.coop\/es\/wp-json\/wp\/v2\/posts\/5562\/revisions"}],"predecessor-version":[{"id":6871,"href":"https:\/\/eduvic.coop\/es\/wp-json\/wp\/v2\/posts\/5562\/revisions\/6871"}],"wp:featuredmedia":[{"embeddable":true,"href":"https:\/\/eduvic.coop\/es\/wp-json\/wp\/v2\/media\/6869"}],"wp:attachment":[{"href":"https:\/\/eduvic.coop\/es\/wp-json\/wp\/v2\/media?parent=5562"}],"wp:term":[{"taxonomy":"category","embeddable":true,"href":"https:\/\/eduvic.coop\/es\/wp-json\/wp\/v2\/categories?post=5562"},{"taxonomy":"post_tag","embeddable":true,"href":"https:\/\/eduvic.coop\/es\/wp-json\/wp\/v2\/tags?post=5562"}],"curies":[{"name":"wp","href":"https:\/\/api.w.org\/{rel}","templated":true}]}}