{"id":5207,"date":"2020-12-09T11:26:57","date_gmt":"2020-12-09T09:26:57","guid":{"rendered":"https:\/\/eduvic.coop\/?p=5207"},"modified":"2022-02-10T13:31:50","modified_gmt":"2022-02-10T11:31:50","slug":"entrevista-a-manger-cantautor-de-enmig-del-cel-i-el-mar","status":"publish","type":"post","link":"https:\/\/eduvic.coop\/es\/entrevista-a-manger-cantautor-de-enmig-del-cel-i-el-mar\/","title":{"rendered":"Entrevista a Manger, cantautor de \u201cEnmig del cel i el mar\u201d"},"content":{"rendered":"<div class=\"wpb-content-wrapper\"><p>[vc_row][vc_column][vc_column_text]El artista Manger (Germ\u00e1n Rey), inspirado por las vivencias que ha escuchado como educador de los j\u00f3venes migrantes no acompa\u00f1ados, ha compuesto el single &#8220;En medio del cielo y el mar&#8220;, que ha contado con la colaboraci\u00f3n de EDUVIC. De melod\u00eda r\u00edtmica y vibrante y una letra sobrecogedora, la canci\u00f3n pretende llegar a todo el mundo y no dejar a nadie indiferente. Nos hemos reunido con Germ\u00e1n para que nos cuente un poco m\u00e1s sobre \u00e9l y la canci\u00f3n:<\/p>\n<p><strong>\u00bfQui\u00e9n eres? \u00bfA qu\u00e9 te dedicas?<\/strong><br \/>\nSoy Germ\u00e1n Rey Romero, nacido en Barcelona hace cuarenta y cinco a\u00f1os y residente en la ciudad de Lleida desde hace veinte. He estudiado Psicolog\u00eda y Ciencias de la actividad f\u00edsica y el deporte, y he tenido diferentes trabajos relacionados en estos \u00e1mbitos. Hace un par de a\u00f1os entr\u00e9 a trabajar en EDUVIC, concretamente al Servicio de Protecci\u00f3n de Emergencia (SPE) Mandoni como educador. Y en este \u00faltimo a\u00f1o, he sustituido la psic\u00f3loga del centro por baja de maternidad.<br \/>\nAl mismo tiempo, mi pasi\u00f3n es la m\u00fasica, y he ido haciendo cositas musicales pero sin ponerme a fondo. Hace dos a\u00f1os, decid\u00ed dejar el grupo como vocalista y empec\u00e9 a componer canciones hasta que tuve once que me gustaban. He sacado cinco singles y ahora a finales de a\u00f1o sacar\u00e9 el disco entero con mi nombre art\u00edstico que es Manger.<\/p>\n<p><strong>\u00bfC\u00f3mo surgi\u00f3 la canci\u00f3n?<\/strong><br \/>\nAl hacer de educador, algunos j\u00f3venes migrantes me hab\u00edan explicado la experiencia de estar en la patera y s\u00f3lo ver cielo y mar durante horas o d\u00edas, en medio del mar Mediterr\u00e1neo. De ah\u00ed surgi\u00f3 la inspiraci\u00f3n para hacer &#8220;En medio del cielo y el mar&#8221;, y me sali\u00f3 con una fluidez especial que no me suele pasar. Cuando la compuse, trat\u00e9 de hacerlo con el mayor respeto y amor posible siendo consciente de que no estoy a su dif\u00edcil situaci\u00f3n.<br \/>\nHac\u00eda dos a\u00f1os que ten\u00eda la demo hecha en casa, y estaba componiendo el resto de las canciones para el disco. La ense\u00f1\u00e9 a gente del trabajo relacionada con la acogida de los j\u00f3venes migrantes y me animaron para que la grabara para un documental que finalmente no se pudo hacer, pero en cambio la canci\u00f3n s\u00ed sali\u00f3 adelante. La cooperativa EDUVIC me ayud\u00f3 a pagar la grabaci\u00f3n y, al hacerlo, el productor V\u00edctor Ayuso (m\u00fasico y componente de Renaldo &amp; Clara) la hizo crecer hasta la versi\u00f3n que ha escuchado.<br \/>\nAquellos d\u00edas, V\u00edctor estaba grabando el disco &#8220;Cii Biti&#8221; (\u00a1precioso!) de Alu Spear. Spear es un hombre encantador de origen senegal\u00e9s que pas\u00f3 hace muchos a\u00f1os por un duro proceso migratorio y que, cuando escuch\u00f3 &#8220;En medio del cielo y el mar&#8221;, grab\u00f3 en menos de una hora el rap tan chulo que en medio de la canci\u00f3n la refresca y la acerca a\u00fan m\u00e1s a la realidad que yo hablaba. Tambi\u00e9n se a\u00f1adi\u00f3 Eduard Gomis, que toca el djemb\u00e9 genialmente y le da ese toque africano y mediterr\u00e1neo a la vez.<\/p>\n<p><strong>\u00bfQu\u00e9 quieres conseguir con ella?<\/strong><br \/>\nSinceramente, cuando la cre\u00e9 no pretend\u00eda mucha cosa, s\u00f3lo trat\u00e9 de poner sentimiento y respeto y tratar de hacer una canci\u00f3n que me gustara. Una vez registrada, y sabiendo que puede llegar a mucha gente, me gustar\u00eda que sirva sobre todo para humanizar y generar empat\u00eda y respeto donde muchas veces hay rechazo y desconocimiento.<\/p>\n<p><strong>La letra est\u00e1 traducida y subtitulada al \u00e1rabe y wolof. \u00bfPor qu\u00e9?<\/strong><br \/>\nPara que la puedan ver el m\u00e1ximo n\u00famero de gente posible y el mensaje sea accesible a todos. Me interesa que los chicos migrantes la puedan entender bien, por ejemplo, y muchos de ellos vienen del norte de \u00c1frica, donde se habla el \u00e1rabe, y de Senegal y Gambia, donde se habla el wolof.<\/p>\n<p><strong>\u00bfCu\u00e1l es el mensaje que quieres transmitir?<\/strong><br \/>\nSobre todo de concienciaci\u00f3n y solidaridad, ya que mucha gente no se para a pensar con la realidad que viven los j\u00f3venes migrantes. Quisiera que a trav\u00e9s de mi canci\u00f3n se conociera m\u00e1s y que por tanto, la gente aut\u00f3ctona pueda comprender y querer mejor.<br \/>\nAprovecho para daros las gracias por la difusi\u00f3n y por la acogida que est\u00e1 dando a la canci\u00f3n.[\/vc_column_text][vc_empty_space][vc_empty_space][\/vc_column][\/vc_row][vc_row][vc_column width=&#8221;1\/2&#8243;][vc_video link=&#8221;https:\/\/www.youtube.com\/watch?v=-g8huogeW1w&amp;trk=organization-update-content_share-embed-video_share-article_title&#8221;][\/vc_column][vc_column width=&#8221;1\/2&#8243;][vc_column_text]<strong>EN MEDIO DEL CIELO Y EL MAR (feat. Alu Spear)<\/strong><br \/>\nDomingo en la playa de Rabat<br \/>\ndecidiste irte sin avisar<br \/>\ntu madre dicen que llora a escondidas<br \/>\ntu padre reza por ti el Salat<br \/>\nDesenga\u00f1os y dudas son los panes de cada d\u00eda<br \/>\nel sue\u00f1o de Occidente se ha disfrazado<br \/>\ntrabajar con paciencia para ti y la familia<br \/>\nel esfuerzo deber\u00e1 ser tu aliado<br \/>\nEn medio del cielo y el mar<br \/>\nsin encontrar ning\u00fan faro<br \/>\ndecidiste irte<br \/>\nsin saber ni d\u00f3nde ibas<br \/>\nEn medio del cielo y el mar<br \/>\nel sol quemando aparte<br \/>\nsintiendo la muerte de cerca<br \/>\ncasi te explota el coraz\u00f3n<br \/>\nEl mar y t\u00fa<br \/>\nLa barca es la moneda de la suerte<br \/>\nla vida noche y d\u00eda se pone en juego<br \/>\ntres d\u00edas esperando llegar a puerto<br \/>\ncasi no sobrevives esta vez<br \/>\n(Alu Spear)<br \/>\n<em>S\u00ed, es cierto hombre, \u00a1gracias!<\/em><br \/>\n<em>En un camino oscuro<\/em><br \/>\n<em>que cost\u00f3 la vida<\/em><br \/>\n<em>Dejamos todo y<\/em><br \/>\n<em>tomamos el camino del mar<\/em><br \/>\n<em>Fue un d\u00eda de verano<\/em><br \/>\n<em>quiz\u00e1 el d\u00eda de ma\u00f1ana lo explicaremos a los nietos<\/em><br \/>\n<em>con palabras cortas que parecen un solo d\u00eda<\/em><br \/>\n<em>Y fue un camino muy duro y largo<\/em><br \/>\n<em>Hasta que parecimos homosapiens<\/em><br \/>\n<em>Y si tienes la suerte de llegar<\/em><br \/>\n<em>te reciben con guantes<\/em><br \/>\n<em>esta civilizaci\u00f3n, \u00a1eh!<\/em><br \/>\nEn medio del cielo y el mar<br \/>\nsin encontrar ning\u00fan faro<br \/>\nDecidiste irte<br \/>\nsin saber ni d\u00f3nde ibas<br \/>\nEn medio del cielo y el mar<br \/>\nel sol quemando aparte<br \/>\nSintiendo la muerte de cerca<br \/>\ncasi te explota el coraz\u00f3n<br \/>\nEn medio del cielo y el mar<br \/>\nsin encontrar ning\u00fan faro<br \/>\nDecidiste irte<br \/>\nsin saber ni d\u00f3nde ibas<br \/>\nEn medio del cielo y el mar<br \/>\nel mundo ardiendo aparte<br \/>\nSintiendo la muerte de cerca<br \/>\ncasi te sale el coraz\u00f3n<br \/>\nEl mar y t\u00fa<br \/>\n\u2014\u2014\u2014\u2014\u2014\u2014\u2014\u2014\u2014\u2014\u2013[\/vc_column_text][\/vc_column][\/vc_row]<\/p>\n<\/div>","protected":false},"excerpt":{"rendered":"<p> &#8230; <\/p>\n<p class=\"read-more-container\"><a title=\"Entrevista a Manger, cantautor de \u201cEnmig del cel i el mar\u201d\" class=\"read-more button\" href=\"https:\/\/eduvic.coop\/es\/entrevista-a-manger-cantautor-de-enmig-del-cel-i-el-mar\/#more-5207\" aria-label=\"Leer m\u00e1s sobre Entrevista a Manger, cantautor de \u201cEnmig del cel i el mar\u201d\">Leer m\u00e1s<\/a><\/p>\n","protected":false},"author":1,"featured_media":5200,"comment_status":"closed","ping_status":"closed","sticky":false,"template":"","format":"standard","meta":{"footnotes":""},"categories":[54,53],"tags":[],"class_list":["post-5207","post","type-post","status-publish","format-standard","has-post-thumbnail","hentry","category-infancia-adolescencia","category-noticias-es","generate-columns","tablet-grid-50","mobile-grid-100","grid-parent","grid-50","no-featured-image-padding"],"yoast_head":"<!-- This site is optimized with the Yoast SEO plugin v27.4 - https:\/\/yoast.com\/product\/yoast-seo-wordpress\/ -->\n<title>Entrevista a Manger, cantautor de \u201cEnmig del cel i el mar\u201d - EDUVIC<\/title>\n<meta name=\"robots\" content=\"index, follow, max-snippet:-1, max-image-preview:large, max-video-preview:-1\" \/>\n<link rel=\"canonical\" href=\"https:\/\/eduvic.coop\/es\/entrevista-a-manger-cantautor-de-enmig-del-cel-i-el-mar\/\" \/>\n<meta property=\"og:locale\" content=\"es_ES\" \/>\n<meta property=\"og:type\" content=\"article\" \/>\n<meta property=\"og:title\" content=\"Entrevista a Manger, cantautor de \u201cEnmig del cel i el mar\u201d - EDUVIC\" \/>\n<meta property=\"og:description\" content=\"... Leer m\u00e1s\" \/>\n<meta property=\"og:url\" content=\"https:\/\/eduvic.coop\/es\/entrevista-a-manger-cantautor-de-enmig-del-cel-i-el-mar\/\" \/>\n<meta property=\"og:site_name\" content=\"EDUVIC\" \/>\n<meta property=\"article:published_time\" content=\"2020-12-09T09:26:57+00:00\" \/>\n<meta property=\"article:modified_time\" content=\"2022-02-10T11:31:50+00:00\" \/>\n<meta property=\"og:image\" content=\"https:\/\/eduvic.coop\/wp-content\/uploads\/2020\/12\/enmig-del-mar-canco-1.png\" \/>\n\t<meta property=\"og:image:width\" content=\"960\" \/>\n\t<meta property=\"og:image:height\" content=\"445\" \/>\n\t<meta property=\"og:image:type\" content=\"image\/png\" \/>\n<meta name=\"author\" content=\"MAD Systems, SCCL\" \/>\n<meta name=\"twitter:card\" content=\"summary_large_image\" \/>\n<meta name=\"twitter:label1\" content=\"Escrito por\" \/>\n\t<meta name=\"twitter:data1\" content=\"MAD Systems, SCCL\" \/>\n\t<meta name=\"twitter:label2\" content=\"Tiempo de lectura\" \/>\n\t<meta name=\"twitter:data2\" content=\"6 minutos\" \/>\n<script type=\"application\/ld+json\" class=\"yoast-schema-graph\">{\"@context\":\"https:\\\/\\\/schema.org\",\"@graph\":[{\"@type\":\"Article\",\"@id\":\"https:\\\/\\\/eduvic.coop\\\/es\\\/entrevista-a-manger-cantautor-de-enmig-del-cel-i-el-mar\\\/#article\",\"isPartOf\":{\"@id\":\"https:\\\/\\\/eduvic.coop\\\/es\\\/entrevista-a-manger-cantautor-de-enmig-del-cel-i-el-mar\\\/\"},\"author\":{\"name\":\"MAD Systems, SCCL\",\"@id\":\"https:\\\/\\\/eduvic.coop\\\/es\\\/#\\\/schema\\\/person\\\/379e3651162f93b09e21bb3f8accd8b7\"},\"headline\":\"Entrevista a Manger, cantautor de \u201cEnmig del cel i el mar\u201d\",\"datePublished\":\"2020-12-09T09:26:57+00:00\",\"dateModified\":\"2022-02-10T11:31:50+00:00\",\"mainEntityOfPage\":{\"@id\":\"https:\\\/\\\/eduvic.coop\\\/es\\\/entrevista-a-manger-cantautor-de-enmig-del-cel-i-el-mar\\\/\"},\"wordCount\":1135,\"publisher\":{\"@id\":\"https:\\\/\\\/eduvic.coop\\\/es\\\/#organization\"},\"image\":{\"@id\":\"https:\\\/\\\/eduvic.coop\\\/es\\\/entrevista-a-manger-cantautor-de-enmig-del-cel-i-el-mar\\\/#primaryimage\"},\"thumbnailUrl\":\"https:\\\/\\\/eduvic.coop\\\/wp-content\\\/uploads\\\/2020\\\/12\\\/enmig-del-mar-canco-1.png\",\"articleSection\":[\"Infancia y adolescencia\",\"Noticias\"],\"inLanguage\":\"es\"},{\"@type\":\"WebPage\",\"@id\":\"https:\\\/\\\/eduvic.coop\\\/es\\\/entrevista-a-manger-cantautor-de-enmig-del-cel-i-el-mar\\\/\",\"url\":\"https:\\\/\\\/eduvic.coop\\\/es\\\/entrevista-a-manger-cantautor-de-enmig-del-cel-i-el-mar\\\/\",\"name\":\"Entrevista a Manger, cantautor de \u201cEnmig del cel i el mar\u201d - EDUVIC\",\"isPartOf\":{\"@id\":\"https:\\\/\\\/eduvic.coop\\\/es\\\/#website\"},\"primaryImageOfPage\":{\"@id\":\"https:\\\/\\\/eduvic.coop\\\/es\\\/entrevista-a-manger-cantautor-de-enmig-del-cel-i-el-mar\\\/#primaryimage\"},\"image\":{\"@id\":\"https:\\\/\\\/eduvic.coop\\\/es\\\/entrevista-a-manger-cantautor-de-enmig-del-cel-i-el-mar\\\/#primaryimage\"},\"thumbnailUrl\":\"https:\\\/\\\/eduvic.coop\\\/wp-content\\\/uploads\\\/2020\\\/12\\\/enmig-del-mar-canco-1.png\",\"datePublished\":\"2020-12-09T09:26:57+00:00\",\"dateModified\":\"2022-02-10T11:31:50+00:00\",\"breadcrumb\":{\"@id\":\"https:\\\/\\\/eduvic.coop\\\/es\\\/entrevista-a-manger-cantautor-de-enmig-del-cel-i-el-mar\\\/#breadcrumb\"},\"inLanguage\":\"es\",\"potentialAction\":[{\"@type\":\"ReadAction\",\"target\":[\"https:\\\/\\\/eduvic.coop\\\/es\\\/entrevista-a-manger-cantautor-de-enmig-del-cel-i-el-mar\\\/\"]}]},{\"@type\":\"ImageObject\",\"inLanguage\":\"es\",\"@id\":\"https:\\\/\\\/eduvic.coop\\\/es\\\/entrevista-a-manger-cantautor-de-enmig-del-cel-i-el-mar\\\/#primaryimage\",\"url\":\"https:\\\/\\\/eduvic.coop\\\/wp-content\\\/uploads\\\/2020\\\/12\\\/enmig-del-mar-canco-1.png\",\"contentUrl\":\"https:\\\/\\\/eduvic.coop\\\/wp-content\\\/uploads\\\/2020\\\/12\\\/enmig-del-mar-canco-1.png\",\"width\":960,\"height\":445},{\"@type\":\"BreadcrumbList\",\"@id\":\"https:\\\/\\\/eduvic.coop\\\/es\\\/entrevista-a-manger-cantautor-de-enmig-del-cel-i-el-mar\\\/#breadcrumb\",\"itemListElement\":[{\"@type\":\"ListItem\",\"position\":1,\"name\":\"Inici\",\"item\":\"https:\\\/\\\/eduvic.coop\\\/es\\\/\"},{\"@type\":\"ListItem\",\"position\":2,\"name\":\"Entrevista a Manger, cantautor de \u201cEnmig del cel i el mar\u201d\"}]},{\"@type\":\"WebSite\",\"@id\":\"https:\\\/\\\/eduvic.coop\\\/es\\\/#website\",\"url\":\"https:\\\/\\\/eduvic.coop\\\/es\\\/\",\"name\":\"EDUVIC\",\"description\":\"\",\"publisher\":{\"@id\":\"https:\\\/\\\/eduvic.coop\\\/es\\\/#organization\"},\"potentialAction\":[{\"@type\":\"SearchAction\",\"target\":{\"@type\":\"EntryPoint\",\"urlTemplate\":\"https:\\\/\\\/eduvic.coop\\\/es\\\/?s={search_term_string}\"},\"query-input\":{\"@type\":\"PropertyValueSpecification\",\"valueRequired\":true,\"valueName\":\"search_term_string\"}}],\"inLanguage\":\"es\"},{\"@type\":\"Organization\",\"@id\":\"https:\\\/\\\/eduvic.coop\\\/es\\\/#organization\",\"name\":\"EDUVIC\",\"url\":\"https:\\\/\\\/eduvic.coop\\\/es\\\/\",\"logo\":{\"@type\":\"ImageObject\",\"inLanguage\":\"es\",\"@id\":\"https:\\\/\\\/eduvic.coop\\\/es\\\/#\\\/schema\\\/logo\\\/image\\\/\",\"url\":\"https:\\\/\\\/eduvic.coop\\\/wp-content\\\/uploads\\\/2024\\\/12\\\/cropped-EDUVIC-1.png\",\"contentUrl\":\"https:\\\/\\\/eduvic.coop\\\/wp-content\\\/uploads\\\/2024\\\/12\\\/cropped-EDUVIC-1.png\",\"width\":4440,\"height\":1743,\"caption\":\"EDUVIC\"},\"image\":{\"@id\":\"https:\\\/\\\/eduvic.coop\\\/es\\\/#\\\/schema\\\/logo\\\/image\\\/\"}},{\"@type\":\"Person\",\"@id\":\"https:\\\/\\\/eduvic.coop\\\/es\\\/#\\\/schema\\\/person\\\/379e3651162f93b09e21bb3f8accd8b7\",\"name\":\"MAD Systems, SCCL\",\"image\":{\"@type\":\"ImageObject\",\"inLanguage\":\"es\",\"@id\":\"https:\\\/\\\/secure.gravatar.com\\\/avatar\\\/5116f7ad06d3420ede2d61afd6c51617cf548ad86d0b2a506fab574f6a457171?s=96&d=mm&r=g\",\"url\":\"https:\\\/\\\/secure.gravatar.com\\\/avatar\\\/5116f7ad06d3420ede2d61afd6c51617cf548ad86d0b2a506fab574f6a457171?s=96&d=mm&r=g\",\"contentUrl\":\"https:\\\/\\\/secure.gravatar.com\\\/avatar\\\/5116f7ad06d3420ede2d61afd6c51617cf548ad86d0b2a506fab574f6a457171?s=96&d=mm&r=g\",\"caption\":\"MAD Systems, SCCL\"},\"sameAs\":[\"https:\\\/\\\/eduvic.coop\"],\"url\":\"https:\\\/\\\/eduvic.coop\\\/es\\\/author\\\/madsystems\\\/\"}]}<\/script>\n<!-- \/ Yoast SEO plugin. -->","yoast_head_json":{"title":"Entrevista a Manger, cantautor de \u201cEnmig del cel i el mar\u201d - EDUVIC","robots":{"index":"index","follow":"follow","max-snippet":"max-snippet:-1","max-image-preview":"max-image-preview:large","max-video-preview":"max-video-preview:-1"},"canonical":"https:\/\/eduvic.coop\/es\/entrevista-a-manger-cantautor-de-enmig-del-cel-i-el-mar\/","og_locale":"es_ES","og_type":"article","og_title":"Entrevista a Manger, cantautor de \u201cEnmig del cel i el mar\u201d - EDUVIC","og_description":"... Leer m\u00e1s","og_url":"https:\/\/eduvic.coop\/es\/entrevista-a-manger-cantautor-de-enmig-del-cel-i-el-mar\/","og_site_name":"EDUVIC","article_published_time":"2020-12-09T09:26:57+00:00","article_modified_time":"2022-02-10T11:31:50+00:00","og_image":[{"width":960,"height":445,"url":"https:\/\/eduvic.coop\/wp-content\/uploads\/2020\/12\/enmig-del-mar-canco-1.png","type":"image\/png"}],"author":"MAD Systems, SCCL","twitter_card":"summary_large_image","twitter_misc":{"Escrito por":"MAD Systems, SCCL","Tiempo de lectura":"6 minutos"},"schema":{"@context":"https:\/\/schema.org","@graph":[{"@type":"Article","@id":"https:\/\/eduvic.coop\/es\/entrevista-a-manger-cantautor-de-enmig-del-cel-i-el-mar\/#article","isPartOf":{"@id":"https:\/\/eduvic.coop\/es\/entrevista-a-manger-cantautor-de-enmig-del-cel-i-el-mar\/"},"author":{"name":"MAD Systems, SCCL","@id":"https:\/\/eduvic.coop\/es\/#\/schema\/person\/379e3651162f93b09e21bb3f8accd8b7"},"headline":"Entrevista a Manger, cantautor de \u201cEnmig del cel i el mar\u201d","datePublished":"2020-12-09T09:26:57+00:00","dateModified":"2022-02-10T11:31:50+00:00","mainEntityOfPage":{"@id":"https:\/\/eduvic.coop\/es\/entrevista-a-manger-cantautor-de-enmig-del-cel-i-el-mar\/"},"wordCount":1135,"publisher":{"@id":"https:\/\/eduvic.coop\/es\/#organization"},"image":{"@id":"https:\/\/eduvic.coop\/es\/entrevista-a-manger-cantautor-de-enmig-del-cel-i-el-mar\/#primaryimage"},"thumbnailUrl":"https:\/\/eduvic.coop\/wp-content\/uploads\/2020\/12\/enmig-del-mar-canco-1.png","articleSection":["Infancia y adolescencia","Noticias"],"inLanguage":"es"},{"@type":"WebPage","@id":"https:\/\/eduvic.coop\/es\/entrevista-a-manger-cantautor-de-enmig-del-cel-i-el-mar\/","url":"https:\/\/eduvic.coop\/es\/entrevista-a-manger-cantautor-de-enmig-del-cel-i-el-mar\/","name":"Entrevista a Manger, cantautor de \u201cEnmig del cel i el mar\u201d - EDUVIC","isPartOf":{"@id":"https:\/\/eduvic.coop\/es\/#website"},"primaryImageOfPage":{"@id":"https:\/\/eduvic.coop\/es\/entrevista-a-manger-cantautor-de-enmig-del-cel-i-el-mar\/#primaryimage"},"image":{"@id":"https:\/\/eduvic.coop\/es\/entrevista-a-manger-cantautor-de-enmig-del-cel-i-el-mar\/#primaryimage"},"thumbnailUrl":"https:\/\/eduvic.coop\/wp-content\/uploads\/2020\/12\/enmig-del-mar-canco-1.png","datePublished":"2020-12-09T09:26:57+00:00","dateModified":"2022-02-10T11:31:50+00:00","breadcrumb":{"@id":"https:\/\/eduvic.coop\/es\/entrevista-a-manger-cantautor-de-enmig-del-cel-i-el-mar\/#breadcrumb"},"inLanguage":"es","potentialAction":[{"@type":"ReadAction","target":["https:\/\/eduvic.coop\/es\/entrevista-a-manger-cantautor-de-enmig-del-cel-i-el-mar\/"]}]},{"@type":"ImageObject","inLanguage":"es","@id":"https:\/\/eduvic.coop\/es\/entrevista-a-manger-cantautor-de-enmig-del-cel-i-el-mar\/#primaryimage","url":"https:\/\/eduvic.coop\/wp-content\/uploads\/2020\/12\/enmig-del-mar-canco-1.png","contentUrl":"https:\/\/eduvic.coop\/wp-content\/uploads\/2020\/12\/enmig-del-mar-canco-1.png","width":960,"height":445},{"@type":"BreadcrumbList","@id":"https:\/\/eduvic.coop\/es\/entrevista-a-manger-cantautor-de-enmig-del-cel-i-el-mar\/#breadcrumb","itemListElement":[{"@type":"ListItem","position":1,"name":"Inici","item":"https:\/\/eduvic.coop\/es\/"},{"@type":"ListItem","position":2,"name":"Entrevista a Manger, cantautor de \u201cEnmig del cel i el mar\u201d"}]},{"@type":"WebSite","@id":"https:\/\/eduvic.coop\/es\/#website","url":"https:\/\/eduvic.coop\/es\/","name":"EDUVIC","description":"","publisher":{"@id":"https:\/\/eduvic.coop\/es\/#organization"},"potentialAction":[{"@type":"SearchAction","target":{"@type":"EntryPoint","urlTemplate":"https:\/\/eduvic.coop\/es\/?s={search_term_string}"},"query-input":{"@type":"PropertyValueSpecification","valueRequired":true,"valueName":"search_term_string"}}],"inLanguage":"es"},{"@type":"Organization","@id":"https:\/\/eduvic.coop\/es\/#organization","name":"EDUVIC","url":"https:\/\/eduvic.coop\/es\/","logo":{"@type":"ImageObject","inLanguage":"es","@id":"https:\/\/eduvic.coop\/es\/#\/schema\/logo\/image\/","url":"https:\/\/eduvic.coop\/wp-content\/uploads\/2024\/12\/cropped-EDUVIC-1.png","contentUrl":"https:\/\/eduvic.coop\/wp-content\/uploads\/2024\/12\/cropped-EDUVIC-1.png","width":4440,"height":1743,"caption":"EDUVIC"},"image":{"@id":"https:\/\/eduvic.coop\/es\/#\/schema\/logo\/image\/"}},{"@type":"Person","@id":"https:\/\/eduvic.coop\/es\/#\/schema\/person\/379e3651162f93b09e21bb3f8accd8b7","name":"MAD Systems, SCCL","image":{"@type":"ImageObject","inLanguage":"es","@id":"https:\/\/secure.gravatar.com\/avatar\/5116f7ad06d3420ede2d61afd6c51617cf548ad86d0b2a506fab574f6a457171?s=96&d=mm&r=g","url":"https:\/\/secure.gravatar.com\/avatar\/5116f7ad06d3420ede2d61afd6c51617cf548ad86d0b2a506fab574f6a457171?s=96&d=mm&r=g","contentUrl":"https:\/\/secure.gravatar.com\/avatar\/5116f7ad06d3420ede2d61afd6c51617cf548ad86d0b2a506fab574f6a457171?s=96&d=mm&r=g","caption":"MAD Systems, SCCL"},"sameAs":["https:\/\/eduvic.coop"],"url":"https:\/\/eduvic.coop\/es\/author\/madsystems\/"}]}},"_links":{"self":[{"href":"https:\/\/eduvic.coop\/es\/wp-json\/wp\/v2\/posts\/5207","targetHints":{"allow":["GET"]}}],"collection":[{"href":"https:\/\/eduvic.coop\/es\/wp-json\/wp\/v2\/posts"}],"about":[{"href":"https:\/\/eduvic.coop\/es\/wp-json\/wp\/v2\/types\/post"}],"author":[{"embeddable":true,"href":"https:\/\/eduvic.coop\/es\/wp-json\/wp\/v2\/users\/1"}],"replies":[{"embeddable":true,"href":"https:\/\/eduvic.coop\/es\/wp-json\/wp\/v2\/comments?post=5207"}],"version-history":[{"count":3,"href":"https:\/\/eduvic.coop\/es\/wp-json\/wp\/v2\/posts\/5207\/revisions"}],"predecessor-version":[{"id":5775,"href":"https:\/\/eduvic.coop\/es\/wp-json\/wp\/v2\/posts\/5207\/revisions\/5775"}],"wp:featuredmedia":[{"embeddable":true,"href":"https:\/\/eduvic.coop\/es\/wp-json\/wp\/v2\/media\/5200"}],"wp:attachment":[{"href":"https:\/\/eduvic.coop\/es\/wp-json\/wp\/v2\/media?parent=5207"}],"wp:term":[{"taxonomy":"category","embeddable":true,"href":"https:\/\/eduvic.coop\/es\/wp-json\/wp\/v2\/categories?post=5207"},{"taxonomy":"post_tag","embeddable":true,"href":"https:\/\/eduvic.coop\/es\/wp-json\/wp\/v2\/tags?post=5207"}],"curies":[{"name":"wp","href":"https:\/\/api.w.org\/{rel}","templated":true}]}}