{"id":5174,"date":"2020-11-26T14:55:48","date_gmt":"2020-11-26T12:55:48","guid":{"rendered":"https:\/\/eduvic.coop\/?p=5174"},"modified":"2022-02-10T13:31:07","modified_gmt":"2022-02-10T11:31:07","slug":"desde-la-escuela-itinere-ha-impartido-una-conferencia-para-los-alumnos-de-la-universidad-de-loyola","status":"publish","type":"post","link":"https:\/\/eduvic.coop\/es\/desde-la-escuela-itinere-ha-impartido-una-conferencia-para-los-alumnos-de-la-universidad-de-loyola\/","title":{"rendered":"Desde la Escuela ITINERE ha impartido una conferencia para los alumnos de la Universidad de Loyola"},"content":{"rendered":"<div class=\"wpb-content-wrapper\"><p>[vc_row][vc_column][vc_column_text]Marta Montoya, coordinadora de los servicios de j\u00f3venes migrantes solos de Tarragona y Barcelona de EDUVIC, ha impartido la conferencia titulada &#8220;<strong>Las fakenews: \u00bfqu\u00e9 hay detr\u00e1s del concepto MENA?<\/strong>&#8220;. Organizada por la Universidad de Loyola (Andaluc\u00eda) y en l\u00ednea, se ha hecho dirigida a los estudiantes del Grado en Psicolog\u00eda y Criminolog\u00eda.<br \/>\nLa charla ha tenido el prop\u00f3sito de acercar la realidad de los j\u00f3venes migrantes al alumnado andaluz y que, de este modo, tomen conciencia a la hora del ejercicio profesional. En efecto, los objetivos son empatizar respecto la situaci\u00f3n de los ni\u00f1os y los adolescentes que llegan solos en nuestro pa\u00eds; entender la tarea profesional desde su globalidad; y mostrarse de manera cr\u00edtica con algunas noticias o titulares de los medios de comunicaci\u00f3n.<br \/>\nA partir de las explicaciones y los ejercicios pr\u00e1cticos que les ha propuesto Marta Montoya, <strong>el alumnado ha podido trabajar como es el proceso migratorio de los ni\u00f1os y adolescentes que llegan solos en nuestro pa\u00eds<\/strong> (motivos, salida, en tr\u00e1nsito y acogida), las expectativas para con la realidad, los datos sobre las llegadas (\u00bfpor qu\u00e9 unos hechos son noticia y otras no?), y el perfil profesional de los equipos en funci\u00f3n de la tipolog\u00eda de servicios.<br \/>\nLa conferencia, que ha sido impartida en dos d\u00edas y deb\u00eda durar tres horas, ha sido tan bien recibida y ha generado tal expectaci\u00f3n y motivaci\u00f3n que se ha alargado hasta las cinco horas. Como dice Montoya: &#8220;<strong>\u00a1la experiencia ha sido tan intensa que nos hemos olvidado del tiempo!<\/strong>&#8220;.[\/vc_column_text][\/vc_column][\/vc_row][vc_row][vc_column][vc_empty_space][\/vc_column][\/vc_row]<\/p>\n<\/div>","protected":false},"excerpt":{"rendered":"<p> &#8230; <\/p>\n<p class=\"read-more-container\"><a title=\"Desde la Escuela ITINERE ha impartido una conferencia para los alumnos de la Universidad de Loyola\" class=\"read-more button\" href=\"https:\/\/eduvic.coop\/es\/desde-la-escuela-itinere-ha-impartido-una-conferencia-para-los-alumnos-de-la-universidad-de-loyola\/#more-5174\" aria-label=\"Leer m\u00e1s sobre Desde la Escuela ITINERE ha impartido una conferencia para los alumnos de la Universidad de Loyola\">Leer m\u00e1s<\/a><\/p>\n","protected":false},"author":1,"featured_media":5170,"comment_status":"closed","ping_status":"closed","sticky":false,"template":"","format":"standard","meta":{"footnotes":""},"categories":[56,53],"tags":[],"class_list":["post-5174","post","type-post","status-publish","format-standard","has-post-thumbnail","hentry","category-escuela-itinere","category-noticias-es","generate-columns","tablet-grid-50","mobile-grid-100","grid-parent","grid-50","no-featured-image-padding"],"yoast_head":"<!-- This site is optimized with the Yoast SEO plugin v27.4 - https:\/\/yoast.com\/product\/yoast-seo-wordpress\/ -->\n<title>Desde la Escuela ITINERE ha impartido una conferencia para los alumnos de la Universidad de Loyola - EDUVIC<\/title>\n<meta name=\"robots\" content=\"index, follow, max-snippet:-1, max-image-preview:large, max-video-preview:-1\" \/>\n<link rel=\"canonical\" href=\"https:\/\/eduvic.coop\/es\/desde-la-escuela-itinere-ha-impartido-una-conferencia-para-los-alumnos-de-la-universidad-de-loyola\/\" \/>\n<meta property=\"og:locale\" content=\"es_ES\" \/>\n<meta property=\"og:type\" content=\"article\" \/>\n<meta property=\"og:title\" content=\"Desde la Escuela ITINERE ha impartido una conferencia para los alumnos de la Universidad de Loyola - EDUVIC\" \/>\n<meta property=\"og:description\" content=\"... Leer m\u00e1s\" \/>\n<meta property=\"og:url\" content=\"https:\/\/eduvic.coop\/es\/desde-la-escuela-itinere-ha-impartido-una-conferencia-para-los-alumnos-de-la-universidad-de-loyola\/\" \/>\n<meta property=\"og:site_name\" content=\"EDUVIC\" \/>\n<meta property=\"article:published_time\" content=\"2020-11-26T12:55:48+00:00\" \/>\n<meta property=\"article:modified_time\" content=\"2022-02-10T11:31:07+00:00\" \/>\n<meta property=\"og:image\" content=\"https:\/\/eduvic.coop\/wp-content\/uploads\/2020\/11\/universitat-loyola2.jpg\" \/>\n\t<meta property=\"og:image:width\" content=\"640\" \/>\n\t<meta property=\"og:image:height\" content=\"230\" \/>\n\t<meta property=\"og:image:type\" content=\"image\/jpeg\" \/>\n<meta name=\"author\" content=\"MAD Systems, SCCL\" \/>\n<meta name=\"twitter:card\" content=\"summary_large_image\" \/>\n<meta name=\"twitter:label1\" content=\"Escrito por\" \/>\n\t<meta name=\"twitter:data1\" content=\"MAD Systems, SCCL\" \/>\n\t<meta name=\"twitter:label2\" content=\"Tiempo de lectura\" \/>\n\t<meta name=\"twitter:data2\" content=\"1 minuto\" \/>\n<script type=\"application\/ld+json\" class=\"yoast-schema-graph\">{\"@context\":\"https:\\\/\\\/schema.org\",\"@graph\":[{\"@type\":\"Article\",\"@id\":\"https:\\\/\\\/eduvic.coop\\\/es\\\/desde-la-escuela-itinere-ha-impartido-una-conferencia-para-los-alumnos-de-la-universidad-de-loyola\\\/#article\",\"isPartOf\":{\"@id\":\"https:\\\/\\\/eduvic.coop\\\/es\\\/desde-la-escuela-itinere-ha-impartido-una-conferencia-para-los-alumnos-de-la-universidad-de-loyola\\\/\"},\"author\":{\"name\":\"MAD Systems, SCCL\",\"@id\":\"https:\\\/\\\/eduvic.coop\\\/es\\\/#\\\/schema\\\/person\\\/379e3651162f93b09e21bb3f8accd8b7\"},\"headline\":\"Desde la Escuela ITINERE ha impartido una conferencia para los alumnos de la Universidad de Loyola\",\"datePublished\":\"2020-11-26T12:55:48+00:00\",\"dateModified\":\"2022-02-10T11:31:07+00:00\",\"mainEntityOfPage\":{\"@id\":\"https:\\\/\\\/eduvic.coop\\\/es\\\/desde-la-escuela-itinere-ha-impartido-una-conferencia-para-los-alumnos-de-la-universidad-de-loyola\\\/\"},\"wordCount\":314,\"publisher\":{\"@id\":\"https:\\\/\\\/eduvic.coop\\\/es\\\/#organization\"},\"image\":{\"@id\":\"https:\\\/\\\/eduvic.coop\\\/es\\\/desde-la-escuela-itinere-ha-impartido-una-conferencia-para-los-alumnos-de-la-universidad-de-loyola\\\/#primaryimage\"},\"thumbnailUrl\":\"https:\\\/\\\/eduvic.coop\\\/wp-content\\\/uploads\\\/2020\\\/11\\\/universitat-loyola2.jpg\",\"articleSection\":[\"Escuela Itinere\",\"Noticias\"],\"inLanguage\":\"es\"},{\"@type\":\"WebPage\",\"@id\":\"https:\\\/\\\/eduvic.coop\\\/es\\\/desde-la-escuela-itinere-ha-impartido-una-conferencia-para-los-alumnos-de-la-universidad-de-loyola\\\/\",\"url\":\"https:\\\/\\\/eduvic.coop\\\/es\\\/desde-la-escuela-itinere-ha-impartido-una-conferencia-para-los-alumnos-de-la-universidad-de-loyola\\\/\",\"name\":\"Desde la Escuela ITINERE ha impartido una conferencia para los alumnos de la Universidad de Loyola - EDUVIC\",\"isPartOf\":{\"@id\":\"https:\\\/\\\/eduvic.coop\\\/es\\\/#website\"},\"primaryImageOfPage\":{\"@id\":\"https:\\\/\\\/eduvic.coop\\\/es\\\/desde-la-escuela-itinere-ha-impartido-una-conferencia-para-los-alumnos-de-la-universidad-de-loyola\\\/#primaryimage\"},\"image\":{\"@id\":\"https:\\\/\\\/eduvic.coop\\\/es\\\/desde-la-escuela-itinere-ha-impartido-una-conferencia-para-los-alumnos-de-la-universidad-de-loyola\\\/#primaryimage\"},\"thumbnailUrl\":\"https:\\\/\\\/eduvic.coop\\\/wp-content\\\/uploads\\\/2020\\\/11\\\/universitat-loyola2.jpg\",\"datePublished\":\"2020-11-26T12:55:48+00:00\",\"dateModified\":\"2022-02-10T11:31:07+00:00\",\"breadcrumb\":{\"@id\":\"https:\\\/\\\/eduvic.coop\\\/es\\\/desde-la-escuela-itinere-ha-impartido-una-conferencia-para-los-alumnos-de-la-universidad-de-loyola\\\/#breadcrumb\"},\"inLanguage\":\"es\",\"potentialAction\":[{\"@type\":\"ReadAction\",\"target\":[\"https:\\\/\\\/eduvic.coop\\\/es\\\/desde-la-escuela-itinere-ha-impartido-una-conferencia-para-los-alumnos-de-la-universidad-de-loyola\\\/\"]}]},{\"@type\":\"ImageObject\",\"inLanguage\":\"es\",\"@id\":\"https:\\\/\\\/eduvic.coop\\\/es\\\/desde-la-escuela-itinere-ha-impartido-una-conferencia-para-los-alumnos-de-la-universidad-de-loyola\\\/#primaryimage\",\"url\":\"https:\\\/\\\/eduvic.coop\\\/wp-content\\\/uploads\\\/2020\\\/11\\\/universitat-loyola2.jpg\",\"contentUrl\":\"https:\\\/\\\/eduvic.coop\\\/wp-content\\\/uploads\\\/2020\\\/11\\\/universitat-loyola2.jpg\",\"width\":640,\"height\":230},{\"@type\":\"BreadcrumbList\",\"@id\":\"https:\\\/\\\/eduvic.coop\\\/es\\\/desde-la-escuela-itinere-ha-impartido-una-conferencia-para-los-alumnos-de-la-universidad-de-loyola\\\/#breadcrumb\",\"itemListElement\":[{\"@type\":\"ListItem\",\"position\":1,\"name\":\"Inici\",\"item\":\"https:\\\/\\\/eduvic.coop\\\/es\\\/\"},{\"@type\":\"ListItem\",\"position\":2,\"name\":\"Desde la Escuela ITINERE ha impartido una conferencia para los alumnos de la Universidad de Loyola\"}]},{\"@type\":\"WebSite\",\"@id\":\"https:\\\/\\\/eduvic.coop\\\/es\\\/#website\",\"url\":\"https:\\\/\\\/eduvic.coop\\\/es\\\/\",\"name\":\"EDUVIC\",\"description\":\"\",\"publisher\":{\"@id\":\"https:\\\/\\\/eduvic.coop\\\/es\\\/#organization\"},\"potentialAction\":[{\"@type\":\"SearchAction\",\"target\":{\"@type\":\"EntryPoint\",\"urlTemplate\":\"https:\\\/\\\/eduvic.coop\\\/es\\\/?s={search_term_string}\"},\"query-input\":{\"@type\":\"PropertyValueSpecification\",\"valueRequired\":true,\"valueName\":\"search_term_string\"}}],\"inLanguage\":\"es\"},{\"@type\":\"Organization\",\"@id\":\"https:\\\/\\\/eduvic.coop\\\/es\\\/#organization\",\"name\":\"EDUVIC\",\"url\":\"https:\\\/\\\/eduvic.coop\\\/es\\\/\",\"logo\":{\"@type\":\"ImageObject\",\"inLanguage\":\"es\",\"@id\":\"https:\\\/\\\/eduvic.coop\\\/es\\\/#\\\/schema\\\/logo\\\/image\\\/\",\"url\":\"https:\\\/\\\/eduvic.coop\\\/wp-content\\\/uploads\\\/2024\\\/12\\\/cropped-EDUVIC-1.png\",\"contentUrl\":\"https:\\\/\\\/eduvic.coop\\\/wp-content\\\/uploads\\\/2024\\\/12\\\/cropped-EDUVIC-1.png\",\"width\":4440,\"height\":1743,\"caption\":\"EDUVIC\"},\"image\":{\"@id\":\"https:\\\/\\\/eduvic.coop\\\/es\\\/#\\\/schema\\\/logo\\\/image\\\/\"}},{\"@type\":\"Person\",\"@id\":\"https:\\\/\\\/eduvic.coop\\\/es\\\/#\\\/schema\\\/person\\\/379e3651162f93b09e21bb3f8accd8b7\",\"name\":\"MAD Systems, SCCL\",\"image\":{\"@type\":\"ImageObject\",\"inLanguage\":\"es\",\"@id\":\"https:\\\/\\\/secure.gravatar.com\\\/avatar\\\/5116f7ad06d3420ede2d61afd6c51617cf548ad86d0b2a506fab574f6a457171?s=96&d=mm&r=g\",\"url\":\"https:\\\/\\\/secure.gravatar.com\\\/avatar\\\/5116f7ad06d3420ede2d61afd6c51617cf548ad86d0b2a506fab574f6a457171?s=96&d=mm&r=g\",\"contentUrl\":\"https:\\\/\\\/secure.gravatar.com\\\/avatar\\\/5116f7ad06d3420ede2d61afd6c51617cf548ad86d0b2a506fab574f6a457171?s=96&d=mm&r=g\",\"caption\":\"MAD Systems, SCCL\"},\"sameAs\":[\"https:\\\/\\\/eduvic.coop\"],\"url\":\"https:\\\/\\\/eduvic.coop\\\/es\\\/author\\\/madsystems\\\/\"}]}<\/script>\n<!-- \/ Yoast SEO plugin. -->","yoast_head_json":{"title":"Desde la Escuela ITINERE ha impartido una conferencia para los alumnos de la Universidad de Loyola - EDUVIC","robots":{"index":"index","follow":"follow","max-snippet":"max-snippet:-1","max-image-preview":"max-image-preview:large","max-video-preview":"max-video-preview:-1"},"canonical":"https:\/\/eduvic.coop\/es\/desde-la-escuela-itinere-ha-impartido-una-conferencia-para-los-alumnos-de-la-universidad-de-loyola\/","og_locale":"es_ES","og_type":"article","og_title":"Desde la Escuela ITINERE ha impartido una conferencia para los alumnos de la Universidad de Loyola - EDUVIC","og_description":"... Leer m\u00e1s","og_url":"https:\/\/eduvic.coop\/es\/desde-la-escuela-itinere-ha-impartido-una-conferencia-para-los-alumnos-de-la-universidad-de-loyola\/","og_site_name":"EDUVIC","article_published_time":"2020-11-26T12:55:48+00:00","article_modified_time":"2022-02-10T11:31:07+00:00","og_image":[{"width":640,"height":230,"url":"https:\/\/eduvic.coop\/wp-content\/uploads\/2020\/11\/universitat-loyola2.jpg","type":"image\/jpeg"}],"author":"MAD Systems, SCCL","twitter_card":"summary_large_image","twitter_misc":{"Escrito por":"MAD Systems, SCCL","Tiempo de lectura":"1 minuto"},"schema":{"@context":"https:\/\/schema.org","@graph":[{"@type":"Article","@id":"https:\/\/eduvic.coop\/es\/desde-la-escuela-itinere-ha-impartido-una-conferencia-para-los-alumnos-de-la-universidad-de-loyola\/#article","isPartOf":{"@id":"https:\/\/eduvic.coop\/es\/desde-la-escuela-itinere-ha-impartido-una-conferencia-para-los-alumnos-de-la-universidad-de-loyola\/"},"author":{"name":"MAD Systems, SCCL","@id":"https:\/\/eduvic.coop\/es\/#\/schema\/person\/379e3651162f93b09e21bb3f8accd8b7"},"headline":"Desde la Escuela ITINERE ha impartido una conferencia para los alumnos de la Universidad de Loyola","datePublished":"2020-11-26T12:55:48+00:00","dateModified":"2022-02-10T11:31:07+00:00","mainEntityOfPage":{"@id":"https:\/\/eduvic.coop\/es\/desde-la-escuela-itinere-ha-impartido-una-conferencia-para-los-alumnos-de-la-universidad-de-loyola\/"},"wordCount":314,"publisher":{"@id":"https:\/\/eduvic.coop\/es\/#organization"},"image":{"@id":"https:\/\/eduvic.coop\/es\/desde-la-escuela-itinere-ha-impartido-una-conferencia-para-los-alumnos-de-la-universidad-de-loyola\/#primaryimage"},"thumbnailUrl":"https:\/\/eduvic.coop\/wp-content\/uploads\/2020\/11\/universitat-loyola2.jpg","articleSection":["Escuela Itinere","Noticias"],"inLanguage":"es"},{"@type":"WebPage","@id":"https:\/\/eduvic.coop\/es\/desde-la-escuela-itinere-ha-impartido-una-conferencia-para-los-alumnos-de-la-universidad-de-loyola\/","url":"https:\/\/eduvic.coop\/es\/desde-la-escuela-itinere-ha-impartido-una-conferencia-para-los-alumnos-de-la-universidad-de-loyola\/","name":"Desde la Escuela ITINERE ha impartido una conferencia para los alumnos de la Universidad de Loyola - EDUVIC","isPartOf":{"@id":"https:\/\/eduvic.coop\/es\/#website"},"primaryImageOfPage":{"@id":"https:\/\/eduvic.coop\/es\/desde-la-escuela-itinere-ha-impartido-una-conferencia-para-los-alumnos-de-la-universidad-de-loyola\/#primaryimage"},"image":{"@id":"https:\/\/eduvic.coop\/es\/desde-la-escuela-itinere-ha-impartido-una-conferencia-para-los-alumnos-de-la-universidad-de-loyola\/#primaryimage"},"thumbnailUrl":"https:\/\/eduvic.coop\/wp-content\/uploads\/2020\/11\/universitat-loyola2.jpg","datePublished":"2020-11-26T12:55:48+00:00","dateModified":"2022-02-10T11:31:07+00:00","breadcrumb":{"@id":"https:\/\/eduvic.coop\/es\/desde-la-escuela-itinere-ha-impartido-una-conferencia-para-los-alumnos-de-la-universidad-de-loyola\/#breadcrumb"},"inLanguage":"es","potentialAction":[{"@type":"ReadAction","target":["https:\/\/eduvic.coop\/es\/desde-la-escuela-itinere-ha-impartido-una-conferencia-para-los-alumnos-de-la-universidad-de-loyola\/"]}]},{"@type":"ImageObject","inLanguage":"es","@id":"https:\/\/eduvic.coop\/es\/desde-la-escuela-itinere-ha-impartido-una-conferencia-para-los-alumnos-de-la-universidad-de-loyola\/#primaryimage","url":"https:\/\/eduvic.coop\/wp-content\/uploads\/2020\/11\/universitat-loyola2.jpg","contentUrl":"https:\/\/eduvic.coop\/wp-content\/uploads\/2020\/11\/universitat-loyola2.jpg","width":640,"height":230},{"@type":"BreadcrumbList","@id":"https:\/\/eduvic.coop\/es\/desde-la-escuela-itinere-ha-impartido-una-conferencia-para-los-alumnos-de-la-universidad-de-loyola\/#breadcrumb","itemListElement":[{"@type":"ListItem","position":1,"name":"Inici","item":"https:\/\/eduvic.coop\/es\/"},{"@type":"ListItem","position":2,"name":"Desde la Escuela ITINERE ha impartido una conferencia para los alumnos de la Universidad de Loyola"}]},{"@type":"WebSite","@id":"https:\/\/eduvic.coop\/es\/#website","url":"https:\/\/eduvic.coop\/es\/","name":"EDUVIC","description":"","publisher":{"@id":"https:\/\/eduvic.coop\/es\/#organization"},"potentialAction":[{"@type":"SearchAction","target":{"@type":"EntryPoint","urlTemplate":"https:\/\/eduvic.coop\/es\/?s={search_term_string}"},"query-input":{"@type":"PropertyValueSpecification","valueRequired":true,"valueName":"search_term_string"}}],"inLanguage":"es"},{"@type":"Organization","@id":"https:\/\/eduvic.coop\/es\/#organization","name":"EDUVIC","url":"https:\/\/eduvic.coop\/es\/","logo":{"@type":"ImageObject","inLanguage":"es","@id":"https:\/\/eduvic.coop\/es\/#\/schema\/logo\/image\/","url":"https:\/\/eduvic.coop\/wp-content\/uploads\/2024\/12\/cropped-EDUVIC-1.png","contentUrl":"https:\/\/eduvic.coop\/wp-content\/uploads\/2024\/12\/cropped-EDUVIC-1.png","width":4440,"height":1743,"caption":"EDUVIC"},"image":{"@id":"https:\/\/eduvic.coop\/es\/#\/schema\/logo\/image\/"}},{"@type":"Person","@id":"https:\/\/eduvic.coop\/es\/#\/schema\/person\/379e3651162f93b09e21bb3f8accd8b7","name":"MAD Systems, SCCL","image":{"@type":"ImageObject","inLanguage":"es","@id":"https:\/\/secure.gravatar.com\/avatar\/5116f7ad06d3420ede2d61afd6c51617cf548ad86d0b2a506fab574f6a457171?s=96&d=mm&r=g","url":"https:\/\/secure.gravatar.com\/avatar\/5116f7ad06d3420ede2d61afd6c51617cf548ad86d0b2a506fab574f6a457171?s=96&d=mm&r=g","contentUrl":"https:\/\/secure.gravatar.com\/avatar\/5116f7ad06d3420ede2d61afd6c51617cf548ad86d0b2a506fab574f6a457171?s=96&d=mm&r=g","caption":"MAD Systems, SCCL"},"sameAs":["https:\/\/eduvic.coop"],"url":"https:\/\/eduvic.coop\/es\/author\/madsystems\/"}]}},"_links":{"self":[{"href":"https:\/\/eduvic.coop\/es\/wp-json\/wp\/v2\/posts\/5174","targetHints":{"allow":["GET"]}}],"collection":[{"href":"https:\/\/eduvic.coop\/es\/wp-json\/wp\/v2\/posts"}],"about":[{"href":"https:\/\/eduvic.coop\/es\/wp-json\/wp\/v2\/types\/post"}],"author":[{"embeddable":true,"href":"https:\/\/eduvic.coop\/es\/wp-json\/wp\/v2\/users\/1"}],"replies":[{"embeddable":true,"href":"https:\/\/eduvic.coop\/es\/wp-json\/wp\/v2\/comments?post=5174"}],"version-history":[{"count":2,"href":"https:\/\/eduvic.coop\/es\/wp-json\/wp\/v2\/posts\/5174\/revisions"}],"predecessor-version":[{"id":5768,"href":"https:\/\/eduvic.coop\/es\/wp-json\/wp\/v2\/posts\/5174\/revisions\/5768"}],"wp:featuredmedia":[{"embeddable":true,"href":"https:\/\/eduvic.coop\/es\/wp-json\/wp\/v2\/media\/5170"}],"wp:attachment":[{"href":"https:\/\/eduvic.coop\/es\/wp-json\/wp\/v2\/media?parent=5174"}],"wp:term":[{"taxonomy":"category","embeddable":true,"href":"https:\/\/eduvic.coop\/es\/wp-json\/wp\/v2\/categories?post=5174"},{"taxonomy":"post_tag","embeddable":true,"href":"https:\/\/eduvic.coop\/es\/wp-json\/wp\/v2\/tags?post=5174"}],"curies":[{"name":"wp","href":"https:\/\/api.w.org\/{rel}","templated":true}]}}