{"id":2205,"date":"2016-01-25T11:24:43","date_gmt":"2016-01-25T09:24:43","guid":{"rendered":"http:\/\/eduvic.coop\/?p=1096&#038;lang=es"},"modified":"2022-02-10T14:17:37","modified_gmt":"2022-02-10T12:17:37","slug":"apoyo-familiar-centros-abiertos-hospitalet-de-llobregat","status":"publish","type":"post","link":"https:\/\/eduvic.coop\/es\/apoyo-familiar-centros-abiertos-hospitalet-de-llobregat\/","title":{"rendered":"Apoyo Familiar Centros Abiertos &#8211; Hospitalet de Llobregat"},"content":{"rendered":"<div class=\"wpb-content-wrapper\"><p>[vc_row][vc_column][dt_call_to_action background=&#8221;plain&#8221; line=&#8221;true&#8221;]<span style=\"color: #ffffff;\">Se trata de un programa piloto desarrollado durante el a\u00f1o 2014, entre los meses de Julio y Diciembre a trav\u00e9s de una subvenci\u00f3n otorgada por la Direcci\u00f3n General de Atenci\u00f3n a la Infancia y Adolescencia y con la colaboraci\u00f3n del programa Municipal para la Infancia i Adolescencia del Ayuntamiento de l&#8217;Hospitalet de Llobregat.<\/span><br \/>\n<span style=\"color: #ffffff;\">Apoyo Familiar Centro Abierto es un servicio en el cual se desarrollan un conjunto de programas educativos y terap\u00e9uticos para trabajar con todas las familias de los ni\u00f1os y adolescentes atendidos en los Centros Abiertos. Los programas van dirigidos a hacer un trabajo integral con las familias como un complemento del trabajo que ya es realiza en los Centros Abiertos con los ni\u00f1os y adolescentes.<\/span>[\/dt_call_to_action][vc_empty_space height=&#8221;20px&#8221;][vc_column_text]<br \/>\nEl servicio se ha desplegado en el <strong>Centro Abierto Cruz Roja y el Centro Abierto Esclat<\/strong> con el apoyo de los <strong>Servicios Sociales del Distrito Centro y del Distrito Bellvitge-Gornal<\/strong>, entre los meses de julio y diciembre del 2014.<br \/>\n[\/vc_column_text][vc_empty_space][\/vc_column][\/vc_row][vc_row][vc_column][dt_fancy_title title=&#8221;Actuaciones realizadas en el servicio (Julio \u2022 Diciembre 2014)&#8221; title_align=&#8221;left&#8221; title_size=&#8221;h3&#8243; title_color=&#8221;accent&#8221; separator_color=&#8221;accent&#8221;][vc_empty_space height=&#8221;20px&#8221;][vc_column_text]<\/p>\n<h4><span style=\"color: #800000;\"><strong>Con las familias, ni\u00f1os y adolescentes:<\/strong><\/span><\/h4>\n<p>[\/vc_column_text][vc_empty_space height=&#8221;10px&#8221;][vc_row_inner][vc_column_inner css=&#8221;.vc_custom_1453107188523{margin-left: 25px !important;}&#8221;][dt_vc_list dividers=&#8221;false&#8221;]<\/p>\n<ul>\n<li>Tres sesiones semanales de asesoramiento y orientaci\u00f3n, para: hacer part\u00edcipe a la familia en la construcci\u00f3n de las peticiones y necesidades a trabajar; contextualizar el servicio dentro de la din\u00e1mica del Centro Abierto; construir el v\u00ednculo de apoyo con el\/la profesional y, definir los aspectos\/objetivos a conseguir con la familia en el proceso.<\/li>\n<li>Tres sesiones semanales de asesoramiento y orientaci\u00f3n, para: hacer part\u00edcipe a la familia en la construcci\u00f3n de las peticiones y necesidades que quer\u00edan trabajar; contextualizar el servicio; construir el v\u00ednculo de soporte con el\/la profesional y, definir los aspectos que quer\u00edan y se pod\u00edan trabajar en el siguiente programa.<\/li>\n<li>Diez sesiones de acompa\u00f1amiento terap\u00e9utico socioeducativo centrado en el trabajo de las funciones parentales y marentales desde la perspectiva de la parentalidad positiva y terapia familiar socioeducativa, teniendo en cuenta la demanda de la familia y de los profesionales referentes al Centro Abierto y Servicios Sociales.<\/li>\n<li>Procesos de evaluaci\u00f3n con la familia: una evaluaci\u00f3n continua durante el programa de asesoramiento y al de acompa\u00f1amiento terap\u00e9utico socioeducativo y, una evaluaci\u00f3n final al finalizar el proceso donde la familia ha explicitado su valoraci\u00f3n del servicio recibido.<\/li>\n<\/ul>\n<p>[\/dt_vc_list][\/vc_column_inner][\/vc_row_inner][vc_empty_space height=&#8221;20px&#8221;][vc_column_text]<\/p>\n<h4><span style=\"color: #800000;\"><strong>Con los profesionales:<\/strong><\/span><\/h4>\n<p>[\/vc_column_text][vc_empty_space height=&#8221;10px&#8221;][vc_row_inner][vc_column_inner css=&#8221;.vc_custom_1453107188523{margin-left: 25px !important;}&#8221;][dt_vc_list dividers=&#8221;false&#8221;]<\/p>\n<ul>\n<li>Sesiones informativas\/formativas sobre el servicio en general y los programas a desarrollar con la participaci\u00f3n de referentes del programa Municipal de Infancia y Adolescencia de L&#8217;H, referentes de Servicios Sociales, coordinadores y equipo educativo de los Centros Abiertos.<\/li>\n<li>Construcci\u00f3n del Plan de Comunicaci\u00f3n a desarrollar durante las fases de derivaci\u00f3n, seguimiento y cierre de los procesos familiares.<\/li>\n<li>Seguimiento de los procesos familiares a trav\u00e9s de entrevistas presenciales y telef\u00f3nicas y correo electr\u00f3nico.<\/li>\n<li>Participaci\u00f3n en reuniones de interredes a petici\u00f3n de los referentes del Centro Abierto y\/o de Servicios Sociales.<\/li>\n<li>Reuni\u00f3n de evaluaci\u00f3n durante el desarrollo del servicio.<\/li>\n<li>Jornada de evaluaci\u00f3n, con los profesionales y servicios implicados, al finalizar el servicio.<\/li>\n<\/ul>\n<p>[\/dt_vc_list][\/vc_column_inner][\/vc_row_inner][vc_empty_space][dt_fancy_title title=&#8221;Evaluaci\u00f3n cualitativa de los profesionales&#8221; title_align=&#8221;left&#8221; title_size=&#8221;h3&#8243; title_color=&#8221;accent&#8221; separator_color=&#8221;accent&#8221;][vc_empty_space height=&#8221;20px&#8221;][vc_column_text]&#8221;La gran mayor\u00eda de familias se han vinculado al servicio, han tenido una asistencia regular y manifiestan mejoras en la din\u00e1mica familiar&#8221;<br \/>\n&#8220;Las familias solicitan continuidad del servicio&#8221;<br \/>\n&#8220;Hemos observado mejoras en las familias: mejora de las relaciones; mejora de la relaci\u00f3n con otros servicios; figuras parentales emponderadas&#8230;&#8221;<br \/>\n&#8220;Los espacios de informaci\u00f3n\/formaci\u00f3n del servicio y los de coordinaci\u00f3n y evaluaci\u00f3n han facilitado la planificaci\u00f3n de actuaciones teniendo en cuenta la realidad de cada Centro Abierto&#8221;<br \/>\n&#8220;Consideremos oportuno realizar una b\u00fasqueda de nuevas v\u00edas de financiaci\u00f3n para dar continuidad a este tipo de servicio&#8221;[\/vc_column_text][vc_empty_space][dt_fancy_title title=&#8221;Resultados obtenidos (Julio \u2022 Diciembre 2014)&#8221; title_align=&#8221;left&#8221; title_size=&#8221;h3&#8243; title_color=&#8221;accent&#8221; separator_color=&#8221;accent&#8221;][vc_empty_space height=&#8221;20px&#8221;][\/vc_column][\/vc_row][vc_row][vc_column][vc_column_text]<\/p>\n<div class=\"CSSTableGenerator\">\n<table style=\"height: 144px;\" width=\"481\">\n<tbody>\n<tr>\n<td><strong>Datos<\/strong><\/td>\n<td style=\"text-align: center;\"><strong>2014<\/strong><\/td>\n<\/tr>\n<tr>\n<td style=\"text-align: left;\">Familias atendidas<\/td>\n<td style=\"text-align: center;\">22<\/td>\n<\/tr>\n<tr>\n<td style=\"text-align: left;\">Padres y madres y otros adultos referentes atendidos<\/td>\n<td style=\"text-align: center;\">54<\/td>\n<\/tr>\n<tr>\n<td style=\"text-align: left;\">Ni\u00f1os y adolescentes atendidos<\/td>\n<td style=\"text-align: center;\">29 (+21 indirectos)<\/td>\n<\/tr>\n<tr>\n<td style=\"text-align: left;\">% Familias que consideran que al finalizar el programa ha mejorado su situaci\u00f3n familiar<\/td>\n<td style=\"text-align: center;\">98%<\/td>\n<\/tr>\n<\/tbody>\n<\/table>\n<\/div>\n<p>[\/vc_column_text][\/vc_column][\/vc_row]<\/p>\n<\/div>","protected":false},"excerpt":{"rendered":"<p> &#8230; <\/p>\n<p class=\"read-more-container\"><a title=\"Apoyo Familiar Centros Abiertos &#8211; Hospitalet de Llobregat\" class=\"read-more button\" href=\"https:\/\/eduvic.coop\/es\/apoyo-familiar-centros-abiertos-hospitalet-de-llobregat\/#more-2205\" aria-label=\"Leer m\u00e1s sobre Apoyo Familiar Centros Abiertos &#8211; Hospitalet de Llobregat\">Leer m\u00e1s<\/a><\/p>\n","protected":false},"author":1,"featured_media":1367,"comment_status":"closed","ping_status":"closed","sticky":true,"template":"","format":"standard","meta":{"footnotes":""},"categories":[55,53],"tags":[],"class_list":["post-2205","post","type-post","status-publish","format-standard","has-post-thumbnail","hentry","category-familias","category-noticias-es","generate-columns","tablet-grid-50","mobile-grid-100","grid-parent","grid-50","no-featured-image-padding"],"yoast_head":"<!-- This site is optimized with the Yoast SEO plugin v27.4 - https:\/\/yoast.com\/product\/yoast-seo-wordpress\/ -->\n<title>Apoyo Familiar Centros Abiertos - Hospitalet de Llobregat - EDUVIC<\/title>\n<meta name=\"robots\" content=\"index, follow, max-snippet:-1, max-image-preview:large, max-video-preview:-1\" \/>\n<link rel=\"canonical\" href=\"https:\/\/eduvic.coop\/es\/apoyo-familiar-centros-abiertos-hospitalet-de-llobregat\/\" \/>\n<meta property=\"og:locale\" content=\"es_ES\" \/>\n<meta property=\"og:type\" content=\"article\" \/>\n<meta property=\"og:title\" content=\"Apoyo Familiar Centros Abiertos - Hospitalet de Llobregat - EDUVIC\" \/>\n<meta property=\"og:description\" content=\"... Leer m\u00e1s\" \/>\n<meta property=\"og:url\" content=\"https:\/\/eduvic.coop\/es\/apoyo-familiar-centros-abiertos-hospitalet-de-llobregat\/\" \/>\n<meta property=\"og:site_name\" content=\"EDUVIC\" \/>\n<meta property=\"article:published_time\" content=\"2016-01-25T09:24:43+00:00\" \/>\n<meta property=\"article:modified_time\" content=\"2022-02-10T12:17:37+00:00\" \/>\n<meta property=\"og:image\" content=\"https:\/\/eduvic.coop\/wp-content\/uploads\/2016\/01\/21.jpg\" \/>\n\t<meta property=\"og:image:width\" content=\"377\" \/>\n\t<meta property=\"og:image:height\" content=\"62\" \/>\n\t<meta property=\"og:image:type\" content=\"image\/jpeg\" \/>\n<meta name=\"author\" content=\"MAD Systems, SCCL\" \/>\n<meta name=\"twitter:card\" content=\"summary_large_image\" \/>\n<meta name=\"twitter:label1\" content=\"Escrito por\" \/>\n\t<meta name=\"twitter:data1\" content=\"MAD Systems, SCCL\" \/>\n\t<meta name=\"twitter:label2\" content=\"Tiempo de lectura\" \/>\n\t<meta name=\"twitter:data2\" content=\"4 minutos\" \/>\n<script type=\"application\/ld+json\" class=\"yoast-schema-graph\">{\"@context\":\"https:\\\/\\\/schema.org\",\"@graph\":[{\"@type\":\"Article\",\"@id\":\"https:\\\/\\\/eduvic.coop\\\/es\\\/apoyo-familiar-centros-abiertos-hospitalet-de-llobregat\\\/#article\",\"isPartOf\":{\"@id\":\"https:\\\/\\\/eduvic.coop\\\/es\\\/apoyo-familiar-centros-abiertos-hospitalet-de-llobregat\\\/\"},\"author\":{\"name\":\"MAD Systems, SCCL\",\"@id\":\"https:\\\/\\\/eduvic.coop\\\/es\\\/#\\\/schema\\\/person\\\/379e3651162f93b09e21bb3f8accd8b7\"},\"headline\":\"Apoyo Familiar Centros Abiertos &#8211; Hospitalet de Llobregat\",\"datePublished\":\"2016-01-25T09:24:43+00:00\",\"dateModified\":\"2022-02-10T12:17:37+00:00\",\"mainEntityOfPage\":{\"@id\":\"https:\\\/\\\/eduvic.coop\\\/es\\\/apoyo-familiar-centros-abiertos-hospitalet-de-llobregat\\\/\"},\"wordCount\":878,\"publisher\":{\"@id\":\"https:\\\/\\\/eduvic.coop\\\/es\\\/#organization\"},\"image\":{\"@id\":\"https:\\\/\\\/eduvic.coop\\\/es\\\/apoyo-familiar-centros-abiertos-hospitalet-de-llobregat\\\/#primaryimage\"},\"thumbnailUrl\":\"https:\\\/\\\/eduvic.coop\\\/wp-content\\\/uploads\\\/2016\\\/01\\\/21.jpg\",\"articleSection\":[\"Familias\",\"Noticias\"],\"inLanguage\":\"es\"},{\"@type\":\"WebPage\",\"@id\":\"https:\\\/\\\/eduvic.coop\\\/es\\\/apoyo-familiar-centros-abiertos-hospitalet-de-llobregat\\\/\",\"url\":\"https:\\\/\\\/eduvic.coop\\\/es\\\/apoyo-familiar-centros-abiertos-hospitalet-de-llobregat\\\/\",\"name\":\"Apoyo Familiar Centros Abiertos - Hospitalet de Llobregat - EDUVIC\",\"isPartOf\":{\"@id\":\"https:\\\/\\\/eduvic.coop\\\/es\\\/#website\"},\"primaryImageOfPage\":{\"@id\":\"https:\\\/\\\/eduvic.coop\\\/es\\\/apoyo-familiar-centros-abiertos-hospitalet-de-llobregat\\\/#primaryimage\"},\"image\":{\"@id\":\"https:\\\/\\\/eduvic.coop\\\/es\\\/apoyo-familiar-centros-abiertos-hospitalet-de-llobregat\\\/#primaryimage\"},\"thumbnailUrl\":\"https:\\\/\\\/eduvic.coop\\\/wp-content\\\/uploads\\\/2016\\\/01\\\/21.jpg\",\"datePublished\":\"2016-01-25T09:24:43+00:00\",\"dateModified\":\"2022-02-10T12:17:37+00:00\",\"breadcrumb\":{\"@id\":\"https:\\\/\\\/eduvic.coop\\\/es\\\/apoyo-familiar-centros-abiertos-hospitalet-de-llobregat\\\/#breadcrumb\"},\"inLanguage\":\"es\",\"potentialAction\":[{\"@type\":\"ReadAction\",\"target\":[\"https:\\\/\\\/eduvic.coop\\\/es\\\/apoyo-familiar-centros-abiertos-hospitalet-de-llobregat\\\/\"]}]},{\"@type\":\"ImageObject\",\"inLanguage\":\"es\",\"@id\":\"https:\\\/\\\/eduvic.coop\\\/es\\\/apoyo-familiar-centros-abiertos-hospitalet-de-llobregat\\\/#primaryimage\",\"url\":\"https:\\\/\\\/eduvic.coop\\\/wp-content\\\/uploads\\\/2016\\\/01\\\/21.jpg\",\"contentUrl\":\"https:\\\/\\\/eduvic.coop\\\/wp-content\\\/uploads\\\/2016\\\/01\\\/21.jpg\",\"width\":377,\"height\":62},{\"@type\":\"BreadcrumbList\",\"@id\":\"https:\\\/\\\/eduvic.coop\\\/es\\\/apoyo-familiar-centros-abiertos-hospitalet-de-llobregat\\\/#breadcrumb\",\"itemListElement\":[{\"@type\":\"ListItem\",\"position\":1,\"name\":\"Inici\",\"item\":\"https:\\\/\\\/eduvic.coop\\\/es\\\/\"},{\"@type\":\"ListItem\",\"position\":2,\"name\":\"Apoyo Familiar Centros Abiertos &#8211; Hospitalet de Llobregat\"}]},{\"@type\":\"WebSite\",\"@id\":\"https:\\\/\\\/eduvic.coop\\\/es\\\/#website\",\"url\":\"https:\\\/\\\/eduvic.coop\\\/es\\\/\",\"name\":\"EDUVIC\",\"description\":\"\",\"publisher\":{\"@id\":\"https:\\\/\\\/eduvic.coop\\\/es\\\/#organization\"},\"potentialAction\":[{\"@type\":\"SearchAction\",\"target\":{\"@type\":\"EntryPoint\",\"urlTemplate\":\"https:\\\/\\\/eduvic.coop\\\/es\\\/?s={search_term_string}\"},\"query-input\":{\"@type\":\"PropertyValueSpecification\",\"valueRequired\":true,\"valueName\":\"search_term_string\"}}],\"inLanguage\":\"es\"},{\"@type\":\"Organization\",\"@id\":\"https:\\\/\\\/eduvic.coop\\\/es\\\/#organization\",\"name\":\"EDUVIC\",\"url\":\"https:\\\/\\\/eduvic.coop\\\/es\\\/\",\"logo\":{\"@type\":\"ImageObject\",\"inLanguage\":\"es\",\"@id\":\"https:\\\/\\\/eduvic.coop\\\/es\\\/#\\\/schema\\\/logo\\\/image\\\/\",\"url\":\"https:\\\/\\\/eduvic.coop\\\/wp-content\\\/uploads\\\/2024\\\/12\\\/cropped-EDUVIC-1.png\",\"contentUrl\":\"https:\\\/\\\/eduvic.coop\\\/wp-content\\\/uploads\\\/2024\\\/12\\\/cropped-EDUVIC-1.png\",\"width\":4440,\"height\":1743,\"caption\":\"EDUVIC\"},\"image\":{\"@id\":\"https:\\\/\\\/eduvic.coop\\\/es\\\/#\\\/schema\\\/logo\\\/image\\\/\"}},{\"@type\":\"Person\",\"@id\":\"https:\\\/\\\/eduvic.coop\\\/es\\\/#\\\/schema\\\/person\\\/379e3651162f93b09e21bb3f8accd8b7\",\"name\":\"MAD Systems, SCCL\",\"image\":{\"@type\":\"ImageObject\",\"inLanguage\":\"es\",\"@id\":\"https:\\\/\\\/secure.gravatar.com\\\/avatar\\\/5116f7ad06d3420ede2d61afd6c51617cf548ad86d0b2a506fab574f6a457171?s=96&d=mm&r=g\",\"url\":\"https:\\\/\\\/secure.gravatar.com\\\/avatar\\\/5116f7ad06d3420ede2d61afd6c51617cf548ad86d0b2a506fab574f6a457171?s=96&d=mm&r=g\",\"contentUrl\":\"https:\\\/\\\/secure.gravatar.com\\\/avatar\\\/5116f7ad06d3420ede2d61afd6c51617cf548ad86d0b2a506fab574f6a457171?s=96&d=mm&r=g\",\"caption\":\"MAD Systems, SCCL\"},\"sameAs\":[\"https:\\\/\\\/eduvic.coop\"],\"url\":\"https:\\\/\\\/eduvic.coop\\\/es\\\/author\\\/madsystems\\\/\"}]}<\/script>\n<!-- \/ Yoast SEO plugin. -->","yoast_head_json":{"title":"Apoyo Familiar Centros Abiertos - Hospitalet de Llobregat - EDUVIC","robots":{"index":"index","follow":"follow","max-snippet":"max-snippet:-1","max-image-preview":"max-image-preview:large","max-video-preview":"max-video-preview:-1"},"canonical":"https:\/\/eduvic.coop\/es\/apoyo-familiar-centros-abiertos-hospitalet-de-llobregat\/","og_locale":"es_ES","og_type":"article","og_title":"Apoyo Familiar Centros Abiertos - Hospitalet de Llobregat - EDUVIC","og_description":"... Leer m\u00e1s","og_url":"https:\/\/eduvic.coop\/es\/apoyo-familiar-centros-abiertos-hospitalet-de-llobregat\/","og_site_name":"EDUVIC","article_published_time":"2016-01-25T09:24:43+00:00","article_modified_time":"2022-02-10T12:17:37+00:00","og_image":[{"width":377,"height":62,"url":"https:\/\/eduvic.coop\/wp-content\/uploads\/2016\/01\/21.jpg","type":"image\/jpeg"}],"author":"MAD Systems, SCCL","twitter_card":"summary_large_image","twitter_misc":{"Escrito por":"MAD Systems, SCCL","Tiempo de lectura":"4 minutos"},"schema":{"@context":"https:\/\/schema.org","@graph":[{"@type":"Article","@id":"https:\/\/eduvic.coop\/es\/apoyo-familiar-centros-abiertos-hospitalet-de-llobregat\/#article","isPartOf":{"@id":"https:\/\/eduvic.coop\/es\/apoyo-familiar-centros-abiertos-hospitalet-de-llobregat\/"},"author":{"name":"MAD Systems, SCCL","@id":"https:\/\/eduvic.coop\/es\/#\/schema\/person\/379e3651162f93b09e21bb3f8accd8b7"},"headline":"Apoyo Familiar Centros Abiertos &#8211; Hospitalet de Llobregat","datePublished":"2016-01-25T09:24:43+00:00","dateModified":"2022-02-10T12:17:37+00:00","mainEntityOfPage":{"@id":"https:\/\/eduvic.coop\/es\/apoyo-familiar-centros-abiertos-hospitalet-de-llobregat\/"},"wordCount":878,"publisher":{"@id":"https:\/\/eduvic.coop\/es\/#organization"},"image":{"@id":"https:\/\/eduvic.coop\/es\/apoyo-familiar-centros-abiertos-hospitalet-de-llobregat\/#primaryimage"},"thumbnailUrl":"https:\/\/eduvic.coop\/wp-content\/uploads\/2016\/01\/21.jpg","articleSection":["Familias","Noticias"],"inLanguage":"es"},{"@type":"WebPage","@id":"https:\/\/eduvic.coop\/es\/apoyo-familiar-centros-abiertos-hospitalet-de-llobregat\/","url":"https:\/\/eduvic.coop\/es\/apoyo-familiar-centros-abiertos-hospitalet-de-llobregat\/","name":"Apoyo Familiar Centros Abiertos - Hospitalet de Llobregat - EDUVIC","isPartOf":{"@id":"https:\/\/eduvic.coop\/es\/#website"},"primaryImageOfPage":{"@id":"https:\/\/eduvic.coop\/es\/apoyo-familiar-centros-abiertos-hospitalet-de-llobregat\/#primaryimage"},"image":{"@id":"https:\/\/eduvic.coop\/es\/apoyo-familiar-centros-abiertos-hospitalet-de-llobregat\/#primaryimage"},"thumbnailUrl":"https:\/\/eduvic.coop\/wp-content\/uploads\/2016\/01\/21.jpg","datePublished":"2016-01-25T09:24:43+00:00","dateModified":"2022-02-10T12:17:37+00:00","breadcrumb":{"@id":"https:\/\/eduvic.coop\/es\/apoyo-familiar-centros-abiertos-hospitalet-de-llobregat\/#breadcrumb"},"inLanguage":"es","potentialAction":[{"@type":"ReadAction","target":["https:\/\/eduvic.coop\/es\/apoyo-familiar-centros-abiertos-hospitalet-de-llobregat\/"]}]},{"@type":"ImageObject","inLanguage":"es","@id":"https:\/\/eduvic.coop\/es\/apoyo-familiar-centros-abiertos-hospitalet-de-llobregat\/#primaryimage","url":"https:\/\/eduvic.coop\/wp-content\/uploads\/2016\/01\/21.jpg","contentUrl":"https:\/\/eduvic.coop\/wp-content\/uploads\/2016\/01\/21.jpg","width":377,"height":62},{"@type":"BreadcrumbList","@id":"https:\/\/eduvic.coop\/es\/apoyo-familiar-centros-abiertos-hospitalet-de-llobregat\/#breadcrumb","itemListElement":[{"@type":"ListItem","position":1,"name":"Inici","item":"https:\/\/eduvic.coop\/es\/"},{"@type":"ListItem","position":2,"name":"Apoyo Familiar Centros Abiertos &#8211; Hospitalet de Llobregat"}]},{"@type":"WebSite","@id":"https:\/\/eduvic.coop\/es\/#website","url":"https:\/\/eduvic.coop\/es\/","name":"EDUVIC","description":"","publisher":{"@id":"https:\/\/eduvic.coop\/es\/#organization"},"potentialAction":[{"@type":"SearchAction","target":{"@type":"EntryPoint","urlTemplate":"https:\/\/eduvic.coop\/es\/?s={search_term_string}"},"query-input":{"@type":"PropertyValueSpecification","valueRequired":true,"valueName":"search_term_string"}}],"inLanguage":"es"},{"@type":"Organization","@id":"https:\/\/eduvic.coop\/es\/#organization","name":"EDUVIC","url":"https:\/\/eduvic.coop\/es\/","logo":{"@type":"ImageObject","inLanguage":"es","@id":"https:\/\/eduvic.coop\/es\/#\/schema\/logo\/image\/","url":"https:\/\/eduvic.coop\/wp-content\/uploads\/2024\/12\/cropped-EDUVIC-1.png","contentUrl":"https:\/\/eduvic.coop\/wp-content\/uploads\/2024\/12\/cropped-EDUVIC-1.png","width":4440,"height":1743,"caption":"EDUVIC"},"image":{"@id":"https:\/\/eduvic.coop\/es\/#\/schema\/logo\/image\/"}},{"@type":"Person","@id":"https:\/\/eduvic.coop\/es\/#\/schema\/person\/379e3651162f93b09e21bb3f8accd8b7","name":"MAD Systems, SCCL","image":{"@type":"ImageObject","inLanguage":"es","@id":"https:\/\/secure.gravatar.com\/avatar\/5116f7ad06d3420ede2d61afd6c51617cf548ad86d0b2a506fab574f6a457171?s=96&d=mm&r=g","url":"https:\/\/secure.gravatar.com\/avatar\/5116f7ad06d3420ede2d61afd6c51617cf548ad86d0b2a506fab574f6a457171?s=96&d=mm&r=g","contentUrl":"https:\/\/secure.gravatar.com\/avatar\/5116f7ad06d3420ede2d61afd6c51617cf548ad86d0b2a506fab574f6a457171?s=96&d=mm&r=g","caption":"MAD Systems, SCCL"},"sameAs":["https:\/\/eduvic.coop"],"url":"https:\/\/eduvic.coop\/es\/author\/madsystems\/"}]}},"_links":{"self":[{"href":"https:\/\/eduvic.coop\/es\/wp-json\/wp\/v2\/posts\/2205","targetHints":{"allow":["GET"]}}],"collection":[{"href":"https:\/\/eduvic.coop\/es\/wp-json\/wp\/v2\/posts"}],"about":[{"href":"https:\/\/eduvic.coop\/es\/wp-json\/wp\/v2\/types\/post"}],"author":[{"embeddable":true,"href":"https:\/\/eduvic.coop\/es\/wp-json\/wp\/v2\/users\/1"}],"replies":[{"embeddable":true,"href":"https:\/\/eduvic.coop\/es\/wp-json\/wp\/v2\/comments?post=2205"}],"version-history":[{"count":2,"href":"https:\/\/eduvic.coop\/es\/wp-json\/wp\/v2\/posts\/2205\/revisions"}],"predecessor-version":[{"id":6923,"href":"https:\/\/eduvic.coop\/es\/wp-json\/wp\/v2\/posts\/2205\/revisions\/6923"}],"wp:featuredmedia":[{"embeddable":true,"href":"https:\/\/eduvic.coop\/es\/wp-json\/wp\/v2\/media\/1367"}],"wp:attachment":[{"href":"https:\/\/eduvic.coop\/es\/wp-json\/wp\/v2\/media?parent=2205"}],"wp:term":[{"taxonomy":"category","embeddable":true,"href":"https:\/\/eduvic.coop\/es\/wp-json\/wp\/v2\/categories?post=2205"},{"taxonomy":"post_tag","embeddable":true,"href":"https:\/\/eduvic.coop\/es\/wp-json\/wp\/v2\/tags?post=2205"}],"curies":[{"name":"wp","href":"https:\/\/api.w.org\/{rel}","templated":true}]}}