{"id":2204,"date":"2016-01-25T10:16:29","date_gmt":"2016-01-25T08:16:29","guid":{"rendered":"http:\/\/eduvic.coop\/?p=1083&#038;lang=es"},"modified":"2022-02-10T14:21:02","modified_gmt":"2022-02-10T12:21:02","slug":"tesf-cruilla","status":"publish","type":"post","link":"https:\/\/eduvic.coop\/es\/tesf-cruilla\/","title":{"rendered":"Tratamiento Especializado de Soporte a las Familias (TESF)"},"content":{"rendered":"<div class=\"wpb-content-wrapper\"><p>[vc_row][vc_column width=&#8221;2\/3&#8243;][dt_call_to_action background=&#8221;plain&#8221; line=&#8221;true&#8221;]<br \/>\n<span style=\"color: #ffffff;\">Proyecto impulsado por la Direcci\u00f3n General de Atenci\u00f3n a la infancia y la adolescencia del Departamento de Bienestar y Familia de la Generalitat de Catalu\u00f1a (DGAIA)<\/span><br \/>\n[\/dt_call_to_action][vc_empty_space height=&#8221;20px&#8221;][\/vc_column][vc_column width=&#8221;1\/3&#8243;][vc_single_image image=&#8221;858&#8243; img_size=&#8221;full&#8221; alignment=&#8221;center&#8221;][\/vc_column][\/vc_row][vc_row][vc_column][dt_call_to_action background=&#8221;plain&#8221; line=&#8221;true&#8221;]<span style=\"color: #ffffff;\">El<strong> TESF<\/strong>\u00a0es un servicio de apoyo terap\u00e9utico y socioeducativo que forma parte del Servicio de tratamiento especializado de apoyo a las familias de la DGAIA. Se trata de un servicio dirigido a la infancia, la adolescencia y las familias que se encuentran ant situaciones de riesgo grave, desamparo, maltrato y\/o en proceso de retorno del\/de la ni\u00f1o\/a con su familia.\u00a0<\/span>[\/dt_call_to_action][vc_empty_space height=&#8221;20px&#8221;][vc_column_text]<br \/>\nDes de la Plataforma Cruilla se desarrolla el servicio como un apoyo complementario y especializado al trabajo que realizan los Equipos de Infancia y Adolescencia (EAIA) de Catalu\u00f1a.<br \/>\n[\/vc_column_text][\/vc_column][\/vc_row][vc_row][vc_column][vc_empty_space height=&#8221;20px&#8221;][vc_video link=&#8221;https:\/\/youtu.be\/gKSpiRsGirY&#8221;][vc_empty_space][\/vc_column][\/vc_row][vc_row][vc_column][dt_fancy_title title=&#8221;Caracter\u00edsticas principales&#8221; title_align=&#8221;left&#8221; title_size=&#8221;h3&#8243; title_color=&#8221;accent&#8221; separator_color=&#8221;accent&#8221;][vc_empty_space height=&#8221;20px&#8221;][vc_row_inner][vc_column_inner css=&#8221;.vc_custom_1453107188523{margin-left: 25px !important;}&#8221;][dt_vc_list dividers=&#8221;false&#8221;]<\/p>\n<ul>\n<li>Tratamientos previos al desamparo dirigidos a familias en situaci\u00f3 de riesgo elevado.<\/li>\n<li>Intervenciones en familias en situaciones de desamparo con separaci\u00f3n temporal del\/de la ni\u00f1o\/a y\/o adolescente.<\/li>\n<li>Intervenciones en ni\u00f1os\/as v\u00edctimas de maltrato y sus familias.<\/li>\n<li>Intervenciones terap\u00e9uticas para apoyar el proceso de retorno del\/de la ni\u00f1o\/a\/adolescente tutelado con su familia de origen.<\/li>\n<\/ul>\n<p>[\/dt_vc_list][\/vc_column_inner][\/vc_row_inner][vc_empty_space][dt_fancy_title title=&#8221;Profesionales&#8221; title_align=&#8221;left&#8221; title_size=&#8221;h3&#8243; title_color=&#8221;accent&#8221; separator_color=&#8221;accent&#8221;][vc_empty_space height=&#8221;20px&#8221;][vc_row_inner][vc_column_inner css=&#8221;.vc_custom_1453107315776{margin-left: 25px !important;}&#8221;][dt_vc_list dividers=&#8221;false&#8221;]<\/p>\n<ul>\n<li>4 terapeutas familiares<\/li>\n<\/ul>\n<p>[\/dt_vc_list][\/vc_column_inner][\/vc_row_inner][vc_empty_space][dt_fancy_title title=&#8221;Datos destacados&#8221; title_align=&#8221;left&#8221; title_size=&#8221;h3&#8243; title_color=&#8221;accent&#8221; separator_color=&#8221;accent&#8221;][vc_empty_space height=&#8221;20px&#8221;][vc_column_text]<\/p>\n<div class=\"CSSTableGenerator\">\n<table style=\"height: 200px;\" width=\"486\">\n<tbody>\n<tr>\n<td><strong>Datos<\/strong><\/td>\n<td style=\"text-align: center;\"><strong>\u00a02012<\/strong><\/td>\n<td style=\"text-align: center;\"><strong>2013<\/strong><\/td>\n<td style=\"text-align: center;\"><strong>2014<\/strong><\/td>\n<td style=\"text-align: center;\"><strong>2015<\/strong><\/td>\n<td style=\"text-align: center;\"><strong>2016<\/strong><\/td>\n<td style=\"text-align: center;\"><strong>2017<\/strong><\/td>\n<\/tr>\n<tr>\n<td style=\"text-align: left;\">Famlias atendidas<\/td>\n<td style=\"text-align: center;\">17<\/td>\n<td style=\"text-align: center;\">36<\/td>\n<td style=\"text-align: center;\">50<\/td>\n<td style=\"text-align: center;\">95<\/td>\n<td style=\"text-align: center;\">210<\/td>\n<td style=\"text-align: center;\">275<\/td>\n<\/tr>\n<tr>\n<td style=\"text-align: left;\">Ni\u00f1@s y adolescentes de las familias atendidas<\/td>\n<td style=\"text-align: center;\">27<\/td>\n<td style=\"text-align: center;\">57<\/td>\n<td style=\"text-align: center;\">82<\/td>\n<td style=\"text-align: center;\">79<\/td>\n<td style=\"text-align: center;\">345<\/td>\n<td style=\"text-align: center;\">323<\/td>\n<\/tr>\n<tr>\n<td style=\"text-align: left;\">Familias que consideran que al finalizar la terapia ha mejorado su situaci\u00f3n familiar<\/td>\n<td style=\"text-align: center;\">75%<\/td>\n<td style=\"text-align: center;\">100%<\/td>\n<td style=\"text-align: center;\">80%<\/td>\n<td style=\"text-align: center;\">71%<\/td>\n<td style=\"text-align: center;\">100%<\/td>\n<td style=\"text-align: center;\">100%<\/td>\n<\/tr>\n<\/tbody>\n<\/table>\n<\/div>\n<p>[\/vc_column_text][vc_empty_space height=&#8221;20px&#8221;][vc_column_text]Para m\u00e1s informaci\u00f3n sobre el servicio TESF\u00a0pod\u00e9is acceder a las\u00a0<a href=\"http:\/\/eduvic.coop\/es\/responsabilidad-social\/\">Memorias\u00a0de Responsabilidad Social de EDUVIC<\/a>.[\/vc_column_text][\/vc_column][\/vc_row]<\/p>\n<\/div>","protected":false},"excerpt":{"rendered":"<p> &#8230; <\/p>\n<p class=\"read-more-container\"><a title=\"Tratamiento Especializado de Soporte a las Familias (TESF)\" class=\"read-more button\" href=\"https:\/\/eduvic.coop\/es\/tesf-cruilla\/#more-2204\" aria-label=\"Leer m\u00e1s sobre Tratamiento Especializado de Soporte a las Familias (TESF)\">Leer m\u00e1s<\/a><\/p>\n","protected":false},"author":1,"featured_media":1312,"comment_status":"closed","ping_status":"closed","sticky":false,"template":"","format":"standard","meta":{"footnotes":""},"categories":[55,53],"tags":[],"class_list":["post-2204","post","type-post","status-publish","format-standard","has-post-thumbnail","hentry","category-familias","category-noticias-es","generate-columns","tablet-grid-50","mobile-grid-100","grid-parent","grid-50","no-featured-image-padding"],"yoast_head":"<!-- This site is optimized with the Yoast SEO plugin v27.4 - https:\/\/yoast.com\/product\/yoast-seo-wordpress\/ -->\n<title>Tratamiento Especializado de Soporte a las Familias (TESF) - EDUVIC<\/title>\n<meta name=\"robots\" content=\"index, follow, max-snippet:-1, max-image-preview:large, max-video-preview:-1\" \/>\n<link rel=\"canonical\" href=\"https:\/\/eduvic.coop\/es\/tesf-cruilla\/\" \/>\n<meta property=\"og:locale\" content=\"es_ES\" \/>\n<meta property=\"og:type\" content=\"article\" \/>\n<meta property=\"og:title\" content=\"Tratamiento Especializado de Soporte a las Familias (TESF) - EDUVIC\" \/>\n<meta property=\"og:description\" content=\"... Leer m\u00e1s\" \/>\n<meta property=\"og:url\" content=\"https:\/\/eduvic.coop\/es\/tesf-cruilla\/\" \/>\n<meta property=\"og:site_name\" content=\"EDUVIC\" \/>\n<meta property=\"article:published_time\" content=\"2016-01-25T08:16:29+00:00\" \/>\n<meta property=\"article:modified_time\" content=\"2022-02-10T12:21:02+00:00\" \/>\n<meta property=\"og:image\" content=\"https:\/\/eduvic.coop\/wp-content\/uploads\/2016\/01\/4.jpg\" \/>\n\t<meta property=\"og:image:width\" content=\"377\" \/>\n\t<meta property=\"og:image:height\" content=\"62\" \/>\n\t<meta property=\"og:image:type\" content=\"image\/jpeg\" \/>\n<meta name=\"author\" content=\"MAD Systems, SCCL\" \/>\n<meta name=\"twitter:card\" content=\"summary_large_image\" \/>\n<meta name=\"twitter:label1\" content=\"Escrito por\" \/>\n\t<meta name=\"twitter:data1\" content=\"MAD Systems, SCCL\" \/>\n\t<meta name=\"twitter:label2\" content=\"Tiempo de lectura\" \/>\n\t<meta name=\"twitter:data2\" content=\"2 minutos\" \/>\n<script type=\"application\/ld+json\" class=\"yoast-schema-graph\">{\"@context\":\"https:\\\/\\\/schema.org\",\"@graph\":[{\"@type\":\"Article\",\"@id\":\"https:\\\/\\\/eduvic.coop\\\/es\\\/tesf-cruilla\\\/#article\",\"isPartOf\":{\"@id\":\"https:\\\/\\\/eduvic.coop\\\/es\\\/tesf-cruilla\\\/\"},\"author\":{\"name\":\"MAD Systems, SCCL\",\"@id\":\"https:\\\/\\\/eduvic.coop\\\/es\\\/#\\\/schema\\\/person\\\/379e3651162f93b09e21bb3f8accd8b7\"},\"headline\":\"Tratamiento Especializado de Soporte a las Familias (TESF)\",\"datePublished\":\"2016-01-25T08:16:29+00:00\",\"dateModified\":\"2022-02-10T12:21:02+00:00\",\"mainEntityOfPage\":{\"@id\":\"https:\\\/\\\/eduvic.coop\\\/es\\\/tesf-cruilla\\\/\"},\"wordCount\":491,\"publisher\":{\"@id\":\"https:\\\/\\\/eduvic.coop\\\/es\\\/#organization\"},\"image\":{\"@id\":\"https:\\\/\\\/eduvic.coop\\\/es\\\/tesf-cruilla\\\/#primaryimage\"},\"thumbnailUrl\":\"https:\\\/\\\/eduvic.coop\\\/wp-content\\\/uploads\\\/2016\\\/01\\\/4.jpg\",\"articleSection\":[\"Familias\",\"Noticias\"],\"inLanguage\":\"es\"},{\"@type\":\"WebPage\",\"@id\":\"https:\\\/\\\/eduvic.coop\\\/es\\\/tesf-cruilla\\\/\",\"url\":\"https:\\\/\\\/eduvic.coop\\\/es\\\/tesf-cruilla\\\/\",\"name\":\"Tratamiento Especializado de Soporte a las Familias (TESF) - EDUVIC\",\"isPartOf\":{\"@id\":\"https:\\\/\\\/eduvic.coop\\\/es\\\/#website\"},\"primaryImageOfPage\":{\"@id\":\"https:\\\/\\\/eduvic.coop\\\/es\\\/tesf-cruilla\\\/#primaryimage\"},\"image\":{\"@id\":\"https:\\\/\\\/eduvic.coop\\\/es\\\/tesf-cruilla\\\/#primaryimage\"},\"thumbnailUrl\":\"https:\\\/\\\/eduvic.coop\\\/wp-content\\\/uploads\\\/2016\\\/01\\\/4.jpg\",\"datePublished\":\"2016-01-25T08:16:29+00:00\",\"dateModified\":\"2022-02-10T12:21:02+00:00\",\"breadcrumb\":{\"@id\":\"https:\\\/\\\/eduvic.coop\\\/es\\\/tesf-cruilla\\\/#breadcrumb\"},\"inLanguage\":\"es\",\"potentialAction\":[{\"@type\":\"ReadAction\",\"target\":[\"https:\\\/\\\/eduvic.coop\\\/es\\\/tesf-cruilla\\\/\"]}]},{\"@type\":\"ImageObject\",\"inLanguage\":\"es\",\"@id\":\"https:\\\/\\\/eduvic.coop\\\/es\\\/tesf-cruilla\\\/#primaryimage\",\"url\":\"https:\\\/\\\/eduvic.coop\\\/wp-content\\\/uploads\\\/2016\\\/01\\\/4.jpg\",\"contentUrl\":\"https:\\\/\\\/eduvic.coop\\\/wp-content\\\/uploads\\\/2016\\\/01\\\/4.jpg\",\"width\":377,\"height\":62},{\"@type\":\"BreadcrumbList\",\"@id\":\"https:\\\/\\\/eduvic.coop\\\/es\\\/tesf-cruilla\\\/#breadcrumb\",\"itemListElement\":[{\"@type\":\"ListItem\",\"position\":1,\"name\":\"Inici\",\"item\":\"https:\\\/\\\/eduvic.coop\\\/es\\\/\"},{\"@type\":\"ListItem\",\"position\":2,\"name\":\"Tratamiento Especializado de Soporte a las Familias (TESF)\"}]},{\"@type\":\"WebSite\",\"@id\":\"https:\\\/\\\/eduvic.coop\\\/es\\\/#website\",\"url\":\"https:\\\/\\\/eduvic.coop\\\/es\\\/\",\"name\":\"EDUVIC\",\"description\":\"\",\"publisher\":{\"@id\":\"https:\\\/\\\/eduvic.coop\\\/es\\\/#organization\"},\"potentialAction\":[{\"@type\":\"SearchAction\",\"target\":{\"@type\":\"EntryPoint\",\"urlTemplate\":\"https:\\\/\\\/eduvic.coop\\\/es\\\/?s={search_term_string}\"},\"query-input\":{\"@type\":\"PropertyValueSpecification\",\"valueRequired\":true,\"valueName\":\"search_term_string\"}}],\"inLanguage\":\"es\"},{\"@type\":\"Organization\",\"@id\":\"https:\\\/\\\/eduvic.coop\\\/es\\\/#organization\",\"name\":\"EDUVIC\",\"url\":\"https:\\\/\\\/eduvic.coop\\\/es\\\/\",\"logo\":{\"@type\":\"ImageObject\",\"inLanguage\":\"es\",\"@id\":\"https:\\\/\\\/eduvic.coop\\\/es\\\/#\\\/schema\\\/logo\\\/image\\\/\",\"url\":\"https:\\\/\\\/eduvic.coop\\\/wp-content\\\/uploads\\\/2024\\\/12\\\/cropped-EDUVIC-1.png\",\"contentUrl\":\"https:\\\/\\\/eduvic.coop\\\/wp-content\\\/uploads\\\/2024\\\/12\\\/cropped-EDUVIC-1.png\",\"width\":4440,\"height\":1743,\"caption\":\"EDUVIC\"},\"image\":{\"@id\":\"https:\\\/\\\/eduvic.coop\\\/es\\\/#\\\/schema\\\/logo\\\/image\\\/\"}},{\"@type\":\"Person\",\"@id\":\"https:\\\/\\\/eduvic.coop\\\/es\\\/#\\\/schema\\\/person\\\/379e3651162f93b09e21bb3f8accd8b7\",\"name\":\"MAD Systems, SCCL\",\"image\":{\"@type\":\"ImageObject\",\"inLanguage\":\"es\",\"@id\":\"https:\\\/\\\/secure.gravatar.com\\\/avatar\\\/5116f7ad06d3420ede2d61afd6c51617cf548ad86d0b2a506fab574f6a457171?s=96&d=mm&r=g\",\"url\":\"https:\\\/\\\/secure.gravatar.com\\\/avatar\\\/5116f7ad06d3420ede2d61afd6c51617cf548ad86d0b2a506fab574f6a457171?s=96&d=mm&r=g\",\"contentUrl\":\"https:\\\/\\\/secure.gravatar.com\\\/avatar\\\/5116f7ad06d3420ede2d61afd6c51617cf548ad86d0b2a506fab574f6a457171?s=96&d=mm&r=g\",\"caption\":\"MAD Systems, SCCL\"},\"sameAs\":[\"https:\\\/\\\/eduvic.coop\"],\"url\":\"https:\\\/\\\/eduvic.coop\\\/es\\\/author\\\/madsystems\\\/\"}]}<\/script>\n<!-- \/ Yoast SEO plugin. -->","yoast_head_json":{"title":"Tratamiento Especializado de Soporte a las Familias (TESF) - EDUVIC","robots":{"index":"index","follow":"follow","max-snippet":"max-snippet:-1","max-image-preview":"max-image-preview:large","max-video-preview":"max-video-preview:-1"},"canonical":"https:\/\/eduvic.coop\/es\/tesf-cruilla\/","og_locale":"es_ES","og_type":"article","og_title":"Tratamiento Especializado de Soporte a las Familias (TESF) - EDUVIC","og_description":"... Leer m\u00e1s","og_url":"https:\/\/eduvic.coop\/es\/tesf-cruilla\/","og_site_name":"EDUVIC","article_published_time":"2016-01-25T08:16:29+00:00","article_modified_time":"2022-02-10T12:21:02+00:00","og_image":[{"width":377,"height":62,"url":"https:\/\/eduvic.coop\/wp-content\/uploads\/2016\/01\/4.jpg","type":"image\/jpeg"}],"author":"MAD Systems, SCCL","twitter_card":"summary_large_image","twitter_misc":{"Escrito por":"MAD Systems, SCCL","Tiempo de lectura":"2 minutos"},"schema":{"@context":"https:\/\/schema.org","@graph":[{"@type":"Article","@id":"https:\/\/eduvic.coop\/es\/tesf-cruilla\/#article","isPartOf":{"@id":"https:\/\/eduvic.coop\/es\/tesf-cruilla\/"},"author":{"name":"MAD Systems, SCCL","@id":"https:\/\/eduvic.coop\/es\/#\/schema\/person\/379e3651162f93b09e21bb3f8accd8b7"},"headline":"Tratamiento Especializado de Soporte a las Familias (TESF)","datePublished":"2016-01-25T08:16:29+00:00","dateModified":"2022-02-10T12:21:02+00:00","mainEntityOfPage":{"@id":"https:\/\/eduvic.coop\/es\/tesf-cruilla\/"},"wordCount":491,"publisher":{"@id":"https:\/\/eduvic.coop\/es\/#organization"},"image":{"@id":"https:\/\/eduvic.coop\/es\/tesf-cruilla\/#primaryimage"},"thumbnailUrl":"https:\/\/eduvic.coop\/wp-content\/uploads\/2016\/01\/4.jpg","articleSection":["Familias","Noticias"],"inLanguage":"es"},{"@type":"WebPage","@id":"https:\/\/eduvic.coop\/es\/tesf-cruilla\/","url":"https:\/\/eduvic.coop\/es\/tesf-cruilla\/","name":"Tratamiento Especializado de Soporte a las Familias (TESF) - EDUVIC","isPartOf":{"@id":"https:\/\/eduvic.coop\/es\/#website"},"primaryImageOfPage":{"@id":"https:\/\/eduvic.coop\/es\/tesf-cruilla\/#primaryimage"},"image":{"@id":"https:\/\/eduvic.coop\/es\/tesf-cruilla\/#primaryimage"},"thumbnailUrl":"https:\/\/eduvic.coop\/wp-content\/uploads\/2016\/01\/4.jpg","datePublished":"2016-01-25T08:16:29+00:00","dateModified":"2022-02-10T12:21:02+00:00","breadcrumb":{"@id":"https:\/\/eduvic.coop\/es\/tesf-cruilla\/#breadcrumb"},"inLanguage":"es","potentialAction":[{"@type":"ReadAction","target":["https:\/\/eduvic.coop\/es\/tesf-cruilla\/"]}]},{"@type":"ImageObject","inLanguage":"es","@id":"https:\/\/eduvic.coop\/es\/tesf-cruilla\/#primaryimage","url":"https:\/\/eduvic.coop\/wp-content\/uploads\/2016\/01\/4.jpg","contentUrl":"https:\/\/eduvic.coop\/wp-content\/uploads\/2016\/01\/4.jpg","width":377,"height":62},{"@type":"BreadcrumbList","@id":"https:\/\/eduvic.coop\/es\/tesf-cruilla\/#breadcrumb","itemListElement":[{"@type":"ListItem","position":1,"name":"Inici","item":"https:\/\/eduvic.coop\/es\/"},{"@type":"ListItem","position":2,"name":"Tratamiento Especializado de Soporte a las Familias (TESF)"}]},{"@type":"WebSite","@id":"https:\/\/eduvic.coop\/es\/#website","url":"https:\/\/eduvic.coop\/es\/","name":"EDUVIC","description":"","publisher":{"@id":"https:\/\/eduvic.coop\/es\/#organization"},"potentialAction":[{"@type":"SearchAction","target":{"@type":"EntryPoint","urlTemplate":"https:\/\/eduvic.coop\/es\/?s={search_term_string}"},"query-input":{"@type":"PropertyValueSpecification","valueRequired":true,"valueName":"search_term_string"}}],"inLanguage":"es"},{"@type":"Organization","@id":"https:\/\/eduvic.coop\/es\/#organization","name":"EDUVIC","url":"https:\/\/eduvic.coop\/es\/","logo":{"@type":"ImageObject","inLanguage":"es","@id":"https:\/\/eduvic.coop\/es\/#\/schema\/logo\/image\/","url":"https:\/\/eduvic.coop\/wp-content\/uploads\/2024\/12\/cropped-EDUVIC-1.png","contentUrl":"https:\/\/eduvic.coop\/wp-content\/uploads\/2024\/12\/cropped-EDUVIC-1.png","width":4440,"height":1743,"caption":"EDUVIC"},"image":{"@id":"https:\/\/eduvic.coop\/es\/#\/schema\/logo\/image\/"}},{"@type":"Person","@id":"https:\/\/eduvic.coop\/es\/#\/schema\/person\/379e3651162f93b09e21bb3f8accd8b7","name":"MAD Systems, SCCL","image":{"@type":"ImageObject","inLanguage":"es","@id":"https:\/\/secure.gravatar.com\/avatar\/5116f7ad06d3420ede2d61afd6c51617cf548ad86d0b2a506fab574f6a457171?s=96&d=mm&r=g","url":"https:\/\/secure.gravatar.com\/avatar\/5116f7ad06d3420ede2d61afd6c51617cf548ad86d0b2a506fab574f6a457171?s=96&d=mm&r=g","contentUrl":"https:\/\/secure.gravatar.com\/avatar\/5116f7ad06d3420ede2d61afd6c51617cf548ad86d0b2a506fab574f6a457171?s=96&d=mm&r=g","caption":"MAD Systems, SCCL"},"sameAs":["https:\/\/eduvic.coop"],"url":"https:\/\/eduvic.coop\/es\/author\/madsystems\/"}]}},"_links":{"self":[{"href":"https:\/\/eduvic.coop\/es\/wp-json\/wp\/v2\/posts\/2204","targetHints":{"allow":["GET"]}}],"collection":[{"href":"https:\/\/eduvic.coop\/es\/wp-json\/wp\/v2\/posts"}],"about":[{"href":"https:\/\/eduvic.coop\/es\/wp-json\/wp\/v2\/types\/post"}],"author":[{"embeddable":true,"href":"https:\/\/eduvic.coop\/es\/wp-json\/wp\/v2\/users\/1"}],"replies":[{"embeddable":true,"href":"https:\/\/eduvic.coop\/es\/wp-json\/wp\/v2\/comments?post=2204"}],"version-history":[{"count":1,"href":"https:\/\/eduvic.coop\/es\/wp-json\/wp\/v2\/posts\/2204\/revisions"}],"predecessor-version":[{"id":6924,"href":"https:\/\/eduvic.coop\/es\/wp-json\/wp\/v2\/posts\/2204\/revisions\/6924"}],"wp:featuredmedia":[{"embeddable":true,"href":"https:\/\/eduvic.coop\/es\/wp-json\/wp\/v2\/media\/1312"}],"wp:attachment":[{"href":"https:\/\/eduvic.coop\/es\/wp-json\/wp\/v2\/media?parent=2204"}],"wp:term":[{"taxonomy":"category","embeddable":true,"href":"https:\/\/eduvic.coop\/es\/wp-json\/wp\/v2\/categories?post=2204"},{"taxonomy":"post_tag","embeddable":true,"href":"https:\/\/eduvic.coop\/es\/wp-json\/wp\/v2\/tags?post=2204"}],"curies":[{"name":"wp","href":"https:\/\/api.w.org\/{rel}","templated":true}]}}