{"id":2203,"date":"2016-01-25T09:42:32","date_gmt":"2016-01-25T07:42:32","guid":{"rendered":"http:\/\/eduvic.coop\/?p=1078&#038;lang=es"},"modified":"2022-02-10T13:40:40","modified_gmt":"2022-02-10T11:40:40","slug":"servicios-de-apoyo-terapeutico-a-las-familias","status":"publish","type":"post","link":"https:\/\/eduvic.coop\/es\/servicios-de-apoyo-terapeutico-a-las-familias\/","title":{"rendered":"Servicios de apoyo terap\u00e9utico a las familias"},"content":{"rendered":"<div class=\"wpb-content-wrapper\"><p>[vc_row][vc_column][vc_empty_space height=&#8221;20px&#8221;][dt_call_to_action background=&#8221;plain&#8221; line=&#8221;true&#8221;]<br \/>\n<span style=\"color: #ffffff;\">Servicios que ofrecen un apoyo concreto y pr\u00e1ctico a las familias con dificultades de relaci\u00f3n que afectan al correcto desarrollo emocional y social de sus miembros. \u00a0Todos los servicios contemplan la coordinaci\u00f3n con otros profesionales implicados con la familia (servicios sociales, escuelas, IES, CSMIJ, CAP, asociaciones, coordinadoras, etc.) Son servicios din\u00e1micos y flexibles que se adaptan a las diferentes realidades familiares y a los diferentes requerimientos de las entidades y \/ o servicios derivantes, p\u00fablicos o privados.<\/span><br \/>\n[\/dt_call_to_action][\/vc_column][\/vc_row][vc_row][vc_column][vc_empty_space][dt_fancy_title title=&#8221;A qui\u00e9n va dirigido&#8221; title_align=&#8221;left&#8221; title_size=&#8221;h3&#8243; title_color=&#8221;accent&#8221; separator_color=&#8221;accent&#8221;][vc_empty_space height=&#8221;20px&#8221;][\/vc_column][\/vc_row][vc_row][vc_column][vc_row_inner][vc_column_inner css=&#8221;.vc_custom_1453109547852{margin-left: 25px !important;}&#8221;][dt_vc_list dividers=&#8221;false&#8221;]<\/p>\n<ul>\n<li>Administraciones generales, comarcales y locales.<\/li>\n<li>Servicios sociales de atenci\u00f3n primaria.<\/li>\n<li>Servicios de atenci\u00f3n especializada: Equipos de atenci\u00f3n a la infancia y la adolescencia, centros residenciales de acci\u00f3n educativa, centros de acogida, centros de salud mental para adultos, ni\u00f1os y j\u00f3venes, equipos de atenci\u00f3n psicopedag\u00f3gica, etc.<\/li>\n<li>Guarder\u00edas, espacios familiares, escuelas, institutos, AMPA&#8217;s.<\/li>\n<li>Centros abiertos.<\/li>\n<li>Profesionales que trabajan en atenci\u00f3n directa con ni\u00f1os, adolescentes y familias.<\/li>\n<li>Padres, madres y familias, directamente.<\/li>\n<\/ul>\n<p>[\/dt_vc_list][\/vc_column_inner][\/vc_row_inner][\/vc_column][\/vc_row][vc_row][vc_column][vc_empty_space][dt_fancy_title title=&#8221;Qu\u00e9 ofrecen&#8221; title_align=&#8221;left&#8221; title_size=&#8221;h3&#8243; title_color=&#8221;accent&#8221; separator_color=&#8221;accent&#8221;][vc_empty_space height=&#8221;20px&#8221;][\/vc_column][\/vc_row][vc_row][vc_column][vc_row_inner][vc_column_inner css=&#8221;.vc_custom_1449224850520{margin-left: 25px !important;}&#8221;][dt_vc_list dividers=&#8221;false&#8221;]<\/p>\n<ul>\n<li>Trabajo terap\u00e9utico desde una perspectiva de terapia familiar socioeducativa, que adapta la actuaci\u00f3n de la terapia familiar sist\u00e9mica a los contextos sociales y educativos.<\/li>\n<li>Conectar a la familia con sus capacidades para abordar, comprender y superar las disfunciones relacionales que afectan a todos sus miembros.<\/li>\n<li>Abordar las dificultades de la familia que pueden estar afectando el desarrollo adecuado de un ni\u00f1o o adolescente.<\/li>\n<li>Ayudar a los padres y madres a recuperar y\/o descubrir las capacidades y habilidades parentales que los\/las ayuden a ejercer las funciones propias de una parentalidad positiva.<\/li>\n<li>Trabajar los aspectos concretos de la disfunci\u00f3n familiar, como pueden ser: falta de acuerdo entre padre y madre sobre criterios educativos; comunicaci\u00f3n deficiente entre padres e hijos; instrumentalizaci\u00f3n de los hijos\/as en los conflictos de los padres; ausencia de los progenitores en el hogar; confusi\u00f3n de roles y funciones; dificultades para incorporar a la pareja del padre\/madre en familias reconstituidas; entre muchos otros.<\/li>\n<\/ul>\n<p>[\/dt_vc_list][\/vc_column_inner][\/vc_row_inner][\/vc_column][\/vc_row][vc_row][vc_column][vc_empty_space][dt_fancy_title title=&#8221;En qu\u00e9 se concreta&#8221; title_align=&#8221;left&#8221; title_size=&#8221;h3&#8243; title_color=&#8221;accent&#8221; separator_color=&#8221;accent&#8221;][vc_empty_space height=&#8221;20px&#8221;][\/vc_column][\/vc_row][vc_row][vc_column][vc_row_inner][vc_column_inner css=&#8221;.vc_custom_1449224850520{margin-left: 25px !important;}&#8221;][dt_vc_list dividers=&#8221;false&#8221;]<\/p>\n<ul>\n<li>Se trata de un acompa\u00f1amiento individualizado, en el que la familia es atendida por un terapeuta familiar, generalmente en sesiones de una hora cada 15 d\u00edas. La duraci\u00f3n y la intensidad del n\u00famero de sesiones depende de la complejidad del trabajo a realizar con cada familia. Todo el abordaje terap\u00e9utico se realiza a partir de situaciones que explicitan las familias como preocupantes y angustiantes, con la finalidad de acompa\u00f1arlas en la b\u00fasqueda de soluciones que permitan superar estas dificultades.<\/li>\n<\/ul>\n<p>[\/dt_vc_list][\/vc_column_inner][\/vc_row_inner][vc_empty_space][\/vc_column][\/vc_row][vc_row][vc_column width=&#8221;1\/2&#8243;][vc_empty_space][dt_fancy_title title=&#8221;Centros y servicios de atenci\u00f3n a familias gestionados por EDUVIC&#8221; title_size=&#8221;h4&#8243; title_color=&#8221;accent&#8221; separator_color=&#8221;accent&#8221;][vc_empty_space height=&#8221;20px&#8221;][vc_basic_grid post_type=&#8221;ids&#8221; element_width=&#8221;12&#8243; item=&#8221;714&#8243; grid_id=&#8221;vc_gid:1454066430725-558f1d68-2a3a-8&#8243; include=&#8221;104, 940, 1083&#8243;][\/vc_column][vc_column width=&#8221;1\/2&#8243;][vc_empty_space][dt_fancy_title title=&#8221;Persona de contacto&#8221; title_size=&#8221;h4&#8243; title_color=&#8221;accent&#8221; separator_color=&#8221;accent&#8221;][vc_empty_space height=&#8221;20px&#8221;][vc_basic_grid post_type=&#8221;ids&#8221; element_width=&#8221;12&#8243; item=&#8221;1777&#8243; grid_id=&#8221;vc_gid:1454317099450-86f1f581-e88d-9&#8243; include=&#8221;1474&#8243;][\/vc_column][\/vc_row]<\/p>\n<\/div>","protected":false},"excerpt":{"rendered":"<p> &#8230; <\/p>\n<p class=\"read-more-container\"><a title=\"Servicios de apoyo terap\u00e9utico a las familias\" class=\"read-more button\" href=\"https:\/\/eduvic.coop\/es\/servicios-de-apoyo-terapeutico-a-las-familias\/#more-2203\" aria-label=\"Leer m\u00e1s sobre Servicios de apoyo terap\u00e9utico a las familias\">Leer m\u00e1s<\/a><\/p>\n","protected":false},"author":1,"featured_media":1328,"comment_status":"closed","ping_status":"closed","sticky":false,"template":"","format":"standard","meta":{"footnotes":""},"categories":[4],"tags":[],"class_list":["post-2203","post","type-post","status-publish","format-standard","has-post-thumbnail","hentry","category-sin-categorizar","generate-columns","tablet-grid-50","mobile-grid-100","grid-parent","grid-50","no-featured-image-padding"],"yoast_head":"<!-- This site is optimized with the Yoast SEO plugin v27.4 - https:\/\/yoast.com\/product\/yoast-seo-wordpress\/ -->\n<title>Servicios de apoyo terap\u00e9utico a las familias - EDUVIC<\/title>\n<meta name=\"robots\" content=\"index, follow, max-snippet:-1, max-image-preview:large, max-video-preview:-1\" \/>\n<link rel=\"canonical\" href=\"https:\/\/eduvic.coop\/es\/servicios-de-apoyo-terapeutico-a-las-familias\/\" \/>\n<meta property=\"og:locale\" content=\"es_ES\" \/>\n<meta property=\"og:type\" content=\"article\" \/>\n<meta property=\"og:title\" content=\"Servicios de apoyo terap\u00e9utico a las familias - EDUVIC\" \/>\n<meta property=\"og:description\" content=\"... Leer m\u00e1s\" \/>\n<meta property=\"og:url\" content=\"https:\/\/eduvic.coop\/es\/servicios-de-apoyo-terapeutico-a-las-familias\/\" \/>\n<meta property=\"og:site_name\" content=\"EDUVIC\" \/>\n<meta property=\"article:published_time\" content=\"2016-01-25T07:42:32+00:00\" \/>\n<meta property=\"article:modified_time\" content=\"2022-02-10T11:40:40+00:00\" \/>\n<meta property=\"og:image\" content=\"https:\/\/eduvic.coop\/wp-content\/uploads\/2016\/01\/familias.jpg\" \/>\n\t<meta property=\"og:image:width\" content=\"377\" \/>\n\t<meta property=\"og:image:height\" content=\"62\" \/>\n\t<meta property=\"og:image:type\" content=\"image\/jpeg\" \/>\n<meta name=\"author\" content=\"MAD Systems, SCCL\" \/>\n<meta name=\"twitter:card\" content=\"summary_large_image\" \/>\n<meta name=\"twitter:label1\" content=\"Escrito por\" \/>\n\t<meta name=\"twitter:data1\" content=\"MAD Systems, SCCL\" \/>\n\t<meta name=\"twitter:label2\" content=\"Tiempo de lectura\" \/>\n\t<meta name=\"twitter:data2\" content=\"4 minutos\" \/>\n<script type=\"application\/ld+json\" class=\"yoast-schema-graph\">{\"@context\":\"https:\\\/\\\/schema.org\",\"@graph\":[{\"@type\":\"Article\",\"@id\":\"https:\\\/\\\/eduvic.coop\\\/es\\\/servicios-de-apoyo-terapeutico-a-las-familias\\\/#article\",\"isPartOf\":{\"@id\":\"https:\\\/\\\/eduvic.coop\\\/es\\\/servicios-de-apoyo-terapeutico-a-las-familias\\\/\"},\"author\":{\"name\":\"MAD Systems, SCCL\",\"@id\":\"https:\\\/\\\/eduvic.coop\\\/es\\\/#\\\/schema\\\/person\\\/379e3651162f93b09e21bb3f8accd8b7\"},\"headline\":\"Servicios de apoyo terap\u00e9utico a las familias\",\"datePublished\":\"2016-01-25T07:42:32+00:00\",\"dateModified\":\"2022-02-10T11:40:40+00:00\",\"mainEntityOfPage\":{\"@id\":\"https:\\\/\\\/eduvic.coop\\\/es\\\/servicios-de-apoyo-terapeutico-a-las-familias\\\/\"},\"wordCount\":765,\"publisher\":{\"@id\":\"https:\\\/\\\/eduvic.coop\\\/es\\\/#organization\"},\"image\":{\"@id\":\"https:\\\/\\\/eduvic.coop\\\/es\\\/servicios-de-apoyo-terapeutico-a-las-familias\\\/#primaryimage\"},\"thumbnailUrl\":\"https:\\\/\\\/eduvic.coop\\\/wp-content\\\/uploads\\\/2016\\\/01\\\/familias.jpg\",\"articleSection\":[\"Sin categorizar\"],\"inLanguage\":\"es\"},{\"@type\":\"WebPage\",\"@id\":\"https:\\\/\\\/eduvic.coop\\\/es\\\/servicios-de-apoyo-terapeutico-a-las-familias\\\/\",\"url\":\"https:\\\/\\\/eduvic.coop\\\/es\\\/servicios-de-apoyo-terapeutico-a-las-familias\\\/\",\"name\":\"Servicios de apoyo terap\u00e9utico a las familias - EDUVIC\",\"isPartOf\":{\"@id\":\"https:\\\/\\\/eduvic.coop\\\/es\\\/#website\"},\"primaryImageOfPage\":{\"@id\":\"https:\\\/\\\/eduvic.coop\\\/es\\\/servicios-de-apoyo-terapeutico-a-las-familias\\\/#primaryimage\"},\"image\":{\"@id\":\"https:\\\/\\\/eduvic.coop\\\/es\\\/servicios-de-apoyo-terapeutico-a-las-familias\\\/#primaryimage\"},\"thumbnailUrl\":\"https:\\\/\\\/eduvic.coop\\\/wp-content\\\/uploads\\\/2016\\\/01\\\/familias.jpg\",\"datePublished\":\"2016-01-25T07:42:32+00:00\",\"dateModified\":\"2022-02-10T11:40:40+00:00\",\"breadcrumb\":{\"@id\":\"https:\\\/\\\/eduvic.coop\\\/es\\\/servicios-de-apoyo-terapeutico-a-las-familias\\\/#breadcrumb\"},\"inLanguage\":\"es\",\"potentialAction\":[{\"@type\":\"ReadAction\",\"target\":[\"https:\\\/\\\/eduvic.coop\\\/es\\\/servicios-de-apoyo-terapeutico-a-las-familias\\\/\"]}]},{\"@type\":\"ImageObject\",\"inLanguage\":\"es\",\"@id\":\"https:\\\/\\\/eduvic.coop\\\/es\\\/servicios-de-apoyo-terapeutico-a-las-familias\\\/#primaryimage\",\"url\":\"https:\\\/\\\/eduvic.coop\\\/wp-content\\\/uploads\\\/2016\\\/01\\\/familias.jpg\",\"contentUrl\":\"https:\\\/\\\/eduvic.coop\\\/wp-content\\\/uploads\\\/2016\\\/01\\\/familias.jpg\",\"width\":377,\"height\":62},{\"@type\":\"BreadcrumbList\",\"@id\":\"https:\\\/\\\/eduvic.coop\\\/es\\\/servicios-de-apoyo-terapeutico-a-las-familias\\\/#breadcrumb\",\"itemListElement\":[{\"@type\":\"ListItem\",\"position\":1,\"name\":\"Inici\",\"item\":\"https:\\\/\\\/eduvic.coop\\\/es\\\/\"},{\"@type\":\"ListItem\",\"position\":2,\"name\":\"Servicios de apoyo terap\u00e9utico a las familias\"}]},{\"@type\":\"WebSite\",\"@id\":\"https:\\\/\\\/eduvic.coop\\\/es\\\/#website\",\"url\":\"https:\\\/\\\/eduvic.coop\\\/es\\\/\",\"name\":\"EDUVIC\",\"description\":\"\",\"publisher\":{\"@id\":\"https:\\\/\\\/eduvic.coop\\\/es\\\/#organization\"},\"potentialAction\":[{\"@type\":\"SearchAction\",\"target\":{\"@type\":\"EntryPoint\",\"urlTemplate\":\"https:\\\/\\\/eduvic.coop\\\/es\\\/?s={search_term_string}\"},\"query-input\":{\"@type\":\"PropertyValueSpecification\",\"valueRequired\":true,\"valueName\":\"search_term_string\"}}],\"inLanguage\":\"es\"},{\"@type\":\"Organization\",\"@id\":\"https:\\\/\\\/eduvic.coop\\\/es\\\/#organization\",\"name\":\"EDUVIC\",\"url\":\"https:\\\/\\\/eduvic.coop\\\/es\\\/\",\"logo\":{\"@type\":\"ImageObject\",\"inLanguage\":\"es\",\"@id\":\"https:\\\/\\\/eduvic.coop\\\/es\\\/#\\\/schema\\\/logo\\\/image\\\/\",\"url\":\"https:\\\/\\\/eduvic.coop\\\/wp-content\\\/uploads\\\/2024\\\/12\\\/cropped-EDUVIC-1.png\",\"contentUrl\":\"https:\\\/\\\/eduvic.coop\\\/wp-content\\\/uploads\\\/2024\\\/12\\\/cropped-EDUVIC-1.png\",\"width\":4440,\"height\":1743,\"caption\":\"EDUVIC\"},\"image\":{\"@id\":\"https:\\\/\\\/eduvic.coop\\\/es\\\/#\\\/schema\\\/logo\\\/image\\\/\"}},{\"@type\":\"Person\",\"@id\":\"https:\\\/\\\/eduvic.coop\\\/es\\\/#\\\/schema\\\/person\\\/379e3651162f93b09e21bb3f8accd8b7\",\"name\":\"MAD Systems, SCCL\",\"image\":{\"@type\":\"ImageObject\",\"inLanguage\":\"es\",\"@id\":\"https:\\\/\\\/secure.gravatar.com\\\/avatar\\\/5116f7ad06d3420ede2d61afd6c51617cf548ad86d0b2a506fab574f6a457171?s=96&d=mm&r=g\",\"url\":\"https:\\\/\\\/secure.gravatar.com\\\/avatar\\\/5116f7ad06d3420ede2d61afd6c51617cf548ad86d0b2a506fab574f6a457171?s=96&d=mm&r=g\",\"contentUrl\":\"https:\\\/\\\/secure.gravatar.com\\\/avatar\\\/5116f7ad06d3420ede2d61afd6c51617cf548ad86d0b2a506fab574f6a457171?s=96&d=mm&r=g\",\"caption\":\"MAD Systems, SCCL\"},\"sameAs\":[\"https:\\\/\\\/eduvic.coop\"],\"url\":\"https:\\\/\\\/eduvic.coop\\\/es\\\/author\\\/madsystems\\\/\"}]}<\/script>\n<!-- \/ Yoast SEO plugin. -->","yoast_head_json":{"title":"Servicios de apoyo terap\u00e9utico a las familias - EDUVIC","robots":{"index":"index","follow":"follow","max-snippet":"max-snippet:-1","max-image-preview":"max-image-preview:large","max-video-preview":"max-video-preview:-1"},"canonical":"https:\/\/eduvic.coop\/es\/servicios-de-apoyo-terapeutico-a-las-familias\/","og_locale":"es_ES","og_type":"article","og_title":"Servicios de apoyo terap\u00e9utico a las familias - EDUVIC","og_description":"... Leer m\u00e1s","og_url":"https:\/\/eduvic.coop\/es\/servicios-de-apoyo-terapeutico-a-las-familias\/","og_site_name":"EDUVIC","article_published_time":"2016-01-25T07:42:32+00:00","article_modified_time":"2022-02-10T11:40:40+00:00","og_image":[{"width":377,"height":62,"url":"https:\/\/eduvic.coop\/wp-content\/uploads\/2016\/01\/familias.jpg","type":"image\/jpeg"}],"author":"MAD Systems, SCCL","twitter_card":"summary_large_image","twitter_misc":{"Escrito por":"MAD Systems, SCCL","Tiempo de lectura":"4 minutos"},"schema":{"@context":"https:\/\/schema.org","@graph":[{"@type":"Article","@id":"https:\/\/eduvic.coop\/es\/servicios-de-apoyo-terapeutico-a-las-familias\/#article","isPartOf":{"@id":"https:\/\/eduvic.coop\/es\/servicios-de-apoyo-terapeutico-a-las-familias\/"},"author":{"name":"MAD Systems, SCCL","@id":"https:\/\/eduvic.coop\/es\/#\/schema\/person\/379e3651162f93b09e21bb3f8accd8b7"},"headline":"Servicios de apoyo terap\u00e9utico a las familias","datePublished":"2016-01-25T07:42:32+00:00","dateModified":"2022-02-10T11:40:40+00:00","mainEntityOfPage":{"@id":"https:\/\/eduvic.coop\/es\/servicios-de-apoyo-terapeutico-a-las-familias\/"},"wordCount":765,"publisher":{"@id":"https:\/\/eduvic.coop\/es\/#organization"},"image":{"@id":"https:\/\/eduvic.coop\/es\/servicios-de-apoyo-terapeutico-a-las-familias\/#primaryimage"},"thumbnailUrl":"https:\/\/eduvic.coop\/wp-content\/uploads\/2016\/01\/familias.jpg","articleSection":["Sin categorizar"],"inLanguage":"es"},{"@type":"WebPage","@id":"https:\/\/eduvic.coop\/es\/servicios-de-apoyo-terapeutico-a-las-familias\/","url":"https:\/\/eduvic.coop\/es\/servicios-de-apoyo-terapeutico-a-las-familias\/","name":"Servicios de apoyo terap\u00e9utico a las familias - EDUVIC","isPartOf":{"@id":"https:\/\/eduvic.coop\/es\/#website"},"primaryImageOfPage":{"@id":"https:\/\/eduvic.coop\/es\/servicios-de-apoyo-terapeutico-a-las-familias\/#primaryimage"},"image":{"@id":"https:\/\/eduvic.coop\/es\/servicios-de-apoyo-terapeutico-a-las-familias\/#primaryimage"},"thumbnailUrl":"https:\/\/eduvic.coop\/wp-content\/uploads\/2016\/01\/familias.jpg","datePublished":"2016-01-25T07:42:32+00:00","dateModified":"2022-02-10T11:40:40+00:00","breadcrumb":{"@id":"https:\/\/eduvic.coop\/es\/servicios-de-apoyo-terapeutico-a-las-familias\/#breadcrumb"},"inLanguage":"es","potentialAction":[{"@type":"ReadAction","target":["https:\/\/eduvic.coop\/es\/servicios-de-apoyo-terapeutico-a-las-familias\/"]}]},{"@type":"ImageObject","inLanguage":"es","@id":"https:\/\/eduvic.coop\/es\/servicios-de-apoyo-terapeutico-a-las-familias\/#primaryimage","url":"https:\/\/eduvic.coop\/wp-content\/uploads\/2016\/01\/familias.jpg","contentUrl":"https:\/\/eduvic.coop\/wp-content\/uploads\/2016\/01\/familias.jpg","width":377,"height":62},{"@type":"BreadcrumbList","@id":"https:\/\/eduvic.coop\/es\/servicios-de-apoyo-terapeutico-a-las-familias\/#breadcrumb","itemListElement":[{"@type":"ListItem","position":1,"name":"Inici","item":"https:\/\/eduvic.coop\/es\/"},{"@type":"ListItem","position":2,"name":"Servicios de apoyo terap\u00e9utico a las familias"}]},{"@type":"WebSite","@id":"https:\/\/eduvic.coop\/es\/#website","url":"https:\/\/eduvic.coop\/es\/","name":"EDUVIC","description":"","publisher":{"@id":"https:\/\/eduvic.coop\/es\/#organization"},"potentialAction":[{"@type":"SearchAction","target":{"@type":"EntryPoint","urlTemplate":"https:\/\/eduvic.coop\/es\/?s={search_term_string}"},"query-input":{"@type":"PropertyValueSpecification","valueRequired":true,"valueName":"search_term_string"}}],"inLanguage":"es"},{"@type":"Organization","@id":"https:\/\/eduvic.coop\/es\/#organization","name":"EDUVIC","url":"https:\/\/eduvic.coop\/es\/","logo":{"@type":"ImageObject","inLanguage":"es","@id":"https:\/\/eduvic.coop\/es\/#\/schema\/logo\/image\/","url":"https:\/\/eduvic.coop\/wp-content\/uploads\/2024\/12\/cropped-EDUVIC-1.png","contentUrl":"https:\/\/eduvic.coop\/wp-content\/uploads\/2024\/12\/cropped-EDUVIC-1.png","width":4440,"height":1743,"caption":"EDUVIC"},"image":{"@id":"https:\/\/eduvic.coop\/es\/#\/schema\/logo\/image\/"}},{"@type":"Person","@id":"https:\/\/eduvic.coop\/es\/#\/schema\/person\/379e3651162f93b09e21bb3f8accd8b7","name":"MAD Systems, SCCL","image":{"@type":"ImageObject","inLanguage":"es","@id":"https:\/\/secure.gravatar.com\/avatar\/5116f7ad06d3420ede2d61afd6c51617cf548ad86d0b2a506fab574f6a457171?s=96&d=mm&r=g","url":"https:\/\/secure.gravatar.com\/avatar\/5116f7ad06d3420ede2d61afd6c51617cf548ad86d0b2a506fab574f6a457171?s=96&d=mm&r=g","contentUrl":"https:\/\/secure.gravatar.com\/avatar\/5116f7ad06d3420ede2d61afd6c51617cf548ad86d0b2a506fab574f6a457171?s=96&d=mm&r=g","caption":"MAD Systems, SCCL"},"sameAs":["https:\/\/eduvic.coop"],"url":"https:\/\/eduvic.coop\/es\/author\/madsystems\/"}]}},"_links":{"self":[{"href":"https:\/\/eduvic.coop\/es\/wp-json\/wp\/v2\/posts\/2203","targetHints":{"allow":["GET"]}}],"collection":[{"href":"https:\/\/eduvic.coop\/es\/wp-json\/wp\/v2\/posts"}],"about":[{"href":"https:\/\/eduvic.coop\/es\/wp-json\/wp\/v2\/types\/post"}],"author":[{"embeddable":true,"href":"https:\/\/eduvic.coop\/es\/wp-json\/wp\/v2\/users\/1"}],"replies":[{"embeddable":true,"href":"https:\/\/eduvic.coop\/es\/wp-json\/wp\/v2\/comments?post=2203"}],"version-history":[{"count":2,"href":"https:\/\/eduvic.coop\/es\/wp-json\/wp\/v2\/posts\/2203\/revisions"}],"predecessor-version":[{"id":6942,"href":"https:\/\/eduvic.coop\/es\/wp-json\/wp\/v2\/posts\/2203\/revisions\/6942"}],"wp:featuredmedia":[{"embeddable":true,"href":"https:\/\/eduvic.coop\/es\/wp-json\/wp\/v2\/media\/1328"}],"wp:attachment":[{"href":"https:\/\/eduvic.coop\/es\/wp-json\/wp\/v2\/media?parent=2203"}],"wp:term":[{"taxonomy":"category","embeddable":true,"href":"https:\/\/eduvic.coop\/es\/wp-json\/wp\/v2\/categories?post=2203"},{"taxonomy":"post_tag","embeddable":true,"href":"https:\/\/eduvic.coop\/es\/wp-json\/wp\/v2\/tags?post=2203"}],"curies":[{"name":"wp","href":"https:\/\/api.w.org\/{rel}","templated":true}]}}