{"id":2200,"date":"2016-01-25T09:21:36","date_gmt":"2016-01-25T07:21:36","guid":{"rendered":"http:\/\/eduvic.coop\/?p=1057&#038;lang=es"},"modified":"2022-02-10T14:17:11","modified_gmt":"2022-02-10T12:17:11","slug":"apoyo-familiar-en-centros-abiertos","status":"publish","type":"post","link":"https:\/\/eduvic.coop\/es\/apoyo-familiar-en-centros-abiertos\/","title":{"rendered":"Apoyo familiar en Centros Abiertos"},"content":{"rendered":"<div class=\"wpb-content-wrapper\"><p>[vc_row][vc_column][vc_empty_space height=&#8221;20px&#8221;][dt_call_to_action background=&#8221;plain&#8221; line=&#8221;true&#8221;]<br \/>\n<span style=\"color: #ffffff;\">El servicio &#8220;<strong>Apoyo Familiar en Centros abiertos<\/strong>&#8221; es un conjunto de programas educativos y terap\u00e9uticos para trabajar con todas las familias de los ni\u00f1os y adolescentes atendidos en los Centros Abiertos. Los programas van dirigidos a hacer un trabajo integral con las familias como un complemento de la tarea que ya se realiza en los Centros Abiertos con los ni\u00f1os y adolescentes.<\/span><br \/>\n[\/dt_call_to_action][vc_empty_space height=&#8221;20px&#8221;][vc_column_text]<br \/>\nSe trata de una intervenci\u00f3n preventiva y de tratamiento, que busca sanear las relaciones familiares, promover procesos reflexivos y construir con los padres y madres din\u00e1micas familiares que garanticen el crecimiento de todos los miembros de la familia. Desde esta perspectiva es una propuesta especializada y espec\u00edfica para acompa\u00f1ar a los padres y madres en la construcci\u00f3n de una din\u00e1mica familiar, que responda a las necesidades emocionales, educativas y relacionales de sus hijos e hijas. Todas las actuaciones se realizan en el marco de un trabajo conjunto y coordinado con los equipos de profesionales de los Centros Abiertos y otros servicios que est\u00e9n implicados en los procesos familiares.<br \/>\n[\/vc_column_text][\/vc_column][\/vc_row][vc_row][vc_column][vc_empty_space][dt_fancy_title title=&#8221;A qui\u00e9n se dirige&#8221; title_align=&#8221;left&#8221; title_size=&#8221;h3&#8243; title_color=&#8221;accent&#8221; separator_color=&#8221;accent&#8221;][vc_empty_space height=&#8221;20px&#8221;][\/vc_column][\/vc_row][vc_row][vc_column][dt_fancy_title title=&#8221;Destinatarios directos:&#8221; title_align=&#8221;left&#8221; title_size=&#8221;h5&#8243; title_color=&#8221;accent&#8221; separator_style=&#8221;disabled&#8221;][vc_empty_space height=&#8221;10px&#8221;][vc_row_inner][vc_column_inner css=&#8221;.vc_custom_1453109547852{margin-left: 25px !important;}&#8221;][dt_vc_list dividers=&#8221;false&#8221;]<\/p>\n<ul>\n<li>Padres, madres y sus hijos e hijas atendidos en los centros abiertos<\/li>\n<\/ul>\n<p>[\/dt_vc_list][\/vc_column_inner][\/vc_row_inner][vc_empty_space height=&#8221;20px&#8221;][dt_fancy_title title=&#8221;Como recurso complementario para:&#8221; title_align=&#8221;left&#8221; title_size=&#8221;h5&#8243; title_color=&#8221;accent&#8221; separator_style=&#8221;disabled&#8221;][vc_empty_space height=&#8221;10px&#8221;][vc_row_inner][vc_column_inner css=&#8221;.vc_custom_1453109547852{margin-left: 25px !important;}&#8221;][dt_vc_list dividers=&#8221;false&#8221;]<\/p>\n<ul>\n<li>Equipos de profesionales de los centros abiertos<\/li>\n<li>Equipos de Servicios Sociales<\/li>\n<\/ul>\n<p>[\/dt_vc_list][\/vc_column_inner][\/vc_row_inner][vc_row_inner][vc_column_inner][vc_empty_space][dt_fancy_title title=&#8221;Qu\u00e9 ofrecen&#8221; title_align=&#8221;left&#8221; title_size=&#8221;h3&#8243; title_color=&#8221;accent&#8221; separator_color=&#8221;accent&#8221;][vc_empty_space height=&#8221;20px&#8221;][\/vc_column_inner][\/vc_row_inner][\/vc_column][\/vc_row][vc_row][vc_column][dt_fancy_title title=&#8221;A las familias, ni\u00f1os y adolescentes:&#8221; title_align=&#8221;left&#8221; title_size=&#8221;h5&#8243; title_color=&#8221;accent&#8221; separator_style=&#8221;disabled&#8221;][vc_empty_space height=&#8221;10px&#8221;][vc_row_inner][vc_column_inner css=&#8221;.vc_custom_1453202766385{margin-left: 25px !important;}&#8221;][dt_vc_list dividers=&#8221;false&#8221;]<\/p>\n<ul>\n<li>Asesoramiento y orientaci\u00f3n familiar<\/li>\n<li>Soporte individualizado a las familias<\/li>\n<li>Soporte grupal para padres y madres<\/li>\n<li>Participaci\u00f3n activa de la familia, los ni\u00f1os y adolescentes en el proceso de construcci\u00f3n de la demanda y evaluaci\u00f3n del trabajo realizado<\/li>\n<\/ul>\n<p>[\/dt_vc_list][\/vc_column_inner][\/vc_row_inner][vc_empty_space height=&#8221;20px&#8221;][dt_fancy_title title=&#8221;A los profesionales:&#8221; title_align=&#8221;left&#8221; title_size=&#8221;h5&#8243; title_color=&#8221;accent&#8221; separator_style=&#8221;disabled&#8221;][vc_empty_space height=&#8221;10px&#8221;][vc_row_inner][vc_column_inner css=&#8221;.vc_custom_1453202766385{margin-left: 25px !important;}&#8221;][dt_vc_list dividers=&#8221;false&#8221;]<\/p>\n<ul>\n<li>Coordinaci\u00f3n y comunicaci\u00f3n durante el proceso de derivaci\u00f3n, seguimiento y cierre de los procesos familiares<\/li>\n<li>Construcci\u00f3n conjunta del Plan de Trabajo Familiar<\/li>\n<li>Participaci\u00f3n en les interredes<\/li>\n<li>Devolutivas diagn\u00f3sticas<\/li>\n<li>Procesos de evaluaci\u00f3n<\/li>\n<\/ul>\n<p>[\/dt_vc_list][\/vc_column_inner][\/vc_row_inner][vc_empty_space height=&#8221;20px&#8221;][\/vc_column][\/vc_row][vc_row][vc_column][vc_empty_space][dt_fancy_title title=&#8221;En qu\u00e9 se concreta&#8221; title_align=&#8221;left&#8221; title_size=&#8221;h3&#8243; title_color=&#8221;accent&#8221; separator_color=&#8221;accent&#8221;][vc_empty_space height=&#8221;20px&#8221;][\/vc_column][\/vc_row][vc_row][vc_column][dt_fancy_title title=&#8221;Con las familias, ni\u00f1os y adolescentes:&#8221; title_align=&#8221;left&#8221; title_size=&#8221;h5&#8243; title_color=&#8221;accent&#8221; separator_style=&#8221;disabled&#8221;][vc_empty_space height=&#8221;12px&#8221;][vc_row_inner][vc_column_inner css=&#8221;.vc_custom_1453203296691{margin-left: 25px !important;}&#8221;][dt_vc_list dividers=&#8221;false&#8221;]<\/p>\n<ul>\n<li>Con todas las familias se realizar\u00e1 un primer encuentro de <strong>asesoramiento y orientaci\u00f3n, de 5 sesiones<\/strong>, para potenciar la participaci\u00f3n de la familia a la hora de explicitar sus dificultades y peticiones, construir un v\u00ednculo de soporte con el\/la profesional y, definir el proceso m\u00e1s adecuado a su situaci\u00f3n familiar, ya sea a nivel de trabajo familiar o de trabajo grupal de padres y madres.<\/li>\n<li>Con las familias que se han valorado valorat adecuadamente, se realiza un acompa\u00f1amiento terap\u00e9utico socioeducativo que comporta un <strong>soporte individualizado de 10 a 30 sesiones de forma quincenal<\/strong>. Este acompa\u00f1amiento tiene como finalidad trabajar las dificultades relacionales que afectan al funcionamiento de la familia, que generan problemas de comportamiento en los hijos e hijas, conflictos de pareja, tensi\u00f3n entre los padres\/madres y los hijos\/hijas, intromisi\u00f3n de les familias de origen en la din\u00e1mica familiar, etc.<\/li>\n<li><strong>Soporte grupal para padres y madres<\/strong> a trav\u00e9s de una formaci\u00f3n grupal estructurada en <strong>10 sesiones de 2h<\/strong>. Este espacio formativo est\u00e1 destinado a mejorar la capacidad educativa de padres y madres, a partir de proporcionarles criterios y herramientas concretas, desde la perspectiva de la parentalidad positiva, para abordar las diferentes situaciones y dificultades que se puedan producir en la vida cotidiana en relaci\u00f3n a la educaci\u00f3n de los hijos e hijas.<\/li>\n<li>El <strong>soporte grupal terap\u00e9utico<\/strong> realiza un proceso con padres y madres que tienen <strong>dificultades comunes<\/strong>, que generan un estr\u00e9s emocional y relacional importante en la din\u00e1mica familiar, como por ejemplo, problemas de comportamiento graves (hijos\/as desafiantes, agresivos, que no aceptan las normas, etc.); dificultades de adaptaci\u00f3n en el \u00e1mbito escolar (situaciones de exclusi\u00f3n, bajo rendimiento escolar, agresividad o sumisi\u00f3n delante de los compa\u00f1eros, etc); incursi\u00f3n de los hijos\/as en el mundo de los t\u00f3xicos; participaci\u00f3n de los hijos\/as en grupos marginales; relaciones confrontadas entre padres\/madres e hijos\/as (falta de di\u00e1logo, p\u00e9rdida de autoridad, etc.); entre otros. Se trata de <strong>encuentros semanales de 2<\/strong>h acompa\u00f1ados por un terapeuta familiar. Se realizan entre <strong>12 y 15 sesiones.<\/strong><\/li>\n<\/ul>\n<p>[\/dt_vc_list][\/vc_column_inner][\/vc_row_inner][\/vc_column][\/vc_row][vc_row][vc_column][dt_fancy_title title=&#8221;Con los profesionales:&#8221; title_align=&#8221;left&#8221; title_size=&#8221;h4&#8243; title_color=&#8221;accent&#8221; separator_style=&#8221;disabled&#8221;][vc_empty_space height=&#8221;22px&#8221;][vc_row_inner][vc_column_inner css=&#8221;.vc_custom_1453112583744{margin-left: 25px !important;}&#8221;][dt_vc_list dividers=&#8221;false&#8221;]<\/p>\n<ul>\n<li><strong>Sesiones informativas y formativas<\/strong> &#8211; de 8 horas &#8211; sobre los programas y el modelo de trabajo de Soporte Familiar Centros Abiertos<\/li>\n<li>Construcci\u00f3n de un <strong>Plan de Comunicaci\u00f3n<\/strong> &#8211; sesi\u00f3n de 4 horas aproximadamente &#8211; con los profesionales de los Centros Abiertos y Servicios Sociales para establecer los mecanismos de coordinaci\u00f3n durante las fases de derivaci\u00f3n, seguimiento y cierre de los procesos familiares.<\/li>\n<li>Seguimiento de los procesos familiares a trav\u00e9s de la participaci\u00f3n quincenal en las reuniones de equipo de los profesionales de los Centros Abiertos, de devolutivas v\u00eda correo electr\u00f3nico a los referentes de Servicios Sociales y en las reuniones de interredes.<\/li>\n<li>Durante el proceso de despliegue del servicio se realizan tres evaluaciones trimestrales para valorar la marcha del servicio y ver si son necesarios reajustes.<\/li>\n<li>Jornada de <strong>evaluaci\u00f3n anual<\/strong> del servicio en el que participan, profesionales de Centros Abiertos, de Servicios Sociales y otros profesionales implicados en los procesos familiares para evaluar el impacto y los resultados del programa Soporte Familiar Centros Abiertos.<\/li>\n<\/ul>\n<p>[\/dt_vc_list][\/vc_column_inner][\/vc_row_inner][\/vc_column][\/vc_row][vc_row][vc_column width=&#8221;1\/2&#8243;][vc_empty_space][dt_fancy_title title=&#8221;Centros de la Plataforma Cru\u00eflla que han desarrollado este servicio:&#8221; title_size=&#8221;h4&#8243; title_color=&#8221;accent&#8221; separator_color=&#8221;accent&#8221;][vc_empty_space height=&#8221;20px&#8221;][vc_basic_grid post_type=&#8221;ids&#8221; element_width=&#8221;12&#8243; item=&#8221;714&#8243; grid_id=&#8221;vc_gid:1454066840580-98ae55a7-a1c3-1&#8243; include=&#8221;1581&#8243;][\/vc_column][vc_column width=&#8221;1\/2&#8243;][vc_empty_space][dt_fancy_title title=&#8221;Persona de contacto&#8221; title_size=&#8221;h4&#8243; title_color=&#8221;accent&#8221; separator_color=&#8221;accent&#8221;][vc_empty_space height=&#8221;20px&#8221;][vc_basic_grid post_type=&#8221;ids&#8221; element_width=&#8221;12&#8243; item=&#8221;1777&#8243; grid_id=&#8221;vc_gid:1454317136205-be51285e-40c0-9&#8243; include=&#8221;1474&#8243;][\/vc_column][\/vc_row]<\/p>\n<\/div>","protected":false},"excerpt":{"rendered":"<p> &#8230; <\/p>\n<p class=\"read-more-container\"><a title=\"Apoyo familiar en Centros Abiertos\" class=\"read-more button\" href=\"https:\/\/eduvic.coop\/es\/apoyo-familiar-en-centros-abiertos\/#more-2200\" aria-label=\"Leer m\u00e1s sobre Apoyo familiar en Centros Abiertos\">Leer m\u00e1s<\/a><\/p>\n","protected":false},"author":1,"featured_media":1367,"comment_status":"closed","ping_status":"closed","sticky":false,"template":"","format":"standard","meta":{"footnotes":""},"categories":[4],"tags":[],"class_list":["post-2200","post","type-post","status-publish","format-standard","has-post-thumbnail","hentry","category-sin-categorizar","generate-columns","tablet-grid-50","mobile-grid-100","grid-parent","grid-50","no-featured-image-padding"],"yoast_head":"<!-- This site is optimized with the Yoast SEO plugin v27.4 - https:\/\/yoast.com\/product\/yoast-seo-wordpress\/ -->\n<title>Apoyo familiar en Centros Abiertos - EDUVIC<\/title>\n<meta name=\"robots\" content=\"index, follow, max-snippet:-1, max-image-preview:large, max-video-preview:-1\" \/>\n<link rel=\"canonical\" href=\"https:\/\/eduvic.coop\/es\/apoyo-familiar-en-centros-abiertos\/\" \/>\n<meta property=\"og:locale\" content=\"es_ES\" \/>\n<meta property=\"og:type\" content=\"article\" \/>\n<meta property=\"og:title\" content=\"Apoyo familiar en Centros Abiertos - EDUVIC\" \/>\n<meta property=\"og:description\" content=\"... Leer m\u00e1s\" \/>\n<meta property=\"og:url\" content=\"https:\/\/eduvic.coop\/es\/apoyo-familiar-en-centros-abiertos\/\" \/>\n<meta property=\"og:site_name\" content=\"EDUVIC\" \/>\n<meta property=\"article:published_time\" content=\"2016-01-25T07:21:36+00:00\" \/>\n<meta property=\"article:modified_time\" content=\"2022-02-10T12:17:11+00:00\" \/>\n<meta property=\"og:image\" content=\"https:\/\/eduvic.coop\/wp-content\/uploads\/2016\/01\/21.jpg\" \/>\n\t<meta property=\"og:image:width\" content=\"377\" \/>\n\t<meta property=\"og:image:height\" content=\"62\" \/>\n\t<meta property=\"og:image:type\" content=\"image\/jpeg\" \/>\n<meta name=\"author\" content=\"MAD Systems, SCCL\" \/>\n<meta name=\"twitter:card\" content=\"summary_large_image\" \/>\n<meta name=\"twitter:label1\" content=\"Escrito por\" \/>\n\t<meta name=\"twitter:data1\" content=\"MAD Systems, SCCL\" \/>\n\t<meta name=\"twitter:label2\" content=\"Tiempo de lectura\" \/>\n\t<meta name=\"twitter:data2\" content=\"7 minutos\" \/>\n<script type=\"application\/ld+json\" class=\"yoast-schema-graph\">{\"@context\":\"https:\\\/\\\/schema.org\",\"@graph\":[{\"@type\":\"Article\",\"@id\":\"https:\\\/\\\/eduvic.coop\\\/es\\\/apoyo-familiar-en-centros-abiertos\\\/#article\",\"isPartOf\":{\"@id\":\"https:\\\/\\\/eduvic.coop\\\/es\\\/apoyo-familiar-en-centros-abiertos\\\/\"},\"author\":{\"name\":\"MAD Systems, SCCL\",\"@id\":\"https:\\\/\\\/eduvic.coop\\\/es\\\/#\\\/schema\\\/person\\\/379e3651162f93b09e21bb3f8accd8b7\"},\"headline\":\"Apoyo familiar en Centros Abiertos\",\"datePublished\":\"2016-01-25T07:21:36+00:00\",\"dateModified\":\"2022-02-10T12:17:11+00:00\",\"mainEntityOfPage\":{\"@id\":\"https:\\\/\\\/eduvic.coop\\\/es\\\/apoyo-familiar-en-centros-abiertos\\\/\"},\"wordCount\":1428,\"publisher\":{\"@id\":\"https:\\\/\\\/eduvic.coop\\\/es\\\/#organization\"},\"image\":{\"@id\":\"https:\\\/\\\/eduvic.coop\\\/es\\\/apoyo-familiar-en-centros-abiertos\\\/#primaryimage\"},\"thumbnailUrl\":\"https:\\\/\\\/eduvic.coop\\\/wp-content\\\/uploads\\\/2016\\\/01\\\/21.jpg\",\"articleSection\":[\"Sin categorizar\"],\"inLanguage\":\"es\"},{\"@type\":\"WebPage\",\"@id\":\"https:\\\/\\\/eduvic.coop\\\/es\\\/apoyo-familiar-en-centros-abiertos\\\/\",\"url\":\"https:\\\/\\\/eduvic.coop\\\/es\\\/apoyo-familiar-en-centros-abiertos\\\/\",\"name\":\"Apoyo familiar en Centros Abiertos - EDUVIC\",\"isPartOf\":{\"@id\":\"https:\\\/\\\/eduvic.coop\\\/es\\\/#website\"},\"primaryImageOfPage\":{\"@id\":\"https:\\\/\\\/eduvic.coop\\\/es\\\/apoyo-familiar-en-centros-abiertos\\\/#primaryimage\"},\"image\":{\"@id\":\"https:\\\/\\\/eduvic.coop\\\/es\\\/apoyo-familiar-en-centros-abiertos\\\/#primaryimage\"},\"thumbnailUrl\":\"https:\\\/\\\/eduvic.coop\\\/wp-content\\\/uploads\\\/2016\\\/01\\\/21.jpg\",\"datePublished\":\"2016-01-25T07:21:36+00:00\",\"dateModified\":\"2022-02-10T12:17:11+00:00\",\"breadcrumb\":{\"@id\":\"https:\\\/\\\/eduvic.coop\\\/es\\\/apoyo-familiar-en-centros-abiertos\\\/#breadcrumb\"},\"inLanguage\":\"es\",\"potentialAction\":[{\"@type\":\"ReadAction\",\"target\":[\"https:\\\/\\\/eduvic.coop\\\/es\\\/apoyo-familiar-en-centros-abiertos\\\/\"]}]},{\"@type\":\"ImageObject\",\"inLanguage\":\"es\",\"@id\":\"https:\\\/\\\/eduvic.coop\\\/es\\\/apoyo-familiar-en-centros-abiertos\\\/#primaryimage\",\"url\":\"https:\\\/\\\/eduvic.coop\\\/wp-content\\\/uploads\\\/2016\\\/01\\\/21.jpg\",\"contentUrl\":\"https:\\\/\\\/eduvic.coop\\\/wp-content\\\/uploads\\\/2016\\\/01\\\/21.jpg\",\"width\":377,\"height\":62},{\"@type\":\"BreadcrumbList\",\"@id\":\"https:\\\/\\\/eduvic.coop\\\/es\\\/apoyo-familiar-en-centros-abiertos\\\/#breadcrumb\",\"itemListElement\":[{\"@type\":\"ListItem\",\"position\":1,\"name\":\"Inici\",\"item\":\"https:\\\/\\\/eduvic.coop\\\/es\\\/\"},{\"@type\":\"ListItem\",\"position\":2,\"name\":\"Apoyo familiar en Centros Abiertos\"}]},{\"@type\":\"WebSite\",\"@id\":\"https:\\\/\\\/eduvic.coop\\\/es\\\/#website\",\"url\":\"https:\\\/\\\/eduvic.coop\\\/es\\\/\",\"name\":\"EDUVIC\",\"description\":\"\",\"publisher\":{\"@id\":\"https:\\\/\\\/eduvic.coop\\\/es\\\/#organization\"},\"potentialAction\":[{\"@type\":\"SearchAction\",\"target\":{\"@type\":\"EntryPoint\",\"urlTemplate\":\"https:\\\/\\\/eduvic.coop\\\/es\\\/?s={search_term_string}\"},\"query-input\":{\"@type\":\"PropertyValueSpecification\",\"valueRequired\":true,\"valueName\":\"search_term_string\"}}],\"inLanguage\":\"es\"},{\"@type\":\"Organization\",\"@id\":\"https:\\\/\\\/eduvic.coop\\\/es\\\/#organization\",\"name\":\"EDUVIC\",\"url\":\"https:\\\/\\\/eduvic.coop\\\/es\\\/\",\"logo\":{\"@type\":\"ImageObject\",\"inLanguage\":\"es\",\"@id\":\"https:\\\/\\\/eduvic.coop\\\/es\\\/#\\\/schema\\\/logo\\\/image\\\/\",\"url\":\"https:\\\/\\\/eduvic.coop\\\/wp-content\\\/uploads\\\/2024\\\/12\\\/cropped-EDUVIC-1.png\",\"contentUrl\":\"https:\\\/\\\/eduvic.coop\\\/wp-content\\\/uploads\\\/2024\\\/12\\\/cropped-EDUVIC-1.png\",\"width\":4440,\"height\":1743,\"caption\":\"EDUVIC\"},\"image\":{\"@id\":\"https:\\\/\\\/eduvic.coop\\\/es\\\/#\\\/schema\\\/logo\\\/image\\\/\"}},{\"@type\":\"Person\",\"@id\":\"https:\\\/\\\/eduvic.coop\\\/es\\\/#\\\/schema\\\/person\\\/379e3651162f93b09e21bb3f8accd8b7\",\"name\":\"MAD Systems, SCCL\",\"image\":{\"@type\":\"ImageObject\",\"inLanguage\":\"es\",\"@id\":\"https:\\\/\\\/secure.gravatar.com\\\/avatar\\\/5116f7ad06d3420ede2d61afd6c51617cf548ad86d0b2a506fab574f6a457171?s=96&d=mm&r=g\",\"url\":\"https:\\\/\\\/secure.gravatar.com\\\/avatar\\\/5116f7ad06d3420ede2d61afd6c51617cf548ad86d0b2a506fab574f6a457171?s=96&d=mm&r=g\",\"contentUrl\":\"https:\\\/\\\/secure.gravatar.com\\\/avatar\\\/5116f7ad06d3420ede2d61afd6c51617cf548ad86d0b2a506fab574f6a457171?s=96&d=mm&r=g\",\"caption\":\"MAD Systems, SCCL\"},\"sameAs\":[\"https:\\\/\\\/eduvic.coop\"],\"url\":\"https:\\\/\\\/eduvic.coop\\\/es\\\/author\\\/madsystems\\\/\"}]}<\/script>\n<!-- \/ Yoast SEO plugin. -->","yoast_head_json":{"title":"Apoyo familiar en Centros Abiertos - EDUVIC","robots":{"index":"index","follow":"follow","max-snippet":"max-snippet:-1","max-image-preview":"max-image-preview:large","max-video-preview":"max-video-preview:-1"},"canonical":"https:\/\/eduvic.coop\/es\/apoyo-familiar-en-centros-abiertos\/","og_locale":"es_ES","og_type":"article","og_title":"Apoyo familiar en Centros Abiertos - EDUVIC","og_description":"... Leer m\u00e1s","og_url":"https:\/\/eduvic.coop\/es\/apoyo-familiar-en-centros-abiertos\/","og_site_name":"EDUVIC","article_published_time":"2016-01-25T07:21:36+00:00","article_modified_time":"2022-02-10T12:17:11+00:00","og_image":[{"width":377,"height":62,"url":"https:\/\/eduvic.coop\/wp-content\/uploads\/2016\/01\/21.jpg","type":"image\/jpeg"}],"author":"MAD Systems, SCCL","twitter_card":"summary_large_image","twitter_misc":{"Escrito por":"MAD Systems, SCCL","Tiempo de lectura":"7 minutos"},"schema":{"@context":"https:\/\/schema.org","@graph":[{"@type":"Article","@id":"https:\/\/eduvic.coop\/es\/apoyo-familiar-en-centros-abiertos\/#article","isPartOf":{"@id":"https:\/\/eduvic.coop\/es\/apoyo-familiar-en-centros-abiertos\/"},"author":{"name":"MAD Systems, SCCL","@id":"https:\/\/eduvic.coop\/es\/#\/schema\/person\/379e3651162f93b09e21bb3f8accd8b7"},"headline":"Apoyo familiar en Centros Abiertos","datePublished":"2016-01-25T07:21:36+00:00","dateModified":"2022-02-10T12:17:11+00:00","mainEntityOfPage":{"@id":"https:\/\/eduvic.coop\/es\/apoyo-familiar-en-centros-abiertos\/"},"wordCount":1428,"publisher":{"@id":"https:\/\/eduvic.coop\/es\/#organization"},"image":{"@id":"https:\/\/eduvic.coop\/es\/apoyo-familiar-en-centros-abiertos\/#primaryimage"},"thumbnailUrl":"https:\/\/eduvic.coop\/wp-content\/uploads\/2016\/01\/21.jpg","articleSection":["Sin categorizar"],"inLanguage":"es"},{"@type":"WebPage","@id":"https:\/\/eduvic.coop\/es\/apoyo-familiar-en-centros-abiertos\/","url":"https:\/\/eduvic.coop\/es\/apoyo-familiar-en-centros-abiertos\/","name":"Apoyo familiar en Centros Abiertos - EDUVIC","isPartOf":{"@id":"https:\/\/eduvic.coop\/es\/#website"},"primaryImageOfPage":{"@id":"https:\/\/eduvic.coop\/es\/apoyo-familiar-en-centros-abiertos\/#primaryimage"},"image":{"@id":"https:\/\/eduvic.coop\/es\/apoyo-familiar-en-centros-abiertos\/#primaryimage"},"thumbnailUrl":"https:\/\/eduvic.coop\/wp-content\/uploads\/2016\/01\/21.jpg","datePublished":"2016-01-25T07:21:36+00:00","dateModified":"2022-02-10T12:17:11+00:00","breadcrumb":{"@id":"https:\/\/eduvic.coop\/es\/apoyo-familiar-en-centros-abiertos\/#breadcrumb"},"inLanguage":"es","potentialAction":[{"@type":"ReadAction","target":["https:\/\/eduvic.coop\/es\/apoyo-familiar-en-centros-abiertos\/"]}]},{"@type":"ImageObject","inLanguage":"es","@id":"https:\/\/eduvic.coop\/es\/apoyo-familiar-en-centros-abiertos\/#primaryimage","url":"https:\/\/eduvic.coop\/wp-content\/uploads\/2016\/01\/21.jpg","contentUrl":"https:\/\/eduvic.coop\/wp-content\/uploads\/2016\/01\/21.jpg","width":377,"height":62},{"@type":"BreadcrumbList","@id":"https:\/\/eduvic.coop\/es\/apoyo-familiar-en-centros-abiertos\/#breadcrumb","itemListElement":[{"@type":"ListItem","position":1,"name":"Inici","item":"https:\/\/eduvic.coop\/es\/"},{"@type":"ListItem","position":2,"name":"Apoyo familiar en Centros Abiertos"}]},{"@type":"WebSite","@id":"https:\/\/eduvic.coop\/es\/#website","url":"https:\/\/eduvic.coop\/es\/","name":"EDUVIC","description":"","publisher":{"@id":"https:\/\/eduvic.coop\/es\/#organization"},"potentialAction":[{"@type":"SearchAction","target":{"@type":"EntryPoint","urlTemplate":"https:\/\/eduvic.coop\/es\/?s={search_term_string}"},"query-input":{"@type":"PropertyValueSpecification","valueRequired":true,"valueName":"search_term_string"}}],"inLanguage":"es"},{"@type":"Organization","@id":"https:\/\/eduvic.coop\/es\/#organization","name":"EDUVIC","url":"https:\/\/eduvic.coop\/es\/","logo":{"@type":"ImageObject","inLanguage":"es","@id":"https:\/\/eduvic.coop\/es\/#\/schema\/logo\/image\/","url":"https:\/\/eduvic.coop\/wp-content\/uploads\/2024\/12\/cropped-EDUVIC-1.png","contentUrl":"https:\/\/eduvic.coop\/wp-content\/uploads\/2024\/12\/cropped-EDUVIC-1.png","width":4440,"height":1743,"caption":"EDUVIC"},"image":{"@id":"https:\/\/eduvic.coop\/es\/#\/schema\/logo\/image\/"}},{"@type":"Person","@id":"https:\/\/eduvic.coop\/es\/#\/schema\/person\/379e3651162f93b09e21bb3f8accd8b7","name":"MAD Systems, SCCL","image":{"@type":"ImageObject","inLanguage":"es","@id":"https:\/\/secure.gravatar.com\/avatar\/5116f7ad06d3420ede2d61afd6c51617cf548ad86d0b2a506fab574f6a457171?s=96&d=mm&r=g","url":"https:\/\/secure.gravatar.com\/avatar\/5116f7ad06d3420ede2d61afd6c51617cf548ad86d0b2a506fab574f6a457171?s=96&d=mm&r=g","contentUrl":"https:\/\/secure.gravatar.com\/avatar\/5116f7ad06d3420ede2d61afd6c51617cf548ad86d0b2a506fab574f6a457171?s=96&d=mm&r=g","caption":"MAD Systems, SCCL"},"sameAs":["https:\/\/eduvic.coop"],"url":"https:\/\/eduvic.coop\/es\/author\/madsystems\/"}]}},"_links":{"self":[{"href":"https:\/\/eduvic.coop\/es\/wp-json\/wp\/v2\/posts\/2200","targetHints":{"allow":["GET"]}}],"collection":[{"href":"https:\/\/eduvic.coop\/es\/wp-json\/wp\/v2\/posts"}],"about":[{"href":"https:\/\/eduvic.coop\/es\/wp-json\/wp\/v2\/types\/post"}],"author":[{"embeddable":true,"href":"https:\/\/eduvic.coop\/es\/wp-json\/wp\/v2\/users\/1"}],"replies":[{"embeddable":true,"href":"https:\/\/eduvic.coop\/es\/wp-json\/wp\/v2\/comments?post=2200"}],"version-history":[{"count":2,"href":"https:\/\/eduvic.coop\/es\/wp-json\/wp\/v2\/posts\/2200\/revisions"}],"predecessor-version":[{"id":6954,"href":"https:\/\/eduvic.coop\/es\/wp-json\/wp\/v2\/posts\/2200\/revisions\/6954"}],"wp:featuredmedia":[{"embeddable":true,"href":"https:\/\/eduvic.coop\/es\/wp-json\/wp\/v2\/media\/1367"}],"wp:attachment":[{"href":"https:\/\/eduvic.coop\/es\/wp-json\/wp\/v2\/media?parent=2200"}],"wp:term":[{"taxonomy":"category","embeddable":true,"href":"https:\/\/eduvic.coop\/es\/wp-json\/wp\/v2\/categories?post=2200"},{"taxonomy":"post_tag","embeddable":true,"href":"https:\/\/eduvic.coop\/es\/wp-json\/wp\/v2\/tags?post=2200"}],"curies":[{"name":"wp","href":"https:\/\/api.w.org\/{rel}","templated":true}]}}