{"id":2199,"date":"2016-01-25T09:12:54","date_gmt":"2016-01-25T07:12:54","guid":{"rendered":"http:\/\/eduvic.coop\/?p=1055&#038;lang=es"},"modified":"2022-02-10T13:38:41","modified_gmt":"2022-02-10T11:38:41","slug":"escuela-talleres-y-grupos-de-padres-y-madres","status":"publish","type":"post","link":"https:\/\/eduvic.coop\/es\/escuela-talleres-y-grupos-de-padres-y-madres\/","title":{"rendered":"Escuela, talleres y grupos de padres y madres"},"content":{"rendered":"<div class=\"wpb-content-wrapper\"><p>[vc_row][vc_column][vc_empty_space height=&#8221;20px&#8221;][dt_call_to_action background=&#8221;plain&#8221; line=&#8221;true&#8221;]<br \/>\n<span style=\"color: #ffffff;\">Servicios que ofrecen diferentes programas pensados para dar un apoyo concreto y pr\u00e1ctico a las familias. Son servicios din\u00e1micos y flexibles que se adaptan a las diferentes realidades familiares y los diferentes requerimientos de las entidades y \/ o servicios derivantes, p\u00fablicos o privados.<\/span><br \/>\n[\/dt_call_to_action][\/vc_column][\/vc_row][vc_row][vc_column][vc_empty_space][dt_fancy_title title=&#8221;A qui\u00e9n va dirigido&#8221; title_align=&#8221;left&#8221; title_size=&#8221;h3&#8243; title_color=&#8221;accent&#8221; separator_color=&#8221;accent&#8221;][vc_empty_space height=&#8221;20px&#8221;][\/vc_column][\/vc_row][vc_row][vc_column][vc_row_inner][vc_column_inner css=&#8221;.vc_custom_1453109547852{margin-left: 25px !important;}&#8221;][dt_vc_list dividers=&#8221;false&#8221;]<\/p>\n<ul>\n<li>Administraciones generales, comarcales y locales.<\/li>\n<li>Servicios Sociales de Atenci\u00f3n Primaria.<\/li>\n<li>Servicios de atenci\u00f3n especializada (EAIA s, EAP s, etc.)<\/li>\n<li>Guarder\u00edas, Espacios familiares, Escuelas, Institutos, AMPA.<\/li>\n<li>Centros Abiertos.<\/li>\n<li>Profesionales que trabajan en atenci\u00f3n directa con ni\u00f1os, adolescentes y familias.<\/li>\n<li>Padres, madres y familias, directamente<\/li>\n<\/ul>\n<p>[\/dt_vc_list][\/vc_column_inner][\/vc_row_inner][\/vc_column][\/vc_row][vc_row][vc_column][vc_empty_space][dt_fancy_title title=&#8221;Qu\u00e9 ofrecen&#8221; title_align=&#8221;left&#8221; title_size=&#8221;h3&#8243; title_color=&#8221;accent&#8221; separator_color=&#8221;accent&#8221;][vc_empty_space height=&#8221;20px&#8221;][\/vc_column][\/vc_row][vc_row][vc_column][vc_row_inner][vc_column_inner css=&#8221;.vc_custom_1449224850520{margin-left: 25px !important;}&#8221;][dt_vc_list dividers=&#8221;false&#8221;]<\/p>\n<ul>\n<li>Se trabajan aspectos referentes a las habilidades y funciones parentales incidiendo sobre el c\u00f3mo y el qu\u00e9 educar y socializar en los hijos e hijas. Es un trabajo que abarca las diferentes etapas del ciclo evolutivo de los hijos, tiene en cuenta su comportamiento, sus derechos y deberes as\u00ed com los diversos \u00e1mbitos de su vida: vida familiar, escuela, barrio, ocio, hechos sociales (\u00bf?), conductas, alimentaci\u00f3n, salud, derecho y deberes, &#8230;<\/li>\n<li>Preparaci\u00f3n de los padres y madres para el establecimiento de una educaci\u00f3n competente con los hijos\/as que, conjugando autoridad positiva y afecto, cuide de las diferentes dimensiones de los hijos: afectividad, emociones, valores, relaciones, sociabilidad, desarrollo cognitivo y \u00e9tico, competencias sociales, etc. siempre partiendo de la realidad cotidiana que viven los padres y madres.<\/li>\n<li>Los distintos talleres cuentan con el apoyo de un terapeuta familiar que favorece el proceso de abordaje de las dificultades, la reflexi\u00f3n de los procesos relacionales que generan el malestar emocional y la contrucci\u00f3n de nuevas estrategias educativas y relacionales.<\/li>\n<\/ul>\n<p>[\/dt_vc_list][\/vc_column_inner][\/vc_row_inner][\/vc_column][\/vc_row][vc_row][vc_column][vc_empty_space][dt_fancy_title title=&#8221;Tipos de talleres&#8221; title_align=&#8221;left&#8221; title_size=&#8221;h3&#8243; title_color=&#8221;accent&#8221; separator_color=&#8221;accent&#8221;][vc_empty_space height=&#8221;20px&#8221;][\/vc_column][\/vc_row][vc_row][vc_column][vc_row_inner][vc_column_inner css=&#8221;.vc_custom_1449224850520{margin-left: 25px !important;}&#8221;][dt_vc_list dividers=&#8221;false&#8221;]<\/p>\n<ul>\n<li><span style=\"color: #800000;\"><strong>Talleres terap\u00e9uticos para padres y madres<\/strong><\/span><\/li>\n<\/ul>\n<p>Se trata de peque\u00f1os grupos, conformados por padres y madres de 5 o 6 familias, que tienen en com\u00fan dificultades de relaci\u00f3n y emocionales que afectan a sus hijos (problemas de comportamiento, dificultades de adaptaci\u00f3n, incursi\u00f3n en el consumo de t\u00f3xicos, etc.). Se busca la fuerza del grupo para compartir experiencias, criterios, ideas&#8230;que ayuden a los padres y las madres a sentirse m\u00e1s seguros para atender con m\u00e1s eficiencia aquellas dificultades. Se construye un espacio de di\u00e1logo y confianza des del apoyo mutuo y la elaboraci\u00f3n conjunta de estrategias.<\/p>\n<ul>\n<li><strong><span style=\"color: #800000;\">Talleres terap\u00e9uticos para preadolescentes, adolescentes y j\u00f3venes<\/span><\/strong><\/li>\n<\/ul>\n<p>Ofrecen un abordaje educativo y terap\u00e9utico a adolescentes con dificultades relacionales y emocionales derivadas de experiencias de maltrato. Buscan la cura y el autocontrol emocional a partir de ense\u00f1arles m\u00e9todos de autoregulaci\u00f3n emocional que les permita sentirse cuidados y capaces de resolver sus problemas ayud\u00e1ndoles a ampliar su mundo mental con nuevas ideas y posibilidades, entren\u00e1ndoles en habilidades de resoluci\u00f3n de conflictos y enfrent\u00e1ndoles a formas de pensar que pueden incitar el malestar.<\/p>\n<ul>\n<li><span style=\"color: #800000;\"><strong>Talleres educativos familiares<\/strong><\/span><\/li>\n<\/ul>\n<p>Es un programa de la Obra Social La Caixa, que busca potenciar el desarrollo de las capacidades de los padres y madres en la cura y la educaci\u00f3n de sus hijos y la participaci\u00f3n activa de \u00e9stos. La din\u00e1mica del taller contempla sesiones de trabajo con los padres, sesiones de trabajo con los hijos y sesiones para padres e hijos, con tal de promover experiencias de puntos de vista, la comunicaci\u00f3n y el trabajo conjunto. Tanto los contenidos como las din\u00e1micas de trabajo estan estructuradas y tratan temas como el afecto, la educaci\u00f3n, la comunicaci\u00f3n, el tiempo libre, la escuela, etc.<\/p>\n<ul>\n<li><strong><span style=\"color: #800000;\">Talleres formativos para padres y madres <\/span><\/strong><\/li>\n<\/ul>\n<p>Son talleres de caracter preventivo para padres que quieren mejorar sus capacidades para afrontar con \u00e9xito los desafios educativos de sus hijos en la actual realidad social. Se trabaja con grupos de 10 a 20 personas aproximadamente en sesiones semanales de 90 minutos. Se trata de un espacio formativo, reflexivo y participativo a partir de unos contenidos que dan las claves, m\u00e9todos y principios educativos adecuados para la crianza des de las primeras etapas de la vida des de la perspectiva de la parentalidad positiva. Se trata de hacer de la parentalidad una experiencia eficiente y gratificante.[\/dt_vc_list][\/vc_column_inner][\/vc_row_inner][\/vc_column][\/vc_row][vc_row][vc_column width=&#8221;1\/2&#8243;][vc_empty_space][dt_fancy_title title=&#8221;Centros de la Plataforma Cru\u00eflla que ofrecen estos servicios&#8221; title_size=&#8221;h4&#8243; title_color=&#8221;accent&#8221; separator_color=&#8221;accent&#8221;][vc_empty_space height=&#8221;20px&#8221;][vc_basic_grid post_type=&#8221;ids&#8221; element_width=&#8221;12&#8243; item=&#8221;714&#8243; grid_id=&#8221;vc_gid:1454066884183-e8c230b6-f23d-6&#8243; include=&#8221;945, 940&#8243;][\/vc_column][vc_column width=&#8221;1\/2&#8243;][vc_empty_space][dt_fancy_title title=&#8221;Persona de contacto&#8221; title_size=&#8221;h4&#8243; title_color=&#8221;accent&#8221; separator_color=&#8221;accent&#8221;][vc_empty_space height=&#8221;20px&#8221;][vc_basic_grid post_type=&#8221;ids&#8221; element_width=&#8221;12&#8243; item=&#8221;1777&#8243; grid_id=&#8221;vc_gid:1454317175879-92cfb178-39f3-5&#8243; include=&#8221;1474&#8243;][\/vc_column][\/vc_row]<\/p>\n<\/div>","protected":false},"excerpt":{"rendered":"<p> &#8230; <\/p>\n<p class=\"read-more-container\"><a title=\"Escuela, talleres y grupos de padres y madres\" class=\"read-more button\" href=\"https:\/\/eduvic.coop\/es\/escuela-talleres-y-grupos-de-padres-y-madres\/#more-2199\" aria-label=\"Leer m\u00e1s sobre Escuela, talleres y grupos de padres y madres\">Leer m\u00e1s<\/a><\/p>\n","protected":false},"author":1,"featured_media":1310,"comment_status":"closed","ping_status":"closed","sticky":false,"template":"","format":"standard","meta":{"footnotes":""},"categories":[4],"tags":[],"class_list":["post-2199","post","type-post","status-publish","format-standard","has-post-thumbnail","hentry","category-sin-categorizar","generate-columns","tablet-grid-50","mobile-grid-100","grid-parent","grid-50","no-featured-image-padding"],"yoast_head":"<!-- This site is optimized with the Yoast SEO plugin v27.4 - https:\/\/yoast.com\/product\/yoast-seo-wordpress\/ -->\n<title>Escuela, talleres y grupos de padres y madres - EDUVIC<\/title>\n<meta name=\"robots\" content=\"index, follow, max-snippet:-1, max-image-preview:large, max-video-preview:-1\" \/>\n<link rel=\"canonical\" href=\"https:\/\/eduvic.coop\/es\/escuela-talleres-y-grupos-de-padres-y-madres\/\" \/>\n<meta property=\"og:locale\" content=\"es_ES\" \/>\n<meta property=\"og:type\" content=\"article\" \/>\n<meta property=\"og:title\" content=\"Escuela, talleres y grupos de padres y madres - EDUVIC\" \/>\n<meta property=\"og:description\" content=\"... Leer m\u00e1s\" \/>\n<meta property=\"og:url\" content=\"https:\/\/eduvic.coop\/es\/escuela-talleres-y-grupos-de-padres-y-madres\/\" \/>\n<meta property=\"og:site_name\" content=\"EDUVIC\" \/>\n<meta property=\"article:published_time\" content=\"2016-01-25T07:12:54+00:00\" \/>\n<meta property=\"article:modified_time\" content=\"2022-02-10T11:38:41+00:00\" \/>\n<meta property=\"og:image\" content=\"https:\/\/eduvic.coop\/wp-content\/uploads\/2016\/01\/2.jpg\" \/>\n\t<meta property=\"og:image:width\" content=\"377\" \/>\n\t<meta property=\"og:image:height\" content=\"62\" \/>\n\t<meta property=\"og:image:type\" content=\"image\/jpeg\" \/>\n<meta name=\"author\" content=\"MAD Systems, SCCL\" \/>\n<meta name=\"twitter:card\" content=\"summary_large_image\" \/>\n<meta name=\"twitter:label1\" content=\"Escrito por\" \/>\n\t<meta name=\"twitter:data1\" content=\"MAD Systems, SCCL\" \/>\n\t<meta name=\"twitter:label2\" content=\"Tiempo de lectura\" \/>\n\t<meta name=\"twitter:data2\" content=\"5 minutos\" \/>\n<script type=\"application\/ld+json\" class=\"yoast-schema-graph\">{\"@context\":\"https:\\\/\\\/schema.org\",\"@graph\":[{\"@type\":\"Article\",\"@id\":\"https:\\\/\\\/eduvic.coop\\\/es\\\/escuela-talleres-y-grupos-de-padres-y-madres\\\/#article\",\"isPartOf\":{\"@id\":\"https:\\\/\\\/eduvic.coop\\\/es\\\/escuela-talleres-y-grupos-de-padres-y-madres\\\/\"},\"author\":{\"name\":\"MAD Systems, SCCL\",\"@id\":\"https:\\\/\\\/eduvic.coop\\\/es\\\/#\\\/schema\\\/person\\\/379e3651162f93b09e21bb3f8accd8b7\"},\"headline\":\"Escuela, talleres y grupos de padres y madres\",\"datePublished\":\"2016-01-25T07:12:54+00:00\",\"dateModified\":\"2022-02-10T11:38:41+00:00\",\"mainEntityOfPage\":{\"@id\":\"https:\\\/\\\/eduvic.coop\\\/es\\\/escuela-talleres-y-grupos-de-padres-y-madres\\\/\"},\"wordCount\":1019,\"publisher\":{\"@id\":\"https:\\\/\\\/eduvic.coop\\\/es\\\/#organization\"},\"image\":{\"@id\":\"https:\\\/\\\/eduvic.coop\\\/es\\\/escuela-talleres-y-grupos-de-padres-y-madres\\\/#primaryimage\"},\"thumbnailUrl\":\"https:\\\/\\\/eduvic.coop\\\/wp-content\\\/uploads\\\/2016\\\/01\\\/2.jpg\",\"articleSection\":[\"Sin categorizar\"],\"inLanguage\":\"es\"},{\"@type\":\"WebPage\",\"@id\":\"https:\\\/\\\/eduvic.coop\\\/es\\\/escuela-talleres-y-grupos-de-padres-y-madres\\\/\",\"url\":\"https:\\\/\\\/eduvic.coop\\\/es\\\/escuela-talleres-y-grupos-de-padres-y-madres\\\/\",\"name\":\"Escuela, talleres y grupos de padres y madres - EDUVIC\",\"isPartOf\":{\"@id\":\"https:\\\/\\\/eduvic.coop\\\/es\\\/#website\"},\"primaryImageOfPage\":{\"@id\":\"https:\\\/\\\/eduvic.coop\\\/es\\\/escuela-talleres-y-grupos-de-padres-y-madres\\\/#primaryimage\"},\"image\":{\"@id\":\"https:\\\/\\\/eduvic.coop\\\/es\\\/escuela-talleres-y-grupos-de-padres-y-madres\\\/#primaryimage\"},\"thumbnailUrl\":\"https:\\\/\\\/eduvic.coop\\\/wp-content\\\/uploads\\\/2016\\\/01\\\/2.jpg\",\"datePublished\":\"2016-01-25T07:12:54+00:00\",\"dateModified\":\"2022-02-10T11:38:41+00:00\",\"breadcrumb\":{\"@id\":\"https:\\\/\\\/eduvic.coop\\\/es\\\/escuela-talleres-y-grupos-de-padres-y-madres\\\/#breadcrumb\"},\"inLanguage\":\"es\",\"potentialAction\":[{\"@type\":\"ReadAction\",\"target\":[\"https:\\\/\\\/eduvic.coop\\\/es\\\/escuela-talleres-y-grupos-de-padres-y-madres\\\/\"]}]},{\"@type\":\"ImageObject\",\"inLanguage\":\"es\",\"@id\":\"https:\\\/\\\/eduvic.coop\\\/es\\\/escuela-talleres-y-grupos-de-padres-y-madres\\\/#primaryimage\",\"url\":\"https:\\\/\\\/eduvic.coop\\\/wp-content\\\/uploads\\\/2016\\\/01\\\/2.jpg\",\"contentUrl\":\"https:\\\/\\\/eduvic.coop\\\/wp-content\\\/uploads\\\/2016\\\/01\\\/2.jpg\",\"width\":377,\"height\":62},{\"@type\":\"BreadcrumbList\",\"@id\":\"https:\\\/\\\/eduvic.coop\\\/es\\\/escuela-talleres-y-grupos-de-padres-y-madres\\\/#breadcrumb\",\"itemListElement\":[{\"@type\":\"ListItem\",\"position\":1,\"name\":\"Inici\",\"item\":\"https:\\\/\\\/eduvic.coop\\\/es\\\/\"},{\"@type\":\"ListItem\",\"position\":2,\"name\":\"Escuela, talleres y grupos de padres y madres\"}]},{\"@type\":\"WebSite\",\"@id\":\"https:\\\/\\\/eduvic.coop\\\/es\\\/#website\",\"url\":\"https:\\\/\\\/eduvic.coop\\\/es\\\/\",\"name\":\"EDUVIC\",\"description\":\"\",\"publisher\":{\"@id\":\"https:\\\/\\\/eduvic.coop\\\/es\\\/#organization\"},\"potentialAction\":[{\"@type\":\"SearchAction\",\"target\":{\"@type\":\"EntryPoint\",\"urlTemplate\":\"https:\\\/\\\/eduvic.coop\\\/es\\\/?s={search_term_string}\"},\"query-input\":{\"@type\":\"PropertyValueSpecification\",\"valueRequired\":true,\"valueName\":\"search_term_string\"}}],\"inLanguage\":\"es\"},{\"@type\":\"Organization\",\"@id\":\"https:\\\/\\\/eduvic.coop\\\/es\\\/#organization\",\"name\":\"EDUVIC\",\"url\":\"https:\\\/\\\/eduvic.coop\\\/es\\\/\",\"logo\":{\"@type\":\"ImageObject\",\"inLanguage\":\"es\",\"@id\":\"https:\\\/\\\/eduvic.coop\\\/es\\\/#\\\/schema\\\/logo\\\/image\\\/\",\"url\":\"https:\\\/\\\/eduvic.coop\\\/wp-content\\\/uploads\\\/2024\\\/12\\\/cropped-EDUVIC-1.png\",\"contentUrl\":\"https:\\\/\\\/eduvic.coop\\\/wp-content\\\/uploads\\\/2024\\\/12\\\/cropped-EDUVIC-1.png\",\"width\":4440,\"height\":1743,\"caption\":\"EDUVIC\"},\"image\":{\"@id\":\"https:\\\/\\\/eduvic.coop\\\/es\\\/#\\\/schema\\\/logo\\\/image\\\/\"}},{\"@type\":\"Person\",\"@id\":\"https:\\\/\\\/eduvic.coop\\\/es\\\/#\\\/schema\\\/person\\\/379e3651162f93b09e21bb3f8accd8b7\",\"name\":\"MAD Systems, SCCL\",\"image\":{\"@type\":\"ImageObject\",\"inLanguage\":\"es\",\"@id\":\"https:\\\/\\\/secure.gravatar.com\\\/avatar\\\/5116f7ad06d3420ede2d61afd6c51617cf548ad86d0b2a506fab574f6a457171?s=96&d=mm&r=g\",\"url\":\"https:\\\/\\\/secure.gravatar.com\\\/avatar\\\/5116f7ad06d3420ede2d61afd6c51617cf548ad86d0b2a506fab574f6a457171?s=96&d=mm&r=g\",\"contentUrl\":\"https:\\\/\\\/secure.gravatar.com\\\/avatar\\\/5116f7ad06d3420ede2d61afd6c51617cf548ad86d0b2a506fab574f6a457171?s=96&d=mm&r=g\",\"caption\":\"MAD Systems, SCCL\"},\"sameAs\":[\"https:\\\/\\\/eduvic.coop\"],\"url\":\"https:\\\/\\\/eduvic.coop\\\/es\\\/author\\\/madsystems\\\/\"}]}<\/script>\n<!-- \/ Yoast SEO plugin. -->","yoast_head_json":{"title":"Escuela, talleres y grupos de padres y madres - EDUVIC","robots":{"index":"index","follow":"follow","max-snippet":"max-snippet:-1","max-image-preview":"max-image-preview:large","max-video-preview":"max-video-preview:-1"},"canonical":"https:\/\/eduvic.coop\/es\/escuela-talleres-y-grupos-de-padres-y-madres\/","og_locale":"es_ES","og_type":"article","og_title":"Escuela, talleres y grupos de padres y madres - EDUVIC","og_description":"... Leer m\u00e1s","og_url":"https:\/\/eduvic.coop\/es\/escuela-talleres-y-grupos-de-padres-y-madres\/","og_site_name":"EDUVIC","article_published_time":"2016-01-25T07:12:54+00:00","article_modified_time":"2022-02-10T11:38:41+00:00","og_image":[{"width":377,"height":62,"url":"https:\/\/eduvic.coop\/wp-content\/uploads\/2016\/01\/2.jpg","type":"image\/jpeg"}],"author":"MAD Systems, SCCL","twitter_card":"summary_large_image","twitter_misc":{"Escrito por":"MAD Systems, SCCL","Tiempo de lectura":"5 minutos"},"schema":{"@context":"https:\/\/schema.org","@graph":[{"@type":"Article","@id":"https:\/\/eduvic.coop\/es\/escuela-talleres-y-grupos-de-padres-y-madres\/#article","isPartOf":{"@id":"https:\/\/eduvic.coop\/es\/escuela-talleres-y-grupos-de-padres-y-madres\/"},"author":{"name":"MAD Systems, SCCL","@id":"https:\/\/eduvic.coop\/es\/#\/schema\/person\/379e3651162f93b09e21bb3f8accd8b7"},"headline":"Escuela, talleres y grupos de padres y madres","datePublished":"2016-01-25T07:12:54+00:00","dateModified":"2022-02-10T11:38:41+00:00","mainEntityOfPage":{"@id":"https:\/\/eduvic.coop\/es\/escuela-talleres-y-grupos-de-padres-y-madres\/"},"wordCount":1019,"publisher":{"@id":"https:\/\/eduvic.coop\/es\/#organization"},"image":{"@id":"https:\/\/eduvic.coop\/es\/escuela-talleres-y-grupos-de-padres-y-madres\/#primaryimage"},"thumbnailUrl":"https:\/\/eduvic.coop\/wp-content\/uploads\/2016\/01\/2.jpg","articleSection":["Sin categorizar"],"inLanguage":"es"},{"@type":"WebPage","@id":"https:\/\/eduvic.coop\/es\/escuela-talleres-y-grupos-de-padres-y-madres\/","url":"https:\/\/eduvic.coop\/es\/escuela-talleres-y-grupos-de-padres-y-madres\/","name":"Escuela, talleres y grupos de padres y madres - EDUVIC","isPartOf":{"@id":"https:\/\/eduvic.coop\/es\/#website"},"primaryImageOfPage":{"@id":"https:\/\/eduvic.coop\/es\/escuela-talleres-y-grupos-de-padres-y-madres\/#primaryimage"},"image":{"@id":"https:\/\/eduvic.coop\/es\/escuela-talleres-y-grupos-de-padres-y-madres\/#primaryimage"},"thumbnailUrl":"https:\/\/eduvic.coop\/wp-content\/uploads\/2016\/01\/2.jpg","datePublished":"2016-01-25T07:12:54+00:00","dateModified":"2022-02-10T11:38:41+00:00","breadcrumb":{"@id":"https:\/\/eduvic.coop\/es\/escuela-talleres-y-grupos-de-padres-y-madres\/#breadcrumb"},"inLanguage":"es","potentialAction":[{"@type":"ReadAction","target":["https:\/\/eduvic.coop\/es\/escuela-talleres-y-grupos-de-padres-y-madres\/"]}]},{"@type":"ImageObject","inLanguage":"es","@id":"https:\/\/eduvic.coop\/es\/escuela-talleres-y-grupos-de-padres-y-madres\/#primaryimage","url":"https:\/\/eduvic.coop\/wp-content\/uploads\/2016\/01\/2.jpg","contentUrl":"https:\/\/eduvic.coop\/wp-content\/uploads\/2016\/01\/2.jpg","width":377,"height":62},{"@type":"BreadcrumbList","@id":"https:\/\/eduvic.coop\/es\/escuela-talleres-y-grupos-de-padres-y-madres\/#breadcrumb","itemListElement":[{"@type":"ListItem","position":1,"name":"Inici","item":"https:\/\/eduvic.coop\/es\/"},{"@type":"ListItem","position":2,"name":"Escuela, talleres y grupos de padres y madres"}]},{"@type":"WebSite","@id":"https:\/\/eduvic.coop\/es\/#website","url":"https:\/\/eduvic.coop\/es\/","name":"EDUVIC","description":"","publisher":{"@id":"https:\/\/eduvic.coop\/es\/#organization"},"potentialAction":[{"@type":"SearchAction","target":{"@type":"EntryPoint","urlTemplate":"https:\/\/eduvic.coop\/es\/?s={search_term_string}"},"query-input":{"@type":"PropertyValueSpecification","valueRequired":true,"valueName":"search_term_string"}}],"inLanguage":"es"},{"@type":"Organization","@id":"https:\/\/eduvic.coop\/es\/#organization","name":"EDUVIC","url":"https:\/\/eduvic.coop\/es\/","logo":{"@type":"ImageObject","inLanguage":"es","@id":"https:\/\/eduvic.coop\/es\/#\/schema\/logo\/image\/","url":"https:\/\/eduvic.coop\/wp-content\/uploads\/2024\/12\/cropped-EDUVIC-1.png","contentUrl":"https:\/\/eduvic.coop\/wp-content\/uploads\/2024\/12\/cropped-EDUVIC-1.png","width":4440,"height":1743,"caption":"EDUVIC"},"image":{"@id":"https:\/\/eduvic.coop\/es\/#\/schema\/logo\/image\/"}},{"@type":"Person","@id":"https:\/\/eduvic.coop\/es\/#\/schema\/person\/379e3651162f93b09e21bb3f8accd8b7","name":"MAD Systems, SCCL","image":{"@type":"ImageObject","inLanguage":"es","@id":"https:\/\/secure.gravatar.com\/avatar\/5116f7ad06d3420ede2d61afd6c51617cf548ad86d0b2a506fab574f6a457171?s=96&d=mm&r=g","url":"https:\/\/secure.gravatar.com\/avatar\/5116f7ad06d3420ede2d61afd6c51617cf548ad86d0b2a506fab574f6a457171?s=96&d=mm&r=g","contentUrl":"https:\/\/secure.gravatar.com\/avatar\/5116f7ad06d3420ede2d61afd6c51617cf548ad86d0b2a506fab574f6a457171?s=96&d=mm&r=g","caption":"MAD Systems, SCCL"},"sameAs":["https:\/\/eduvic.coop"],"url":"https:\/\/eduvic.coop\/es\/author\/madsystems\/"}]}},"_links":{"self":[{"href":"https:\/\/eduvic.coop\/es\/wp-json\/wp\/v2\/posts\/2199","targetHints":{"allow":["GET"]}}],"collection":[{"href":"https:\/\/eduvic.coop\/es\/wp-json\/wp\/v2\/posts"}],"about":[{"href":"https:\/\/eduvic.coop\/es\/wp-json\/wp\/v2\/types\/post"}],"author":[{"embeddable":true,"href":"https:\/\/eduvic.coop\/es\/wp-json\/wp\/v2\/users\/1"}],"replies":[{"embeddable":true,"href":"https:\/\/eduvic.coop\/es\/wp-json\/wp\/v2\/comments?post=2199"}],"version-history":[{"count":1,"href":"https:\/\/eduvic.coop\/es\/wp-json\/wp\/v2\/posts\/2199\/revisions"}],"predecessor-version":[{"id":6931,"href":"https:\/\/eduvic.coop\/es\/wp-json\/wp\/v2\/posts\/2199\/revisions\/6931"}],"wp:featuredmedia":[{"embeddable":true,"href":"https:\/\/eduvic.coop\/es\/wp-json\/wp\/v2\/media\/1310"}],"wp:attachment":[{"href":"https:\/\/eduvic.coop\/es\/wp-json\/wp\/v2\/media?parent=2199"}],"wp:term":[{"taxonomy":"category","embeddable":true,"href":"https:\/\/eduvic.coop\/es\/wp-json\/wp\/v2\/categories?post=2199"},{"taxonomy":"post_tag","embeddable":true,"href":"https:\/\/eduvic.coop\/es\/wp-json\/wp\/v2\/tags?post=2199"}],"curies":[{"name":"wp","href":"https:\/\/api.w.org\/{rel}","templated":true}]}}