{"id":1036,"date":"2016-01-25T08:45:41","date_gmt":"2016-01-25T06:45:41","guid":{"rendered":"http:\/\/eduvic.coop\/?p=1036&#038;lang=es"},"modified":"2022-02-10T14:15:02","modified_gmt":"2022-02-10T12:15:02","slug":"centros-residenciales-maternales-para-madres-adolescentes","status":"publish","type":"post","link":"https:\/\/eduvic.coop\/es\/centros-residenciales-maternales-para-madres-adolescentes\/","title":{"rendered":"Centros residenciales maternales para madres adolescentes"},"content":{"rendered":"<div class=\"wpb-content-wrapper\"><p>[vc_row][vc_column][vc_empty_space height=&#8221;20px&#8221;][dt_call_to_action background=&#8221;plain&#8221; line=&#8221;true&#8221;]<br \/>\n<span style=\"color: #ffffff;\">Los centros residenciales maternales son un recurso de acogida que ofrece un espacio educativo de inserci\u00f3n social y laboral, a j\u00f3venes-menores de edad-embarazadas o madres con sus hijos que, por su situaci\u00f3n de abandono y ante la imposibilidad, temporal o definitiva, de convivir en su n\u00facleo familiar, necesitan de un recurso para educarse temporalmente de una manera integral y compensadora.<\/span><br \/>\n[\/dt_call_to_action][\/vc_column][\/vc_row][vc_row][vc_column][vc_empty_space][dt_fancy_title title=&#8221;A qui\u00e9n va dirigido&#8221; title_align=&#8221;left&#8221; title_size=&#8221;h3&#8243; title_color=&#8221;accent&#8221; separator_color=&#8221;accent&#8221;][vc_empty_space height=&#8221;20px&#8221;][\/vc_column][\/vc_row][vc_row][vc_column][vc_row_inner][vc_column_inner css=&#8221;.vc_custom_1453109547852{margin-left: 25px !important;}&#8221;][dt_vc_list dividers=&#8221;false&#8221;]<\/p>\n<ul>\n<li>Administraci\u00f3n Auton\u00f3mica. Direcci\u00f3n General de Atenci\u00f3n a la infancia y la adolescencia<\/li>\n<\/ul>\n<p>[\/dt_vc_list][\/vc_column_inner][\/vc_row_inner][\/vc_column][\/vc_row][vc_row][vc_column][vc_empty_space][dt_fancy_title title=&#8221;Qu\u00e9 ofrecen&#8221; title_align=&#8221;left&#8221; title_size=&#8221;h3&#8243; title_color=&#8221;accent&#8221; separator_color=&#8221;accent&#8221;][vc_empty_space height=&#8221;20px&#8221;][\/vc_column][\/vc_row][vc_row][vc_column][vc_row_inner][vc_column_inner css=&#8221;.vc_custom_1449224850520{margin-left: 25px !important;}&#8221;][dt_vc_list dividers=&#8221;false&#8221;]<\/p>\n<ul>\n<li><span style=\"color: #800000;\"><strong>Trabajo desde la vertiente materna y familiar:<\/strong><\/span> se trabaja con cada adolescente la responsabilidad que implica la maternidad y se valora la viabilidad de la misma &#8211; trabajando la separaci\u00f3n madre-hijos en los casos que no sea viable.\u00a0En el caso de las chicas que quieren desarrollar su rol materno se las acompa\u00f1a en su maternaje y para que puedan crear un marco familiar estable y aut\u00f3nomo para ellas y sus hijos\/as. Se realiza un trabajo terap\u00e9utico con las menores y sus familias con el objetivo de lograr una relaci\u00f3n familiar lo m\u00e1s funcional posible.<\/li>\n<li><span style=\"color: #800000;\"><strong>Educaci\u00f3n integral:<\/strong><\/span> Proteger, educar y favorecer el crecimiento integral de las adolescentes atendidas desde el trato individualizado, lo cotidiano y el afecto.<\/li>\n<li><span style=\"color: #800000;\"><strong>Participaci\u00f3n activa:<\/strong><\/span> Favorecer la participaci\u00f3n activa de las adolescentes en sus procesos educativos a nivel familiar, formativo y l\u00fadico, para que puedan crecer en autonom\u00eda y logren su inserci\u00f3n social y laboral.<\/li>\n<li><span style=\"color: #800000;\"><strong>Participaci\u00f3n comunitaria:<\/strong><\/span> Integraci\u00f3n en las comisiones de juventud y en los planes comunitarios de la localidad para favorecer la participaci\u00f3n de los ni\u00f1os y los adolescentes en las actividades del territorio.<\/li>\n<li><strong><span style=\"color: #800000;\">Seguimiento t\u00e9cnico:<\/span><\/strong> acompa\u00f1amiento en la gesti\u00f3n t\u00e9cnica para la mejora y la optimizaci\u00f3n de la acci\u00f3n educativa, terap\u00e9utica y organizativa. Identificaci\u00f3n de los aspectos positivos y buenas pr\u00e1cticas.<\/li>\n<li><strong><span style=\"color: #800000;\">Supervisi\u00f3n de casos y de equipos:<\/span> <\/strong>Revisi\u00f3n, an\u00e1lisis y estudio de la intervenci\u00f3n profesional en los casos. Revisi\u00f3n de la intervenci\u00f3n del equipo para compartir una misma metodolog\u00eda y mejorar la cohesi\u00f3n.<\/li>\n<\/ul>\n<p>[\/dt_vc_list][\/vc_column_inner][\/vc_row_inner][\/vc_column][\/vc_row][vc_row][vc_column width=&#8221;1\/2&#8243;][vc_empty_space][dt_fancy_title title=&#8221;Residencias maternales gestionadas por EDUVIC&#8221; title_size=&#8221;h4&#8243; title_color=&#8221;accent&#8221; separator_color=&#8221;accent&#8221;][vc_empty_space height=&#8221;20px&#8221;][vc_basic_grid post_type=&#8221;ids&#8221; element_width=&#8221;12&#8243; item=&#8221;714&#8243; grid_id=&#8221;vc_gid:1454067317689-dcdf27df-5896-10&#8243; include=&#8221;813&#8243;][vc_empty_space height=&#8221;20px&#8221;][dt_fancy_title title=&#8221;Otros servicios residenciales gestionados por EDUVIC&#8221; title_size=&#8221;h4&#8243; title_color=&#8221;accent&#8221; separator_color=&#8221;accent&#8221;][vc_empty_space height=&#8221;20px&#8221;][vc_basic_grid post_type=&#8221;ids&#8221; element_width=&#8221;12&#8243; item=&#8221;714&#8243; grid_id=&#8221;vc_gid:1454067552306-e871d79f-6044-5&#8243; include=&#8221;890, 805&#8243;][vc_empty_space height=&#8221;20px&#8221;][\/vc_column][vc_column width=&#8221;1\/2&#8243;][vc_empty_space][dt_fancy_title title=&#8221;Persona de contacto&#8221; title_size=&#8221;h4&#8243; title_color=&#8221;accent&#8221; separator_color=&#8221;accent&#8221;][vc_empty_space height=&#8221;20px&#8221;][vc_basic_grid post_type=&#8221;ids&#8221; element_width=&#8221;12&#8243; item=&#8221;1777&#8243; grid_id=&#8221;vc_gid:1454317224163-f1d5367d-da3e-9&#8243; include=&#8221;1406&#8243;][\/vc_column][\/vc_row]<\/p>\n<\/div>","protected":false},"excerpt":{"rendered":"<p> &#8230; <\/p>\n<p class=\"read-more-container\"><a title=\"Centros residenciales maternales para madres adolescentes\" class=\"read-more button\" href=\"https:\/\/eduvic.coop\/es\/centros-residenciales-maternales-para-madres-adolescentes\/#more-1036\" aria-label=\"Leer m\u00e1s sobre Centros residenciales maternales para madres adolescentes\">Leer m\u00e1s<\/a><\/p>\n","protected":false},"author":1,"featured_media":1314,"comment_status":"closed","ping_status":"closed","sticky":false,"template":"","format":"standard","meta":{"footnotes":""},"categories":[54,53],"tags":[],"class_list":["post-1036","post","type-post","status-publish","format-standard","has-post-thumbnail","hentry","category-infancia-adolescencia","category-noticias-es","generate-columns","tablet-grid-50","mobile-grid-100","grid-parent","grid-50","no-featured-image-padding"],"yoast_head":"<!-- This site is optimized with the Yoast SEO plugin v27.4 - https:\/\/yoast.com\/product\/yoast-seo-wordpress\/ -->\n<title>Centros residenciales maternales para madres adolescentes - EDUVIC<\/title>\n<meta name=\"robots\" content=\"index, follow, max-snippet:-1, max-image-preview:large, max-video-preview:-1\" \/>\n<link rel=\"canonical\" href=\"https:\/\/eduvic.coop\/es\/centros-residenciales-maternales-para-madres-adolescentes\/\" \/>\n<meta property=\"og:locale\" content=\"es_ES\" \/>\n<meta property=\"og:type\" content=\"article\" \/>\n<meta property=\"og:title\" content=\"Centros residenciales maternales para madres adolescentes - EDUVIC\" \/>\n<meta property=\"og:description\" content=\"... Leer m\u00e1s\" \/>\n<meta property=\"og:url\" content=\"https:\/\/eduvic.coop\/es\/centros-residenciales-maternales-para-madres-adolescentes\/\" \/>\n<meta property=\"og:site_name\" content=\"EDUVIC\" \/>\n<meta property=\"article:published_time\" content=\"2016-01-25T06:45:41+00:00\" \/>\n<meta property=\"article:modified_time\" content=\"2022-02-10T12:15:02+00:00\" \/>\n<meta property=\"og:image\" content=\"https:\/\/eduvic.coop\/wp-content\/uploads\/2016\/01\/6.jpg\" \/>\n\t<meta property=\"og:image:width\" content=\"377\" \/>\n\t<meta property=\"og:image:height\" content=\"62\" \/>\n\t<meta property=\"og:image:type\" content=\"image\/jpeg\" \/>\n<meta name=\"author\" content=\"MAD Systems, SCCL\" \/>\n<meta name=\"twitter:card\" content=\"summary_large_image\" \/>\n<meta name=\"twitter:label1\" content=\"Escrito por\" \/>\n\t<meta name=\"twitter:data1\" content=\"MAD Systems, SCCL\" \/>\n\t<meta name=\"twitter:label2\" content=\"Tiempo de lectura\" \/>\n\t<meta name=\"twitter:data2\" content=\"3 minutos\" \/>\n<script type=\"application\/ld+json\" class=\"yoast-schema-graph\">{\"@context\":\"https:\\\/\\\/schema.org\",\"@graph\":[{\"@type\":\"Article\",\"@id\":\"https:\\\/\\\/eduvic.coop\\\/es\\\/centros-residenciales-maternales-para-madres-adolescentes\\\/#article\",\"isPartOf\":{\"@id\":\"https:\\\/\\\/eduvic.coop\\\/es\\\/centros-residenciales-maternales-para-madres-adolescentes\\\/\"},\"author\":{\"name\":\"MAD Systems, SCCL\",\"@id\":\"https:\\\/\\\/eduvic.coop\\\/es\\\/#\\\/schema\\\/person\\\/379e3651162f93b09e21bb3f8accd8b7\"},\"headline\":\"Centros residenciales maternales para madres adolescentes\",\"datePublished\":\"2016-01-25T06:45:41+00:00\",\"dateModified\":\"2022-02-10T12:15:02+00:00\",\"mainEntityOfPage\":{\"@id\":\"https:\\\/\\\/eduvic.coop\\\/es\\\/centros-residenciales-maternales-para-madres-adolescentes\\\/\"},\"wordCount\":675,\"publisher\":{\"@id\":\"https:\\\/\\\/eduvic.coop\\\/es\\\/#organization\"},\"image\":{\"@id\":\"https:\\\/\\\/eduvic.coop\\\/es\\\/centros-residenciales-maternales-para-madres-adolescentes\\\/#primaryimage\"},\"thumbnailUrl\":\"https:\\\/\\\/eduvic.coop\\\/wp-content\\\/uploads\\\/2016\\\/01\\\/6.jpg\",\"articleSection\":[\"Infancia y adolescencia\",\"Noticias\"],\"inLanguage\":\"es\"},{\"@type\":\"WebPage\",\"@id\":\"https:\\\/\\\/eduvic.coop\\\/es\\\/centros-residenciales-maternales-para-madres-adolescentes\\\/\",\"url\":\"https:\\\/\\\/eduvic.coop\\\/es\\\/centros-residenciales-maternales-para-madres-adolescentes\\\/\",\"name\":\"Centros residenciales maternales para madres adolescentes - EDUVIC\",\"isPartOf\":{\"@id\":\"https:\\\/\\\/eduvic.coop\\\/es\\\/#website\"},\"primaryImageOfPage\":{\"@id\":\"https:\\\/\\\/eduvic.coop\\\/es\\\/centros-residenciales-maternales-para-madres-adolescentes\\\/#primaryimage\"},\"image\":{\"@id\":\"https:\\\/\\\/eduvic.coop\\\/es\\\/centros-residenciales-maternales-para-madres-adolescentes\\\/#primaryimage\"},\"thumbnailUrl\":\"https:\\\/\\\/eduvic.coop\\\/wp-content\\\/uploads\\\/2016\\\/01\\\/6.jpg\",\"datePublished\":\"2016-01-25T06:45:41+00:00\",\"dateModified\":\"2022-02-10T12:15:02+00:00\",\"breadcrumb\":{\"@id\":\"https:\\\/\\\/eduvic.coop\\\/es\\\/centros-residenciales-maternales-para-madres-adolescentes\\\/#breadcrumb\"},\"inLanguage\":\"es\",\"potentialAction\":[{\"@type\":\"ReadAction\",\"target\":[\"https:\\\/\\\/eduvic.coop\\\/es\\\/centros-residenciales-maternales-para-madres-adolescentes\\\/\"]}]},{\"@type\":\"ImageObject\",\"inLanguage\":\"es\",\"@id\":\"https:\\\/\\\/eduvic.coop\\\/es\\\/centros-residenciales-maternales-para-madres-adolescentes\\\/#primaryimage\",\"url\":\"https:\\\/\\\/eduvic.coop\\\/wp-content\\\/uploads\\\/2016\\\/01\\\/6.jpg\",\"contentUrl\":\"https:\\\/\\\/eduvic.coop\\\/wp-content\\\/uploads\\\/2016\\\/01\\\/6.jpg\",\"width\":377,\"height\":62},{\"@type\":\"BreadcrumbList\",\"@id\":\"https:\\\/\\\/eduvic.coop\\\/es\\\/centros-residenciales-maternales-para-madres-adolescentes\\\/#breadcrumb\",\"itemListElement\":[{\"@type\":\"ListItem\",\"position\":1,\"name\":\"Inici\",\"item\":\"https:\\\/\\\/eduvic.coop\\\/es\\\/\"},{\"@type\":\"ListItem\",\"position\":2,\"name\":\"Centros residenciales maternales para madres adolescentes\"}]},{\"@type\":\"WebSite\",\"@id\":\"https:\\\/\\\/eduvic.coop\\\/es\\\/#website\",\"url\":\"https:\\\/\\\/eduvic.coop\\\/es\\\/\",\"name\":\"EDUVIC\",\"description\":\"\",\"publisher\":{\"@id\":\"https:\\\/\\\/eduvic.coop\\\/es\\\/#organization\"},\"potentialAction\":[{\"@type\":\"SearchAction\",\"target\":{\"@type\":\"EntryPoint\",\"urlTemplate\":\"https:\\\/\\\/eduvic.coop\\\/es\\\/?s={search_term_string}\"},\"query-input\":{\"@type\":\"PropertyValueSpecification\",\"valueRequired\":true,\"valueName\":\"search_term_string\"}}],\"inLanguage\":\"es\"},{\"@type\":\"Organization\",\"@id\":\"https:\\\/\\\/eduvic.coop\\\/es\\\/#organization\",\"name\":\"EDUVIC\",\"url\":\"https:\\\/\\\/eduvic.coop\\\/es\\\/\",\"logo\":{\"@type\":\"ImageObject\",\"inLanguage\":\"es\",\"@id\":\"https:\\\/\\\/eduvic.coop\\\/es\\\/#\\\/schema\\\/logo\\\/image\\\/\",\"url\":\"https:\\\/\\\/eduvic.coop\\\/wp-content\\\/uploads\\\/2024\\\/12\\\/cropped-EDUVIC-1.png\",\"contentUrl\":\"https:\\\/\\\/eduvic.coop\\\/wp-content\\\/uploads\\\/2024\\\/12\\\/cropped-EDUVIC-1.png\",\"width\":4440,\"height\":1743,\"caption\":\"EDUVIC\"},\"image\":{\"@id\":\"https:\\\/\\\/eduvic.coop\\\/es\\\/#\\\/schema\\\/logo\\\/image\\\/\"}},{\"@type\":\"Person\",\"@id\":\"https:\\\/\\\/eduvic.coop\\\/es\\\/#\\\/schema\\\/person\\\/379e3651162f93b09e21bb3f8accd8b7\",\"name\":\"MAD Systems, SCCL\",\"image\":{\"@type\":\"ImageObject\",\"inLanguage\":\"es\",\"@id\":\"https:\\\/\\\/secure.gravatar.com\\\/avatar\\\/5116f7ad06d3420ede2d61afd6c51617cf548ad86d0b2a506fab574f6a457171?s=96&d=mm&r=g\",\"url\":\"https:\\\/\\\/secure.gravatar.com\\\/avatar\\\/5116f7ad06d3420ede2d61afd6c51617cf548ad86d0b2a506fab574f6a457171?s=96&d=mm&r=g\",\"contentUrl\":\"https:\\\/\\\/secure.gravatar.com\\\/avatar\\\/5116f7ad06d3420ede2d61afd6c51617cf548ad86d0b2a506fab574f6a457171?s=96&d=mm&r=g\",\"caption\":\"MAD Systems, SCCL\"},\"sameAs\":[\"https:\\\/\\\/eduvic.coop\"],\"url\":\"https:\\\/\\\/eduvic.coop\\\/es\\\/author\\\/madsystems\\\/\"}]}<\/script>\n<!-- \/ Yoast SEO plugin. -->","yoast_head_json":{"title":"Centros residenciales maternales para madres adolescentes - EDUVIC","robots":{"index":"index","follow":"follow","max-snippet":"max-snippet:-1","max-image-preview":"max-image-preview:large","max-video-preview":"max-video-preview:-1"},"canonical":"https:\/\/eduvic.coop\/es\/centros-residenciales-maternales-para-madres-adolescentes\/","og_locale":"es_ES","og_type":"article","og_title":"Centros residenciales maternales para madres adolescentes - EDUVIC","og_description":"... Leer m\u00e1s","og_url":"https:\/\/eduvic.coop\/es\/centros-residenciales-maternales-para-madres-adolescentes\/","og_site_name":"EDUVIC","article_published_time":"2016-01-25T06:45:41+00:00","article_modified_time":"2022-02-10T12:15:02+00:00","og_image":[{"width":377,"height":62,"url":"https:\/\/eduvic.coop\/wp-content\/uploads\/2016\/01\/6.jpg","type":"image\/jpeg"}],"author":"MAD Systems, SCCL","twitter_card":"summary_large_image","twitter_misc":{"Escrito por":"MAD Systems, SCCL","Tiempo de lectura":"3 minutos"},"schema":{"@context":"https:\/\/schema.org","@graph":[{"@type":"Article","@id":"https:\/\/eduvic.coop\/es\/centros-residenciales-maternales-para-madres-adolescentes\/#article","isPartOf":{"@id":"https:\/\/eduvic.coop\/es\/centros-residenciales-maternales-para-madres-adolescentes\/"},"author":{"name":"MAD Systems, SCCL","@id":"https:\/\/eduvic.coop\/es\/#\/schema\/person\/379e3651162f93b09e21bb3f8accd8b7"},"headline":"Centros residenciales maternales para madres adolescentes","datePublished":"2016-01-25T06:45:41+00:00","dateModified":"2022-02-10T12:15:02+00:00","mainEntityOfPage":{"@id":"https:\/\/eduvic.coop\/es\/centros-residenciales-maternales-para-madres-adolescentes\/"},"wordCount":675,"publisher":{"@id":"https:\/\/eduvic.coop\/es\/#organization"},"image":{"@id":"https:\/\/eduvic.coop\/es\/centros-residenciales-maternales-para-madres-adolescentes\/#primaryimage"},"thumbnailUrl":"https:\/\/eduvic.coop\/wp-content\/uploads\/2016\/01\/6.jpg","articleSection":["Infancia y adolescencia","Noticias"],"inLanguage":"es"},{"@type":"WebPage","@id":"https:\/\/eduvic.coop\/es\/centros-residenciales-maternales-para-madres-adolescentes\/","url":"https:\/\/eduvic.coop\/es\/centros-residenciales-maternales-para-madres-adolescentes\/","name":"Centros residenciales maternales para madres adolescentes - EDUVIC","isPartOf":{"@id":"https:\/\/eduvic.coop\/es\/#website"},"primaryImageOfPage":{"@id":"https:\/\/eduvic.coop\/es\/centros-residenciales-maternales-para-madres-adolescentes\/#primaryimage"},"image":{"@id":"https:\/\/eduvic.coop\/es\/centros-residenciales-maternales-para-madres-adolescentes\/#primaryimage"},"thumbnailUrl":"https:\/\/eduvic.coop\/wp-content\/uploads\/2016\/01\/6.jpg","datePublished":"2016-01-25T06:45:41+00:00","dateModified":"2022-02-10T12:15:02+00:00","breadcrumb":{"@id":"https:\/\/eduvic.coop\/es\/centros-residenciales-maternales-para-madres-adolescentes\/#breadcrumb"},"inLanguage":"es","potentialAction":[{"@type":"ReadAction","target":["https:\/\/eduvic.coop\/es\/centros-residenciales-maternales-para-madres-adolescentes\/"]}]},{"@type":"ImageObject","inLanguage":"es","@id":"https:\/\/eduvic.coop\/es\/centros-residenciales-maternales-para-madres-adolescentes\/#primaryimage","url":"https:\/\/eduvic.coop\/wp-content\/uploads\/2016\/01\/6.jpg","contentUrl":"https:\/\/eduvic.coop\/wp-content\/uploads\/2016\/01\/6.jpg","width":377,"height":62},{"@type":"BreadcrumbList","@id":"https:\/\/eduvic.coop\/es\/centros-residenciales-maternales-para-madres-adolescentes\/#breadcrumb","itemListElement":[{"@type":"ListItem","position":1,"name":"Inici","item":"https:\/\/eduvic.coop\/es\/"},{"@type":"ListItem","position":2,"name":"Centros residenciales maternales para madres adolescentes"}]},{"@type":"WebSite","@id":"https:\/\/eduvic.coop\/es\/#website","url":"https:\/\/eduvic.coop\/es\/","name":"EDUVIC","description":"","publisher":{"@id":"https:\/\/eduvic.coop\/es\/#organization"},"potentialAction":[{"@type":"SearchAction","target":{"@type":"EntryPoint","urlTemplate":"https:\/\/eduvic.coop\/es\/?s={search_term_string}"},"query-input":{"@type":"PropertyValueSpecification","valueRequired":true,"valueName":"search_term_string"}}],"inLanguage":"es"},{"@type":"Organization","@id":"https:\/\/eduvic.coop\/es\/#organization","name":"EDUVIC","url":"https:\/\/eduvic.coop\/es\/","logo":{"@type":"ImageObject","inLanguage":"es","@id":"https:\/\/eduvic.coop\/es\/#\/schema\/logo\/image\/","url":"https:\/\/eduvic.coop\/wp-content\/uploads\/2024\/12\/cropped-EDUVIC-1.png","contentUrl":"https:\/\/eduvic.coop\/wp-content\/uploads\/2024\/12\/cropped-EDUVIC-1.png","width":4440,"height":1743,"caption":"EDUVIC"},"image":{"@id":"https:\/\/eduvic.coop\/es\/#\/schema\/logo\/image\/"}},{"@type":"Person","@id":"https:\/\/eduvic.coop\/es\/#\/schema\/person\/379e3651162f93b09e21bb3f8accd8b7","name":"MAD Systems, SCCL","image":{"@type":"ImageObject","inLanguage":"es","@id":"https:\/\/secure.gravatar.com\/avatar\/5116f7ad06d3420ede2d61afd6c51617cf548ad86d0b2a506fab574f6a457171?s=96&d=mm&r=g","url":"https:\/\/secure.gravatar.com\/avatar\/5116f7ad06d3420ede2d61afd6c51617cf548ad86d0b2a506fab574f6a457171?s=96&d=mm&r=g","contentUrl":"https:\/\/secure.gravatar.com\/avatar\/5116f7ad06d3420ede2d61afd6c51617cf548ad86d0b2a506fab574f6a457171?s=96&d=mm&r=g","caption":"MAD Systems, SCCL"},"sameAs":["https:\/\/eduvic.coop"],"url":"https:\/\/eduvic.coop\/es\/author\/madsystems\/"}]}},"_links":{"self":[{"href":"https:\/\/eduvic.coop\/es\/wp-json\/wp\/v2\/posts\/1036","targetHints":{"allow":["GET"]}}],"collection":[{"href":"https:\/\/eduvic.coop\/es\/wp-json\/wp\/v2\/posts"}],"about":[{"href":"https:\/\/eduvic.coop\/es\/wp-json\/wp\/v2\/types\/post"}],"author":[{"embeddable":true,"href":"https:\/\/eduvic.coop\/es\/wp-json\/wp\/v2\/users\/1"}],"replies":[{"embeddable":true,"href":"https:\/\/eduvic.coop\/es\/wp-json\/wp\/v2\/comments?post=1036"}],"version-history":[{"count":2,"href":"https:\/\/eduvic.coop\/es\/wp-json\/wp\/v2\/posts\/1036\/revisions"}],"predecessor-version":[{"id":6952,"href":"https:\/\/eduvic.coop\/es\/wp-json\/wp\/v2\/posts\/1036\/revisions\/6952"}],"wp:featuredmedia":[{"embeddable":true,"href":"https:\/\/eduvic.coop\/es\/wp-json\/wp\/v2\/media\/1314"}],"wp:attachment":[{"href":"https:\/\/eduvic.coop\/es\/wp-json\/wp\/v2\/media?parent=1036"}],"wp:term":[{"taxonomy":"category","embeddable":true,"href":"https:\/\/eduvic.coop\/es\/wp-json\/wp\/v2\/categories?post=1036"},{"taxonomy":"post_tag","embeddable":true,"href":"https:\/\/eduvic.coop\/es\/wp-json\/wp\/v2\/tags?post=1036"}],"curies":[{"name":"wp","href":"https:\/\/api.w.org\/{rel}","templated":true}]}}